{"id":133102,"date":"2025-05-28T01:15:12","date_gmt":"2025-05-28T01:15:12","guid":{"rendered":"https:\/\/www.europesays.com\/fr\/133102\/"},"modified":"2025-05-28T01:15:12","modified_gmt":"2025-05-28T01:15:12","slug":"10-personnes-mises-en-examen","status":"publish","type":"post","link":"https:\/\/www.europesays.com\/fr\/133102\/","title":{"rendered":"10 personnes mises en examen"},"content":{"rendered":"<p>Plus de <a href=\"https:\/\/www.laprovence.com\/article\/faits-divers-justice\/100311347200115\/vol-de-voitures-les-bouches-du-rhone-restent-le-departement-le-plus-touche-decouvrez-les-modeles-les-plus-concernes\" target=\"_blank\" rel=\"noopener\">900 v\u00e9hicules vol\u00e9s<\/a>, maquill\u00e9s puis export\u00e9s vers l\u2019Alg\u00e9rie via le <a href=\"https:\/\/www.laprovence.com\/article\/economie\/28651402912241\/le-grand-port-de-marseille-double-ses-investissements\" target=\"_blank\" rel=\"noopener\">Grand port maritime de Marseille<\/a> pour un pr\u00e9judice avoisinant les 30\u00a0millions d\u2019euros. Ce vendredi 22\u00a0mai, un coup de filet des forces de police a abouti \u00e0 la mise en examen de dix personnes, soup\u00e7onn\u00e9es de recel de vol en bande organis\u00e9e, blanchiment, faux et usage de faux. Cinq d\u2019entre elles ont \u00e9t\u00e9 plac\u00e9es sous contr\u00f4le judiciaire, les cinq autres ont \u00e9t\u00e9 \u00e9crou\u00e9es.<\/p>\n<p>Des cadres du port mis en cause<\/p>\n<p>D\u2019apr\u00e8s les investigations, les suspects ont pris part, pendant quatre ans, \u00e0 un trafic de v\u00e9hicules lou\u00e9s \u00e0 l\u2019\u00e9tranger. \u00ab\u00a0Avant qu\u2019ils n\u2019apparaissent vol\u00e9s sur les fichiers de police fran\u00e7aise, l\u2019organisation criminelle b\u00e9n\u00e9ficiait d\u2019un temps suffisant pour les acheminer en France, les maquiller, obtenir des immatriculations provisoires et les exp\u00e9dier \u00e0 l\u2019\u00e9tranger, pr\u00e9cise le parquet de Marseille. Ces op\u00e9rations \u00e9taient r\u00e9alis\u00e9es avec la complicit\u00e9 d\u2019individus ayant d\u2019importantes responsabilit\u00e9s portuaires qui autorisaient, moyennant r\u00e9mun\u00e9ration, l\u2019entr\u00e9e sur le port des v\u00e9hicules, ainsi qu\u2019un acc\u00e8s pour l\u2019\u00e9quipe de maquillage des v\u00e9hicules en mettant \u00e0 disposition de l\u2019organisation criminelle un hangar situ\u00e9 au sein de la zone d\u2019acc\u00e8s r\u00e9serv\u00e9 pour plus de discr\u00e9tion.\u00a0\u00bb<\/p>\n","protected":false},"excerpt":{"rendered":"Plus de 900 v\u00e9hicules vol\u00e9s, maquill\u00e9s puis export\u00e9s vers l\u2019Alg\u00e9rie via le Grand port maritime de Marseille pour&hellip;\n","protected":false},"author":2,"featured_media":133103,"comment_status":"","ping_status":"","sticky":false,"template":"","format":"standard","meta":{"footnotes":""},"categories":[2814],"tags":[17,1111,11,1777,674,274,1011,27,2515,6129,884,12,5159,882,25,1097,7727,25863],"class_list":{"0":"post-133102","1":"post","2":"type-post","3":"status-publish","4":"format-standard","5":"has-post-thumbnail","7":"category-marseille","8":"tag-17","9":"tag-actu","10":"tag-actualites","11":"tag-eu","12":"tag-europe","13":"tag-faits-divers-justice","14":"tag-fr","15":"tag-france","16":"tag-grand","17":"tag-maritime","18":"tag-marseille","19":"tag-news","20":"tag-port","21":"tag-provence-alpes-cote-dazur","22":"tag-republique-francaise","23":"tag-trafic","24":"tag-vehicules","25":"tag-via"},"share_on_mastodon":{"url":"https:\/\/pubeurope.com\/@fr\/114582816380740846","error":""},"_links":{"self":[{"href":"https:\/\/www.europesays.com\/fr\/wp-json\/wp\/v2\/posts\/133102","targetHints":{"allow":["GET"]}}],"collection":[{"href":"https:\/\/www.europesays.com\/fr\/wp-json\/wp\/v2\/posts"}],"about":[{"href":"https:\/\/www.europesays.com\/fr\/wp-json\/wp\/v2\/types\/post"}],"author":[{"embeddable":true,"href":"https:\/\/www.europesays.com\/fr\/wp-json\/wp\/v2\/users\/2"}],"replies":[{"embeddable":true,"href":"https:\/\/www.europesays.com\/fr\/wp-json\/wp\/v2\/comments?post=133102"}],"version-history":[{"count":0,"href":"https:\/\/www.europesays.com\/fr\/wp-json\/wp\/v2\/posts\/133102\/revisions"}],"wp:featuredmedia":[{"embeddable":true,"href":"https:\/\/www.europesays.com\/fr\/wp-json\/wp\/v2\/media\/133103"}],"wp:attachment":[{"href":"https:\/\/www.europesays.com\/fr\/wp-json\/wp\/v2\/media?parent=133102"}],"wp:term":[{"taxonomy":"category","embeddable":true,"href":"https:\/\/www.europesays.com\/fr\/wp-json\/wp\/v2\/categories?post=133102"},{"taxonomy":"post_tag","embeddable":true,"href":"https:\/\/www.europesays.com\/fr\/wp-json\/wp\/v2\/tags?post=133102"}],"curies":[{"name":"wp","href":"https:\/\/api.w.org\/{rel}","templated":true}]}}