{"id":133105,"date":"2025-05-28T01:17:13","date_gmt":"2025-05-28T01:17:13","guid":{"rendered":"https:\/\/www.europesays.com\/fr\/133105\/"},"modified":"2025-05-28T01:17:13","modified_gmt":"2025-05-28T01:17:13","slug":"lyon-le-salon-de-lalgerie-victime-de-son-succes-embarrasses-les-organisateurs-sexcusent","status":"publish","type":"post","link":"https:\/\/www.europesays.com\/fr\/133105\/","title":{"rendered":"Lyon. Le salon de l&rsquo;Alg\u00e9rie victime de son succ\u00e8s : embarrass\u00e9s, les organisateurs s&rsquo;excusent"},"content":{"rendered":"<p>            Par<br \/>\n        <strong><br \/>\n            <a href=\"https:\/\/actu.fr\/auteur\/anthony-soudani\" title=\"Consulter tous les articles de Anthony Soudani\" target=\"_blank\" rel=\"noopener\">Anthony Soudani<\/a><br \/>\n        <\/strong><\/p>\n<p>        Publi\u00e9 le<\/p>\n<p>            27 mai 2025 \u00e0 17h02        <\/p>\n<p>Alors que le <a href=\"https:\/\/actu.fr\/auvergne-rhone-alpes\/decines-charpieu_69275\/lyon-le-salon-d-algerie-pris-d-assaut-les-organisateurs-debordes-on-est-degoutes_62683945.html\" target=\"_blank\" rel=\"noopener\">salon de l\u2019Alg\u00e9rie a \u00e9t\u00e9 victime de son succ\u00e8s<\/a> le week-end dernier au <strong>Groupama Stadium<\/strong> de <a href=\"https:\/\/actu.fr\/lyon\/\" target=\"_blank\" rel=\"noopener\">Lyon<\/a>-D\u00e9cines, de nombreux visiteurs se sont vus refuser l\u2019acc\u00e8s. En effet, la jauge de participants a rapidement \u00e9t\u00e9 atteinte et une longue file d\u2019attente s\u2019est form\u00e9e.\u00a0<\/p>\n<p class=\" wall-content\">Sollicit\u00e9s \u00e0 plusieurs reprises par actu Lyon depuis lundi 26 mai, les organisateurs de l\u2019\u00e9v\u00e9nement portant sur le partage de la culture alg\u00e9rienne n\u2019ont pas donn\u00e9 suite. Vont-ils rembourser ceux qui avaient pris leur billet ? Vont-ils organiser une deuxi\u00e8me \u00e9dition dans un endroit plus adapt\u00e9 apr\u00e8s un tel succ\u00e8s populaire ? Des questions qui restent sans r\u00e9ponse \u00e0 ce jour.\u00a0<\/p>\n<blockquote class=\"tiktok-embed\" cite=\"https:\/\/www.tiktok.com\/@medaveprod\/video\/7508004794259475734\" data-video-id=\"7508004794259475734\" data-embed-from=\"oembed\" style=\"max-width:605px; min-width:325px;\"><p>\n<a target=\"_blank\" title=\"@medaveprod\" href=\"https:\/\/www.tiktok.com\/@medaveprod?refer=embed\" rel=\"noopener\">@medaveprod<\/a> <\/p>\n<p><a title=\"lyon\" target=\"_blank\" href=\"https:\/\/www.tiktok.com\/tag\/lyon?refer=embed\" rel=\"noopener\">#lyon<\/a> <a title=\"algerie\" target=\"_blank\" href=\"https:\/\/www.tiktok.com\/tag\/algerie?refer=embed\" rel=\"noopener\">#algerie<\/a> <a title=\"pourtoii\" target=\"_blank\" href=\"https:\/\/www.tiktok.com\/tag\/pourtoii?refer=embed\" rel=\"noopener\">#pourtoii<\/a> <a title=\"for\" target=\"_blank\" href=\"https:\/\/www.tiktok.com\/tag\/for?refer=embed\" rel=\"noopener\">#for<\/a>  <a title=\"salondelalgerie\" target=\"_blank\" href=\"https:\/\/www.tiktok.com\/tag\/salondelalgerie?refer=embed\" rel=\"noopener\">#salondelalgerie<\/a> <\/p>\n<p> <a target=\"_blank\" title=\"\u266c son original - medaveprod\" href=\"https:\/\/www.tiktok.com\/music\/son-original-7508004772994485014?refer=embed\" rel=\"noopener\">\u266c son original \u2013 medaveprod<\/a> <\/p>\n<\/blockquote>\n<p>Les organisateurs \u00ab\u00a0s\u2019excusent pour la g\u00eane occasionn\u00e9e\u00a0\u00bb<\/p>\n<p class=\" wall-content\">\u00ab\u00a0Le nombre d\u2019entr\u00e9es pr\u00e9vues pour ce dimanche, combin\u00e9 aux <strong>personnes n\u2019ayant pas pu acc\u00e9der au salon samedi<\/strong>, ne nous permet malheureusement pas d\u2019ouvrir l\u2019achat de nouveaux billets, que ce soit en ligne ou sur place\u00a0\u00bb, a seulement indiqu\u00e9 l\u2019organisation sur son site internet. \u00ab\u00a0Ce dimanche 25 mai, seuls les d\u00e9tenteurs de billets d\u00e9j\u00e0 achet\u00e9s pourront acc\u00e9der au salon\u00a0\u00bb, pr\u00e9cisait-elle.<\/p>\n<p class=\" wall-content\">Les organisateurs ont \u00e9galement gliss\u00e9 un message d\u2019excuse : \u00ab\u00a0Nous tenons \u00e0 nous excuser sinc\u00e8rement pour la g\u00eane occasionn\u00e9e et vous remercions d\u2019\u00eatre venus si nombreux !\u00a0\u00bb<\/p>\n<p class=\" wall-content\">Il faut dire qu\u2019un monde fou s\u2019est pr\u00e9cipit\u00e9 \u00e0 l\u2019\u00e9v\u00e9nement. Les 4 500 places \u00e0 l\u2019int\u00e9rieur des salons du <a href=\"https:\/\/actu.fr\/auvergne-rhone-alpes\/lyon_69123\/lyon-la-video-incroyable-du-groupama-stadium-transforme-en-volcan-lors-du-derby_61851862.html\" target=\"_blank\" rel=\"noopener\">Groupama Stadium<\/a> ont rapidement \u00e9t\u00e9 prises d\u2019assaut, provoquant une tr\u00e8s longue attente des spectateurs venus avec ou sans billets le samedi. Des tensions ont \u00e9clat\u00e9 et les organisateurs, d\u00e9pass\u00e9s, ont d\u00fb faire face \u00e0 des visiteurs agac\u00e9s. Des milliers de personnes ont d\u00fb faire demi-tour et renoncer.<\/p>\n<p>Vid\u00e9os : en ce moment sur ActuDes participants plut\u00f4t d\u00e9\u00e7us<\/p>\n<p class=\" wall-content\">\u00ab\u00a0Il est vrai qu\u2019il s\u2019agit d\u2019une premi\u00e8re. Malheureusement plut\u00f4t d\u00e9\u00e7u. Pas assez de produits alg\u00e9riens repr\u00e9sent\u00e9s, un gros manque de produits artisanaux. <strong>Gros d\u00e9sordre \u00e0 l\u2019entr\u00e9e,<\/strong> pas de file prioritaire bien visible et pas de file pour les personnes ayant d\u00e9j\u00e0 leur billet.<br \/>On esp\u00e8re mieux pour la prochaine fois\u00a0\u00bb, commente une participante sur Facebook.<\/p>\n<p class=\" wall-content\">De nombreux internautes rejoignent son avis alors que d\u2019autres d\u00e9fendent plut\u00f4t l\u2019\u00e9v\u00e9nement, dont c\u2019\u00e9tait la premi\u00e8re dans la m\u00e9tropole de Lyon. La journ\u00e9e du samedi semble avoir \u00e9t\u00e9 la plus charg\u00e9e, alors que le vendredi a \u00e9t\u00e9 plus calme et certainement plus facile en mati\u00e8re d\u2019organisation.<\/p>\n<p class=\" wall-content\">\u00c0 noter que les animations du samedi soir ont \u00e9t\u00e9 annul\u00e9es. Au lieu de finir \u00e0 22h, le salon de l\u2019Alg\u00e9rie a ferm\u00e9 ses portes \u00e0 20h pour \u00ab\u00a0des raisons techniques et de s\u00e9curit\u00e9\u00a0\u00bb. Sur les r\u00e9seaux sociaux, beaucoup r\u00e9clament un remboursement et auraient pr\u00e9f\u00e9r\u00e9 une meilleure information ainsi qu\u2019une organisation plus rigoureuse.<\/p>\n<p class=\" wall-content\">Suivez toute l\u2019actualit\u00e9 de vos villes et m\u00e9dias favoris en vous inscrivant \u00e0 <a href=\"https:\/\/moncompte.actu.fr\" title=\"D\u00e9couvez Mon Actu\" rel=\"nofollow noopener\" data-trk=\"{&quot;cta&quot;:{&quot;action&quot;:&quot;https:\\\/\\\/moncompte.actu.fr&quot;,&quot;category&quot;:&quot;mon compte&quot;,&quot;from&quot;:&quot;article footer&quot;,&quot;name&quot;:&quot;Mon actu&quot;,&quot;type&quot;:&quot;cta&quot;}}\" target=\"_blank\">Mon Actu<\/a>.<\/p>\n<ul class=\"ac-article-tag wall-content\">\n<li><a href=\"https:\/\/actu.fr\/tag\/algerie\" data-trk=\"{&quot;cta&quot;:{&quot;action&quot;:&quot;Alg\\u00e9rie&quot;,&quot;category&quot;:&quot;tag&quot;,&quot;from&quot;:&quot;article footer&quot;,&quot;name&quot;:&quot;Alg\\u00e9rie&quot;,&quot;type&quot;:&quot;cta&quot;}}\" target=\"_blank\" rel=\"noopener\">#Alg\u00e9rie<\/a><\/li>\n<li><a href=\"https:\/\/actu.fr\/tag\/groupama-stadium\" data-trk=\"{&quot;cta&quot;:{&quot;action&quot;:&quot;Groupama Stadium&quot;,&quot;category&quot;:&quot;tag&quot;,&quot;from&quot;:&quot;article footer&quot;,&quot;name&quot;:&quot;Groupama Stadium&quot;,&quot;type&quot;:&quot;cta&quot;}}\" target=\"_blank\" rel=\"noopener\">#Groupama Stadium<\/a><\/li>\n<\/ul>\n<p>                    <script async src=\"\/\/www.tiktok.com\/embed.js\"><\/script><\/p>\n","protected":false},"excerpt":{"rendered":"Par Anthony Soudani Publi\u00e9 le 27 mai 2025 \u00e0 17h02 Alors que le salon de l\u2019Alg\u00e9rie a \u00e9t\u00e9&hellip;\n","protected":false},"author":2,"featured_media":133106,"comment_status":"","ping_status":"","sticky":false,"template":"","format":"standard","meta":{"footnotes":""},"categories":[1889],"tags":[1111,11,15,2430,1777,674,1011,27,15363,1652,2428,12,25],"class_list":{"0":"post-133105","1":"post","2":"type-post","3":"status-publish","4":"format-standard","5":"has-post-thumbnail","7":"category-lyon","8":"tag-actu","9":"tag-actualites","10":"tag-algerie","11":"tag-auvergne-rhone-alpes","12":"tag-eu","13":"tag-europe","14":"tag-fr","15":"tag-france","16":"tag-groupama-stadium","17":"tag-loisirs-culture","18":"tag-lyon","19":"tag-news","20":"tag-republique-francaise"},"share_on_mastodon":{"url":"https:\/\/pubeurope.com\/@fr\/114582824355324158","error":""},"_links":{"self":[{"href":"https:\/\/www.europesays.com\/fr\/wp-json\/wp\/v2\/posts\/133105","targetHints":{"allow":["GET"]}}],"collection":[{"href":"https:\/\/www.europesays.com\/fr\/wp-json\/wp\/v2\/posts"}],"about":[{"href":"https:\/\/www.europesays.com\/fr\/wp-json\/wp\/v2\/types\/post"}],"author":[{"embeddable":true,"href":"https:\/\/www.europesays.com\/fr\/wp-json\/wp\/v2\/users\/2"}],"replies":[{"embeddable":true,"href":"https:\/\/www.europesays.com\/fr\/wp-json\/wp\/v2\/comments?post=133105"}],"version-history":[{"count":0,"href":"https:\/\/www.europesays.com\/fr\/wp-json\/wp\/v2\/posts\/133105\/revisions"}],"wp:featuredmedia":[{"embeddable":true,"href":"https:\/\/www.europesays.com\/fr\/wp-json\/wp\/v2\/media\/133106"}],"wp:attachment":[{"href":"https:\/\/www.europesays.com\/fr\/wp-json\/wp\/v2\/media?parent=133105"}],"wp:term":[{"taxonomy":"category","embeddable":true,"href":"https:\/\/www.europesays.com\/fr\/wp-json\/wp\/v2\/categories?post=133105"},{"taxonomy":"post_tag","embeddable":true,"href":"https:\/\/www.europesays.com\/fr\/wp-json\/wp\/v2\/tags?post=133105"}],"curies":[{"name":"wp","href":"https:\/\/api.w.org\/{rel}","templated":true}]}}