{"id":133121,"date":"2025-05-28T01:25:12","date_gmt":"2025-05-28T01:25:12","guid":{"rendered":"https:\/\/www.europesays.com\/fr\/133121\/"},"modified":"2025-05-28T01:25:12","modified_gmt":"2025-05-28T01:25:12","slug":"saint-cast-le-guildo-une-escapade-aux-ebihens-pour-les-refugies-ukrainiens","status":"publish","type":"post","link":"https:\/\/www.europesays.com\/fr\/133121\/","title":{"rendered":"Saint-Cast-le-Guildo\u00a0: une escapade aux \u00c9bihens pour les r\u00e9fugi\u00e9s ukrainiens"},"content":{"rendered":"<p>Ce dimanche 25 mai, jour de la F\u00eate des m\u00e8res, l\u2019association Solidarit\u00e9 r\u00e9fugi\u00e9s de Saint-Cast-le-Guildo a offert aux r\u00e9fugi\u00e9s ukrainiens, une journ\u00e9e m\u00e9morable sur l\u2019\u00eele des \u00c9bihens. Cr\u00e9\u00e9e le 6 d\u00e9cembre 2022, l\u2019association s\u2019engage \u00e0 r\u00e9pondre aux besoins quotidiens des r\u00e9fugi\u00e9s et \u00e0 faciliter leur int\u00e9gration. Sous la direction de Gilles Philouze, cette sortie avait pour but de renforcer les liens et d\u2019apporter un moment de r\u00e9pit aux r\u00e9fugi\u00e9s.<\/p>\n<p>Pique-nique et jeux de ballon<\/p>\n<p>La journ\u00e9e a d\u00e9but\u00e9 par une marche vivifiante sur l\u2019estran. Le pique-nique qui a suivi, c\u0153ur de cette rencontre, a permis aux m\u00e8res et \u00e0 leurs enfants, grandissant depuis trois ans loin de leur pays, de retrouver le sourire et un peu de s\u00e9r\u00e9nit\u00e9. La d\u00e9couverte de l\u2019\u00eele principale s\u2019est poursuivie par des jeux de ballon sur la plage des Rougerets \u00e0 Saint-Jacut, o\u00f9 rires et complicit\u00e9 ont rythm\u00e9 l\u2019apr\u00e8s-midi. Cette journ\u00e9e, unanimement salu\u00e9e par les participants, a soulign\u00e9 l\u2019importance de telles initiatives pour apporter du bonheur et de l\u2019espoir \u00e0 ceux qui en ont tant besoin. L\u2019association esp\u00e8re bien pouvoir la renouveler.<\/p>\n","protected":false},"excerpt":{"rendered":"Ce dimanche 25 mai, jour de la F\u00eate des m\u00e8res, l\u2019association Solidarit\u00e9 r\u00e9fugi\u00e9s de Saint-Cast-le-Guildo a offert aux&hellip;\n","protected":false},"author":2,"featured_media":133122,"comment_status":"","ping_status":"","sticky":false,"template":"","format":"standard","meta":{"footnotes":""},"categories":[1590],"tags":[11,1777,674,12,25864,220],"class_list":{"0":"post-133121","1":"post","2":"type-post","3":"status-publish","4":"format-standard","5":"has-post-thumbnail","7":"category-ukraine","8":"tag-actualites","9":"tag-eu","10":"tag-europe","11":"tag-news","12":"tag-saint-cast-le-guildo","13":"tag-ukraine"},"share_on_mastodon":{"url":"https:\/\/pubeurope.com\/@fr\/114582855567873498","error":""},"_links":{"self":[{"href":"https:\/\/www.europesays.com\/fr\/wp-json\/wp\/v2\/posts\/133121","targetHints":{"allow":["GET"]}}],"collection":[{"href":"https:\/\/www.europesays.com\/fr\/wp-json\/wp\/v2\/posts"}],"about":[{"href":"https:\/\/www.europesays.com\/fr\/wp-json\/wp\/v2\/types\/post"}],"author":[{"embeddable":true,"href":"https:\/\/www.europesays.com\/fr\/wp-json\/wp\/v2\/users\/2"}],"replies":[{"embeddable":true,"href":"https:\/\/www.europesays.com\/fr\/wp-json\/wp\/v2\/comments?post=133121"}],"version-history":[{"count":0,"href":"https:\/\/www.europesays.com\/fr\/wp-json\/wp\/v2\/posts\/133121\/revisions"}],"wp:featuredmedia":[{"embeddable":true,"href":"https:\/\/www.europesays.com\/fr\/wp-json\/wp\/v2\/media\/133122"}],"wp:attachment":[{"href":"https:\/\/www.europesays.com\/fr\/wp-json\/wp\/v2\/media?parent=133121"}],"wp:term":[{"taxonomy":"category","embeddable":true,"href":"https:\/\/www.europesays.com\/fr\/wp-json\/wp\/v2\/categories?post=133121"},{"taxonomy":"post_tag","embeddable":true,"href":"https:\/\/www.europesays.com\/fr\/wp-json\/wp\/v2\/tags?post=133121"}],"curies":[{"name":"wp","href":"https:\/\/api.w.org\/{rel}","templated":true}]}}