{"id":133123,"date":"2025-05-28T01:26:08","date_gmt":"2025-05-28T01:26:08","guid":{"rendered":"https:\/\/www.europesays.com\/fr\/133123\/"},"modified":"2025-05-28T01:26:08","modified_gmt":"2025-05-28T01:26:08","slug":"visa-etudiant-suspendu-pour-analyse-reseaux-sociaux","status":"publish","type":"post","link":"https:\/\/www.europesays.com\/fr\/133123\/","title":{"rendered":"Visa \u00c9tudiant Suspendu pour Analyse R\u00e9seaux Sociaux"},"content":{"rendered":"<p>Les \u00c9tats-Unis stoppent les visas \u00e9tudiants pour scruter leurs r\u00e9seaux sociaux. Quels impacts pour des milliers d\u2019\u00e9tudiants ? La r\u00e9ponse pourrait changer leur avenir&#8230;<\/p>\n<p>Imaginez-vous \u00e0 la place d\u2019un \u00e9tudiant \u00e9tranger, valise pr\u00eate, r\u00eave am\u00e9ricain en t\u00eate, mais bloqu\u00e9 par une nouvelle r\u00e8gle : vos publications sur les r\u00e9seaux sociaux seront scrut\u00e9es avant d\u2019obtenir un visa. Cette r\u00e9alit\u00e9, instaur\u00e9e r\u00e9cemment par les \u00c9tats-Unis, secoue le monde universitaire. Pourquoi une telle mesure ? Quelles en sont les implications pour les \u00e9tudiants et les universit\u00e9s ? Plongeons dans cette d\u00e9cision controvers\u00e9e qui red\u00e9finit les fronti\u00e8res de l\u2019immigration et de la libert\u00e9 d\u2019expression.<\/p>\n<p>    Une Suspension Inattendue des Visas \u00c9tudiants<\/p>\n<p>La nouvelle a fait l\u2019effet d\u2019une bombe : l\u2019administration am\u00e9ricaine a ordonn\u00e9 la suspension imm\u00e9diate du traitement des demandes de visas pour les \u00e9tudiants \u00e9trangers. Cette d\u00e9cision, prise sous l\u2019\u00e9gide du secr\u00e9taire d\u2019\u00c9tat Marco Rubio, vise \u00e0 renforcer l\u2019examen des profils en ligne des candidats. Selon des sources internes, les ambassades et consulats ont re\u00e7u l\u2019ordre de ne plus accepter de nouveaux rendez-vous pour les visas \u00e9tudiants ou les programmes d\u2019\u00e9change scolaire, dans l\u2019attente de directives pr\u00e9cises.<\/p>\n<p>Ce n\u2019est pas une mesure anodine. Chaque ann\u00e9e, des centaines de milliers d\u2019\u00e9tudiants internationaux affluent vers les \u00c9tats-Unis, attir\u00e9s par des universit\u00e9s prestigieuses et des opportunit\u00e9s uniques. Cette suspension, m\u00eame si elle est annonc\u00e9e comme temporaire, pourrait bouleverser les plans de nombreux jeunes, avec des r\u00e9percussions sur les campus et l\u2019\u00e9conomie locale.<\/p>\n<p>    Pourquoi Scruter les R\u00e9seaux Sociaux ?<\/p>\n<p>L\u2019objectif principal de cette mesure est clair : renforcer la <b>s\u00e9curit\u00e9 nationale<\/b>. Les autorit\u00e9s am\u00e9ricaines souhaitent s\u2019assurer que les candidats n\u2019aient pas d\u2019intentions malveillantes ou de liens avec des activit\u00e9s jug\u00e9es probl\u00e9matiques. Les r\u00e9seaux sociaux, omnipr\u00e9sents dans nos vies, sont devenus une mine d\u2019informations pour \u00e9valuer les comportements et les opinions des individus.<\/p>\n<blockquote class=\"wp-block-quote is-layout-flow wp-block-quote-is-layout-flow\">\n<p>\u00ab Nous prenons tr\u00e8s au s\u00e9rieux le processus d\u2019examen de tous ceux qui entrent dans le pays \u00bb, a d\u00e9clar\u00e9 une porte-parole officielle, soulignant l\u2019importance de v\u00e9rifier les intentions des candidats.<\/p>\n<\/blockquote>\n<p>Cette initiative s\u2019inscrit dans une politique migratoire plus stricte, marqu\u00e9e par un durcissement des contr\u00f4les sous l\u2019administration actuelle. Les r\u00e9seaux sociaux, qu\u2019il s\u2019agisse de publications publiques ou de messages priv\u00e9s, offrent un aper\u00e7u des opinions politiques, des affiliations ou des comportements d\u2019un individu. Mais jusqu\u2019o\u00f9 peut aller cette surveillance sans empi\u00e9ter sur la vie priv\u00e9e ?<\/p>\n<p>    Un Contexte de Tensions Politiques<\/p>\n<p>La suspension des visas \u00e9tudiants ne sort pas de nulle part. Elle s\u2019inscrit dans un climat de tensions croissantes, notamment autour des manifestations propalestiniennes sur les campus am\u00e9ricains. Ces derni\u00e8res ont conduit \u00e0 l\u2019arrestation de plusieurs \u00e9tudiants, y compris ceux en situation r\u00e9guli\u00e8re, et \u00e0 des menaces d\u2019expulsion. Certains y voient une volont\u00e9 de contr\u00f4ler les discours jug\u00e9s sensibles, en particulier dans les universit\u00e9s.<\/p>\n<p>Une universit\u00e9 en particulier a attir\u00e9 l\u2019attention : Harvard. Accus\u00e9e par certains responsables politiques de promouvoir des id\u00e9ologies jug\u00e9es antiam\u00e9ricaines, cette institution embl\u00e9matique est devenue une cible symbolique. Une proposition visant \u00e0 interdire \u00e0 Harvard d\u2019accueillir des \u00e9tudiants \u00e9trangers a m\u00eame \u00e9t\u00e9 \u00e9voqu\u00e9e, bien que son application reste incertaine.<\/p>\n<p style=\"font-style: italic;\">Cette mesure soul\u00e8ve une question cruciale : peut-on juger un \u00e9tudiant sur ses publications en ligne sans compromettre sa libert\u00e9 d\u2019expression ?<\/p>\n<p>    Les Cons\u00e9quences pour les \u00c9tudiants \u00c9trangers<\/p>\n<p>Pour les \u00e9tudiants internationaux, cette d\u00e9cision repr\u00e9sente un obstacle majeur. Beaucoup ont investi des ann\u00e9es dans la pr\u00e9paration de leur dossier pour \u00e9tudier aux \u00c9tats-Unis. La suspension, m\u00eame temporaire, risque de retarder leur arriv\u00e9e, voire de compromettre leur admission. Voici les principaux impacts :<\/p>\n<ul class=\"wp-block-list\">\n<li><b>Retards dans les inscriptions<\/b> : Les universit\u00e9s pourraient voir leurs effectifs d\u2019\u00e9tudiants \u00e9trangers diminuer, affectant leur diversit\u00e9 et leur budget.<\/li>\n<li><b>Incertitude pour les candidats<\/b> : Les \u00e9tudiants en attente de visa ne savent pas quand les nouvelles directives seront publi\u00e9es.<\/li>\n<li><b>Impact psychologique<\/b> : L\u2019id\u00e9e d\u2019\u00eatre surveill\u00e9 sur ses r\u00e9seaux sociaux peut dissuader certains de postuler.<\/li>\n<\/ul>\n<p>Pour les \u00e9tudiants d\u00e9j\u00e0 sur le sol am\u00e9ricain, la situation est tout aussi pr\u00e9occupante. Certains, ayant particip\u00e9 \u00e0 des manifestations, ont vu leurs visas r\u00e9voqu\u00e9s. Cette politique semble viser \u00e0 d\u00e9courager toute forme de militantisme jug\u00e9 inacceptable par les autorit\u00e9s.<\/p>\n<p>    Un D\u00e9bat sur la Libert\u00e9 d\u2019Expression<\/p>\n<p>La surveillance des r\u00e9seaux sociaux soul\u00e8ve des questions \u00e9thiques. Si v\u00e9rifier les profils en ligne peut sembler l\u00e9gitime pour des raisons de s\u00e9curit\u00e9, o\u00f9 se situe la fronti\u00e8re entre contr\u00f4le et intrusion ? Les \u00e9tudiants, souvent jeunes et engag\u00e9s, utilisent les r\u00e9seaux sociaux pour exprimer leurs opinions, parfois de mani\u00e8re impulsive. Une publication mal interpr\u00e9t\u00e9e pourrait-elle ruiner leurs chances d\u2019\u00e9tudier aux \u00c9tats-Unis ?<\/p>\n<blockquote class=\"wp-block-quote is-layout-flow wp-block-quote-is-layout-flow\">\n<p>\u00ab Vouloir que tous les \u00e9tudiants \u00e9trangers pensent de la m\u00eame mani\u00e8re n\u2019est pas le meilleur moyen d\u2019assurer la qualit\u00e9 intellectuelle des universit\u00e9s \u00bb, a comment\u00e9 un utilisateur en ligne.<\/p>\n<\/blockquote>\n<p>Ce d\u00e9bat d\u00e9passe les fronti\u00e8res am\u00e9ricaines. Dans d\u2019autres pays, des mesures similaires ont \u00e9t\u00e9 envisag\u00e9es, mais elles se heurtent souvent \u00e0 des critiques sur le respect de la vie priv\u00e9e. Les \u00e9tudiants internationaux, d\u00e9j\u00e0 confront\u00e9s \u00e0 des d\u00e9marches administratives complexes, pourraient se tourner vers d\u2019autres destinations comme le Canada ou l\u2019Europe.<\/p>\n<p>    Quel Avenir pour les Universit\u00e9s Am\u00e9ricaines ?<\/p>\n<p>Les universit\u00e9s am\u00e9ricaines d\u00e9pendent fortement des \u00e9tudiants \u00e9trangers, qui repr\u00e9sentent une source importante de revenus et de diversit\u00e9 culturelle. En 2023, plus d\u2019un million d\u2019\u00e9tudiants internationaux \u00e9taient inscrits dans des \u00e9tablissements am\u00e9ricains, contribuant \u00e0 hauteur de 40 milliards de dollars \u00e0 l\u2019\u00e9conomie. Une restriction prolong\u00e9e des visas pourrait avoir des cons\u00e9quences \u00e9conomiques et acad\u00e9miques.<\/p>\n<tr>\n          Aspect<br \/>\n          Impact<br \/>\n        <\/tr>\n<tr>\n<td>Revenus universitaires<\/td>\n<td>Diminution potentielle due \u00e0 la baisse des inscriptions internationales<\/td>\n<\/tr>\n<tr>\n<td>Diversit\u00e9 culturelle<\/td>\n<td>Risque de r\u00e9duction de la richesse intellectuelle des campus<\/td>\n<\/tr>\n<tr>\n<td>Comp\u00e9titivit\u00e9 mondiale<\/td>\n<td>Autres pays pourraient attirer davantage d\u2019\u00e9tudiants<\/td>\n<\/tr>\n<p>Les universit\u00e9s, d\u00e9j\u00e0 sous pression face aux critiques politiques, pourraient devoir repenser leur strat\u00e9gie pour attirer les talents internationaux. Certaines envisagent de renforcer leurs partenariats \u00e0 l\u2019\u00e9tranger ou de d\u00e9velopper des programmes en ligne pour contourner les restrictions.<\/p>\n<p>    Une Mesure Temporaire ou un Tournant Durable ?<\/p>\n<p>Officiellement, la suspension est pr\u00e9sent\u00e9e comme temporaire, avec de nouvelles directives attendues sous peu. Mais dans un contexte de polarisation politique, beaucoup craignent que cette mesure ne marque le d\u00e9but d\u2019une politique migratoire encore plus restrictive. Les \u00e9tudiants \u00e9trangers, d\u00e9j\u00e0 confront\u00e9s \u00e0 des obstacles bureaucratiques, pourraient \u00eatre d\u00e9courag\u00e9s de choisir les \u00c9tats-Unis comme destination.<\/p>\n<p>Pour l\u2019instant, les candidats sont invit\u00e9s \u00e0 suivre les d\u00e9marches habituelles, tout en sachant que leurs profils en ligne seront minutieusement examin\u00e9s. Cette transparence, bien qu\u2019exigeante, pourrait toutefois rassurer certains en clarifiant les attentes des autorit\u00e9s.<\/p>\n<p style=\"font-size: 18px; font-weight: bold; color: #333;\">Et vous, que pensez-vous de cette mesure ? La surveillance des r\u00e9seaux sociaux est-elle un outil l\u00e9gitime ou une atteinte \u00e0 la libert\u00e9 ?<\/p>\n<p>    Vers un Nouveau Mod\u00e8le d\u2019Immigration ?<\/p>\n<p>Cette d\u00e9cision s\u2019inscrit dans une vision plus large de l\u2019immigration, o\u00f9 la s\u00e9curit\u00e9 prime sur l\u2019ouverture. Les \u00c9tats-Unis, historiquement terre d\u2019accueil pour les \u00e9tudiants du monde entier, pourraient red\u00e9finir leur approche. Mais \u00e0 quel prix ? La comp\u00e9titivit\u00e9 des universit\u00e9s am\u00e9ricaines, leur rayonnement international et leur capacit\u00e9 \u00e0 innover pourraient en p\u00e2tir.<\/p>\n<p>En attendant, les \u00e9tudiants internationaux restent dans l\u2019incertitude, suspendus \u00e0 l\u2019annonce des nouvelles directives. Cette mesure, bien que motiv\u00e9e par des pr\u00e9occupations s\u00e9curitaires, pose des questions fondamentales sur l\u2019\u00e9quilibre entre contr\u00f4le et libert\u00e9, entre s\u00e9curit\u00e9 et ouverture. Le monde regarde, et les choix faits aujourd\u2019hui pourraient redessiner l\u2019avenir de l\u2019\u00e9ducation internationale.<\/p>\n","protected":false},"excerpt":{"rendered":"Les \u00c9tats-Unis stoppent les visas \u00e9tudiants pour scruter leurs r\u00e9seaux sociaux. Quels impacts pour des milliers d\u2019\u00e9tudiants ?&hellip;\n","protected":false},"author":2,"featured_media":133124,"comment_status":"","ping_status":"","sticky":false,"template":"","format":"standard","meta":{"footnotes":""},"categories":[1589],"tags":[11,73,1866,14,12,316,1864,1865,1863,308],"class_list":{"0":"post-133123","1":"post","2":"type-post","3":"status-publish","4":"format-standard","5":"has-post-thumbnail","7":"category-etats-unis","8":"tag-actualites","9":"tag-etats-unis","10":"tag-etats-unis-damerique","11":"tag-international","12":"tag-news","13":"tag-politique","14":"tag-united-states","15":"tag-united-states-of-america","16":"tag-us","17":"tag-usa"},"share_on_mastodon":{"url":"https:\/\/pubeurope.com\/@fr\/114582859538463234","error":""},"_links":{"self":[{"href":"https:\/\/www.europesays.com\/fr\/wp-json\/wp\/v2\/posts\/133123","targetHints":{"allow":["GET"]}}],"collection":[{"href":"https:\/\/www.europesays.com\/fr\/wp-json\/wp\/v2\/posts"}],"about":[{"href":"https:\/\/www.europesays.com\/fr\/wp-json\/wp\/v2\/types\/post"}],"author":[{"embeddable":true,"href":"https:\/\/www.europesays.com\/fr\/wp-json\/wp\/v2\/users\/2"}],"replies":[{"embeddable":true,"href":"https:\/\/www.europesays.com\/fr\/wp-json\/wp\/v2\/comments?post=133123"}],"version-history":[{"count":0,"href":"https:\/\/www.europesays.com\/fr\/wp-json\/wp\/v2\/posts\/133123\/revisions"}],"wp:featuredmedia":[{"embeddable":true,"href":"https:\/\/www.europesays.com\/fr\/wp-json\/wp\/v2\/media\/133124"}],"wp:attachment":[{"href":"https:\/\/www.europesays.com\/fr\/wp-json\/wp\/v2\/media?parent=133123"}],"wp:term":[{"taxonomy":"category","embeddable":true,"href":"https:\/\/www.europesays.com\/fr\/wp-json\/wp\/v2\/categories?post=133123"},{"taxonomy":"post_tag","embeddable":true,"href":"https:\/\/www.europesays.com\/fr\/wp-json\/wp\/v2\/tags?post=133123"}],"curies":[{"name":"wp","href":"https:\/\/api.w.org\/{rel}","templated":true}]}}