{"id":133126,"date":"2025-05-28T01:28:18","date_gmt":"2025-05-28T01:28:18","guid":{"rendered":"https:\/\/www.europesays.com\/fr\/133126\/"},"modified":"2025-05-28T01:28:18","modified_gmt":"2025-05-28T01:28:18","slug":"air-liquide-se-renforce-avec-deux-acquisitions-en-allemagne-27-05-2025-a-1813","status":"publish","type":"post","link":"https:\/\/www.europesays.com\/fr\/133126\/","title":{"rendered":"Air Liquide se renforce avec deux acquisitions en Allemagne &#8211; 27\/05\/2025 \u00e0 18:13"},"content":{"rendered":"<p>\n (AOF) &#8211;<br \/>\n <a href=\"https:\/\/www.boursorama.com\/cours\/1rPAI\/\" rel=\"nofollow noopener\" target=\"_blank\"><br \/>\n  Air Liquide<br \/>\n <\/a><br \/>\n a annonc\u00e9 deux op\u00e9rations de croissance externe outre-Rhin. Le Fran\u00e7ais a rachet\u00e9 intensivLeben GmbH et AP-Sachsen GmbH, deux soci\u00e9t\u00e9s de soins complexes r\u00e9sidentiels. Cette op\u00e9ration va permettre \u00e0 Air Liquide d\u2019\u00e9largir sa pr\u00e9sence sur le march\u00e9 des lieux de vie m\u00e9dicalis\u00e9s. Le groupe accompagne d\u00e9j\u00e0 plus de 220 000 patients en Allemagne o\u00f9 il est pr\u00e9sent depuis plus de 25 ans. L\u2019activit\u00e9 Sant\u00e9 soutient 2,1 millions de personnes \u00e0 domicile vivant avec une maladie chronique, et a fait de la Sant\u00e9 \u00e0 Domicile une des priorit\u00e9s strat\u00e9giques de d\u00e9veloppement.\n<\/p>\n<p>\n <strong><br \/>\n  AOF &#8211; EN SAVOIR PLUS<br \/>\n <\/strong>\n<\/p>\n<p>\n <strong><br \/>\n  Points cl\u00e9s<br \/>\n <\/strong>\n<\/p>\n<p>\n &#8211; Deuxi\u00e8me mondial derri\u00e8re Linde-Praxair des gaz industriels et m\u00e9dicaux, n\u00e9 en 1902 ;\n<\/p>\n<p>\n &#8211; Ventes de 27,1 Mds\u20ac structur\u00e9es en 3 branches : gaz et services industriels pour 95,54 % puis gaz &amp; services (march\u00e9s globaux, technologies, ingenierie et construction);\n<\/p>\n<p>\n &#8211; Equilibre des revenus par zones g\u00e9ographiques \u2013les Am\u00e9rique pour 39 %, l\u2019Europe pour 37 %, l\u2019Asie-Pacifique pour 20 % ;\n<\/p>\n<p>\n &#8211; Ambition : tirer parti de la transition \u00e9nerg\u00e9tique -d\u00e9carbonation via l\u2019offre de gaz bas-carbone, le captage &amp; gestion du CO-  et  se renforcer dans les 5 m\u00e9tiers de mobilit\u00e9 hydrog\u00e8ne, \u00e9lectronique, sant\u00e9, industriel marchand et hautes technologies -spatial, cryog\u00e9nie, quantique\u2026.\n<\/p>\n<p>\n &#8211; Capital ouvert, avec 33 % d&rsquo;actionnaires individuels et 2,5 % pour les salari\u00e9s, Beno\u00eet Poitier pr\u00e9sidant le conseil de 14 administrateurs, Fran\u00e7ois Jackow \u00e9tant directeur g\u00e9n\u00e9ral.\n<\/p>\n<p>\n <strong><br \/>\n  Enjeux<br \/>\n <\/strong>\n<\/p>\n<p>\n Agilit\u00e9 du mod\u00e8le d\u2019affaires :\n<\/p>\n<p>\n &#8211; simplification l\u2019organisation : cr\u00e9ation d\u2019une direction industrielle mondiale unique, ajustement du comit\u00e9 ex\u00e9cutif, r\u00e9duction des niveaux hi\u00e9rarchiques,\n<\/p>\n<p>\n &#8211; focus sur la rentabilit\u00e9 : gestion active des prix, optimisation du portefeuille d\u2019activit\u00e9s (cessions en Afrique), efficacit\u00e9 industrielle, dont l\u2019extension des centres de services partag\u00e9s, et optimisation de l\u2019exploitation des donn\u00e9es,\n<\/p>\n<p>\n &#8211; innovation visant \u00e0 l&rsquo;excellence op\u00e9rationnelle par le biais d\u2019un r\u00e9seau mondial de 6 campus innovation, avec + 400 partenariats acad\u00e9miques et des laboratoires   d\u00e9di\u00e9s -expertise data, IoT, mol\u00e9cules. ;\n<\/p>\n<p>\n &#8211; Strat\u00e9gie environnementale visant la neutralit\u00e9 carbone en 2050 :\n<\/p>\n<p>\n &#8211; par le biais de captage et stockage de CO2, production d\u2019hydrog\u00e8ne en \u00e9lectricit\u00e9 bas carbone et 8 Mds\u20ac investis sur 2022-2035 dans la cha\u00eene de valeur de l\u2019hydrog\u00e8ne,\n<\/p>\n<p>\n &#8211; d\u2019o\u00f9 une tr\u00e8s rapide baisse de l\u2019intensit\u00e9 carbone d\u00e8s 2024 :- 41 % vs 2015,\n<\/p>\n<p>\n &#8211; participation au fonds mondial de financement de l\u2019hydrog\u00e8ne d\u00e9carbon\u00e9 (1,2 Md\u20ac investis pour 15 Mds\u20ac d\u2019effet de levier), cr\u00e9ation avec Totalenergies de TEAL Mobility, futur n\u00b0 1 europ\u00e9en de la distribution d\u2019hydrog\u00e8ne pour poids lourds,\n<\/p>\n<p>\n &#8211; \u00e9missions d\u2019emprunts \u00ab verts \u00bb ;\n<\/p>\n<p>\n &#8211; Visibilit\u00e9 de l\u2019activit\u00e9 et des r\u00e9sultats futurs via :\n<\/p>\n<p>\n &#8211; les partenariats industriels de long terme et les contrats pluri-annuels (1\/3 des revenus g\u00e9n\u00e9r\u00e9s par les contrats de 20 ans) avec marge d\u2019exploitation de + 20 % ;\n<\/p>\n<p>\n &#8211; les d\u00e9cisions d\u2019investissements au niveau record de 4,4 Mds\u20ac ;\n<\/p>\n<p>\n &#8211; Soutien financier des fonds publics europ\u00e9ens et am\u00e9ricains \u00e0 la transition \u00e9nerg\u00e9tique et lancement aux Etats-Unis d\u2019un projet majeur d\u2019hydrog\u00e8ne bas-carbone avec ExxonMobil ;\n<\/p>\n<p>\n &#8211; Bilan sain avec un retour sur fonds propres de 35 %, une dette nette ramen\u00e9e \u00e0 9,2 Mds\u20ac, une capacit\u00e9 d\u2019autofinancement de 6,5 Mds\u20ac.\n<\/p>\n<p>\n <strong><br \/>\n  D\u00e9fis<br \/>\n <\/strong>\n<\/p>\n<p>\n &#8211; Impact n\u00e9gatif du recul des prix de l\u2019\u00e9nergie et des parit\u00e9s de changes, notamment  l\u2019euro\/peso argentin ;\n<\/p>\n<p>\n &#8211; Anticipation 2025, derni\u00e8re ann\u00e9e du plan Advance : croissance des revenus entre 5 et 6 %, un retour sur capitaux employ\u00e9s sup\u00e9rieur \u00e0 10 % et ralentissement des \u00e9missions de CO2 ?\n<\/p>\n<p>\n &#8211; Ambition 2025-26 d\u2019une marge op\u00e9rationnelle port\u00e9e de 19,9 \u00e0 pr\u00e8s de 22 % ;\n<\/p>\n<p>\n &#8211; Dividende 2024 de 3,3 \u20ac.<\/p>\n","protected":false},"excerpt":{"rendered":"(AOF) &#8211; Air Liquide a annonc\u00e9 deux op\u00e9rations de croissance externe outre-Rhin. Le Fran\u00e7ais a rachet\u00e9 intensivLeben GmbH&hellip;\n","protected":false},"author":2,"featured_media":2956,"comment_status":"","ping_status":"","sticky":false,"template":"","format":"standard","meta":{"footnotes":""},"categories":[1587],"tags":[400,11,672,398,408,1804,405,1805,1803,1777,674,1801,403,402,399,404,12,1802,401,406,407],"class_list":{"0":"post-133126","1":"post","2":"type-post","3":"status-publish","4":"format-standard","5":"has-post-thumbnail","7":"category-allemagne","8":"tag-action-cac-40","9":"tag-actualites","10":"tag-allemagne","11":"tag-bourse-de-paris","12":"tag-boursorama","13":"tag-bundesrepublik-deutschland","14":"tag-cotations","15":"tag-de","16":"tag-deutschland","17":"tag-eu","18":"tag-europe","19":"tag-germany","20":"tag-indices-devises","21":"tag-investir","22":"tag-investissement","23":"tag-marche-boursier","24":"tag-news","25":"tag-republique-federale-dallemagne","26":"tag-sicav","27":"tag-trackers","28":"tag-warrants"},"share_on_mastodon":{"url":"https:\/\/pubeurope.com\/@fr\/114582867481451662","error":""},"_links":{"self":[{"href":"https:\/\/www.europesays.com\/fr\/wp-json\/wp\/v2\/posts\/133126","targetHints":{"allow":["GET"]}}],"collection":[{"href":"https:\/\/www.europesays.com\/fr\/wp-json\/wp\/v2\/posts"}],"about":[{"href":"https:\/\/www.europesays.com\/fr\/wp-json\/wp\/v2\/types\/post"}],"author":[{"embeddable":true,"href":"https:\/\/www.europesays.com\/fr\/wp-json\/wp\/v2\/users\/2"}],"replies":[{"embeddable":true,"href":"https:\/\/www.europesays.com\/fr\/wp-json\/wp\/v2\/comments?post=133126"}],"version-history":[{"count":0,"href":"https:\/\/www.europesays.com\/fr\/wp-json\/wp\/v2\/posts\/133126\/revisions"}],"wp:featuredmedia":[{"embeddable":true,"href":"https:\/\/www.europesays.com\/fr\/wp-json\/wp\/v2\/media\/2956"}],"wp:attachment":[{"href":"https:\/\/www.europesays.com\/fr\/wp-json\/wp\/v2\/media?parent=133126"}],"wp:term":[{"taxonomy":"category","embeddable":true,"href":"https:\/\/www.europesays.com\/fr\/wp-json\/wp\/v2\/categories?post=133126"},{"taxonomy":"post_tag","embeddable":true,"href":"https:\/\/www.europesays.com\/fr\/wp-json\/wp\/v2\/tags?post=133126"}],"curies":[{"name":"wp","href":"https:\/\/api.w.org\/{rel}","templated":true}]}}