{"id":133131,"date":"2025-05-28T01:31:12","date_gmt":"2025-05-28T01:31:12","guid":{"rendered":"https:\/\/www.europesays.com\/fr\/133131\/"},"modified":"2025-05-28T01:31:12","modified_gmt":"2025-05-28T01:31:12","slug":"roland-garros-novak-djokovic-affole-amelie-mauresmo-maintenant-je-peux-rentrer-a-la-maison","status":"publish","type":"post","link":"https:\/\/www.europesays.com\/fr\/133131\/","title":{"rendered":"Roland Garros > Novak Djokovic affole Am\u00e9lie Mauresmo : \u00ab\u00a0Maintenant, je peux rentrer \u00e0 la maison\u00a0\u00bb"},"content":{"rendered":"<p>Deux jours apr\u00e8s la splen\u00addide c\u00e9r\u00e9\u00admonie en l\u2019hon\u00adneur de Rafael Nadal \u00e0 Roland\u2010Garros, Novak Djokovic a lui aussi eu droit \u00e0 une atten\u00adtion parti\u00adcu\u00adli\u00e8re de la part du tournoi.<\/p>\n<p>Le Serbe a en effet re\u00e7u, des mains d\u2019Am\u00e9lie Mauresmo, direc\u00adtrice du Grand Chelem pari\u00adsien, et de Gilles Moretton, pr\u00e9sident de la F\u00e9d\u00e9ration fran\u00ad\u00e7aise de tennis, deux troph\u00e9es\u00a0: l\u2019un pour ses 100 titres en carri\u00e8re, l\u2019autre pour ses 24 victoires en Grand Chelem (un record qu\u2019il partage avec Margaret Court).<\/p>\n<p><strong>\u00ab\u202fMaintenant, je peux rentrer \u00e0 la maison\u202f\u00bb<\/strong>, a plai\u00adsant\u00e9 Nole, ce \u00e0 quoi Mauresmo a r\u00e9pondu en souriant, avec une pointe d\u2019angoisse\u00a0: <strong>\u00ab\u202fNon,\u00a0non\u202f!\u00a0\u00bb<\/strong><\/p>\n<blockquote class=\"twitter-tweet\">\n<p lang=\"en\" dir=\"ltr\">A special trophy for a special man\u2026<\/p>\n<p>24 Slams<br \/>100 titles<\/p>\n<p>Congratulations <a href=\"https:\/\/twitter.com\/DjokerNole?ref_src=twsrc%5Etfw\" data-wpel-link=\"external\" target=\"_blank\" rel=\"nofollow external noopener\">@DjokerNole<\/a>\u202f! \ud83c\udfc6 <a href=\"https:\/\/t.co\/WGJAAYM2Lc\" data-wpel-link=\"external\" target=\"_blank\" rel=\"nofollow external noopener\">pic.twitter.com\/WGJAAYM2Lc<\/a><\/p>\n<p>\u2014 Roland\u2010Garros (@rolandgarros) <a href=\"https:\/\/twitter.com\/rolandgarros\/status\/1927399949353746534?ref_src=twsrc%5Etfw\" data-wpel-link=\"external\" target=\"_blank\" rel=\"nofollow external noopener\">May 27,\u00a02025<\/a><\/p><\/blockquote>\n<p>Pour rappel, Novak Djokovic affron\u00adtera le Fran\u00e7ais Corentin Moutet au deuxi\u00e8me tour\u00a0jeudi.\u00a0<\/p>\n<p class=\"post-published-date\" style=\"color: silver; font-size: 75%; text-align: left;\">Publi\u00e9 le mardi 27 mai 2025 \u00e0 22:41<\/p>\n<p><script async src=\"https:\/\/platform.twitter.com\/widgets.js\" charset=\"utf-8\"><\/script><\/p>\n","protected":false},"excerpt":{"rendered":"Deux jours apr\u00e8s la splen\u00addide c\u00e9r\u00e9\u00admonie en l\u2019hon\u00adneur de Rafael Nadal \u00e0 Roland\u2010Garros, Novak Djokovic a lui aussi&hellip;\n","protected":false},"author":2,"featured_media":133132,"comment_status":"","ping_status":"","sticky":false,"template":"","format":"standard","meta":{"footnotes":""},"categories":[2],"tags":[11,105,1011,27,1960,12,25],"class_list":{"0":"post-133131","1":"post","2":"type-post","3":"status-publish","4":"format-standard","5":"has-post-thumbnail","7":"category-actualites","8":"tag-actualites","9":"tag-djokovic","10":"tag-fr","11":"tag-france","12":"tag-nadal","13":"tag-news","14":"tag-republique-francaise"},"share_on_mastodon":{"url":"https:\/\/pubeurope.com\/@fr\/114582879450468017","error":""},"_links":{"self":[{"href":"https:\/\/www.europesays.com\/fr\/wp-json\/wp\/v2\/posts\/133131","targetHints":{"allow":["GET"]}}],"collection":[{"href":"https:\/\/www.europesays.com\/fr\/wp-json\/wp\/v2\/posts"}],"about":[{"href":"https:\/\/www.europesays.com\/fr\/wp-json\/wp\/v2\/types\/post"}],"author":[{"embeddable":true,"href":"https:\/\/www.europesays.com\/fr\/wp-json\/wp\/v2\/users\/2"}],"replies":[{"embeddable":true,"href":"https:\/\/www.europesays.com\/fr\/wp-json\/wp\/v2\/comments?post=133131"}],"version-history":[{"count":0,"href":"https:\/\/www.europesays.com\/fr\/wp-json\/wp\/v2\/posts\/133131\/revisions"}],"wp:featuredmedia":[{"embeddable":true,"href":"https:\/\/www.europesays.com\/fr\/wp-json\/wp\/v2\/media\/133132"}],"wp:attachment":[{"href":"https:\/\/www.europesays.com\/fr\/wp-json\/wp\/v2\/media?parent=133131"}],"wp:term":[{"taxonomy":"category","embeddable":true,"href":"https:\/\/www.europesays.com\/fr\/wp-json\/wp\/v2\/categories?post=133131"},{"taxonomy":"post_tag","embeddable":true,"href":"https:\/\/www.europesays.com\/fr\/wp-json\/wp\/v2\/tags?post=133131"}],"curies":[{"name":"wp","href":"https:\/\/api.w.org\/{rel}","templated":true}]}}