{"id":13314,"date":"2025-04-09T18:47:37","date_gmt":"2025-04-09T18:47:37","guid":{"rendered":"https:\/\/www.europesays.com\/fr\/13314\/"},"modified":"2025-04-09T18:47:37","modified_gmt":"2025-04-09T18:47:37","slug":"vol-de-chapeau-a-rennes-le-pretre-sen-remet-a-dieu-la-police-fait-le-reste-2","status":"publish","type":"post","link":"https:\/\/www.europesays.com\/fr\/13314\/","title":{"rendered":"Vol de chapeau \u00e0 Rennes\u00a0: le pr\u00eatre s\u2019en remet \u00e0 Dieu, la police fait le reste"},"content":{"rendered":"<tr wp_automatic_readability=\"6.8551724137931\">\n<td valign=\"middle\" align=\"center\" class=\"col-logo\" wp_automatic_readability=\"5\">\n    <img decoding=\"async\" src=\"https:\/\/www.europesays.com\/fr\/wp-content\/uploads\/2025\/04\/logo-of-monetise.svg\" alt=\"logo Ouest-France\" height=\"66\"\/><\/p>\n<p>Contenu r\u00e9serv\u00e9 aux abonn\u00e9s<\/p>\n<\/td>\n<td class=\"col-titre\">\n\t\t\tMardi 08 avril 2025 15:54<br \/>\n\t\t\t<a class=\"icon-bulle sizeL count\" href=\"#ancreAvis\"><br \/>\n\t&#8230;<br \/>\n<\/a><\/td>\n<\/tr>\n<p>\t\t<a class=\"mavillebox2 elmt-photo\" href=\"https:\/\/maville.com\/photosmvi\/2025\/04\/08\/P35158575D6756152G.jpg\" title=\" Le fameux chapeau Stetson, rendu au p\u00e8re Erwan Delahaye apr\u00e8s \u00eatre pass\u00e9 entre les mains du voleur.  \u00a9  Photo transmise par le p\u00e8re Erwan Delahaye  &lt;!--TAG-BLC credit--&gt;\" rel=\"galerie_actu noopener\" target=\"_blank\"><br \/>\n\t<img decoding=\"async\" src=\"https:\/\/www.europesays.com\/fr\/wp-content\/uploads\/2025\/04\/P35158575D6756152G_crop_640-330_.jpg\" alt=\"photo  le fameux chapeau stetson, rendu au p\u00e8re erwan delahaye apr\u00e8s \u00eatre pass\u00e9 entre les mains du voleur.  \u00a9  photo transmise par le p\u00e8re erwan delahaye \"\/><br \/>\n\t1<br \/>\n<\/a><\/p>\n<p class=\"elmt-legende\"> Le fameux chapeau Stetson, rendu au p\u00e8re Erwan Delahaye apr\u00e8s \u00eatre pass\u00e9 entre les mains du voleur.  \u00a9  Photo transmise par le p\u00e8re Erwan Delahaye  <\/p>\n<p>\t\tC\u2019est un vol pas tr\u00e8s catholique\u00a0: samedi 5\u00a0avril 2025, vers 18\u00a0h, un homme a arrach\u00e9 le chapeau du cur\u00e9 de la cath\u00e9drale Saint-Pierre de Rennes (Ille-et-Vilaine), qui \u00e9tait en balade sur le mail Fran\u00e7ois-Mitterrand. Bon timing ou miracle, des policiers en civil passaient justement par l\u00e0.<\/p>\n<p><b>Cet article est r\u00e9serv\u00e9 aux abonn\u00e9s<\/b><\/p>\n<p>Pour un acc\u00e8s imm\u00e9diat, abonnez-vous<\/p>\n<p><b>1\u00e8re semaine offerte<\/b><\/p>\n<p>\t\t Julia TOUSSAINT. \u00a0\u00a0<br \/>\n\t\tOuest-France<\/p>\n<p>Retrouvez d&rsquo;autres actus sur la commune de :<\/p>\n<p>\t\t&#13;<\/p>\n","protected":false},"excerpt":{"rendered":"Contenu r\u00e9serv\u00e9 aux abonn\u00e9s Mardi 08 avril 2025 15:54 &#8230; 1 Le fameux chapeau Stetson, rendu au p\u00e8re&hellip;\n","protected":false},"author":2,"featured_media":13212,"comment_status":"","ping_status":"","sticky":false,"template":"","format":"standard","meta":{"footnotes":""},"categories":[2821],"tags":[1111,11,829,5968,5971,1777,674,21,1011,27,2047,12,1072,5969,5970,584,25,3138,1175],"class_list":{"0":"post-13314","1":"post","2":"type-post","3":"status-publish","4":"format-standard","5":"has-post-thumbnail","7":"category-rennes","8":"tag-actu","9":"tag-actualites","10":"tag-bretagne","11":"tag-chapeau","12":"tag-dieu","13":"tag-eu","14":"tag-europe","15":"tag-fait","16":"tag-fr","17":"tag-france","18":"tag-mans","19":"tag-news","20":"tag-police","21":"tag-pretre","22":"tag-remet","23":"tag-rennes","24":"tag-republique-francaise","25":"tag-reste","26":"tag-vol"},"share_on_mastodon":{"url":"https:\/\/pubeurope.com\/@fr\/114309499666750778","error":""},"_links":{"self":[{"href":"https:\/\/www.europesays.com\/fr\/wp-json\/wp\/v2\/posts\/13314","targetHints":{"allow":["GET"]}}],"collection":[{"href":"https:\/\/www.europesays.com\/fr\/wp-json\/wp\/v2\/posts"}],"about":[{"href":"https:\/\/www.europesays.com\/fr\/wp-json\/wp\/v2\/types\/post"}],"author":[{"embeddable":true,"href":"https:\/\/www.europesays.com\/fr\/wp-json\/wp\/v2\/users\/2"}],"replies":[{"embeddable":true,"href":"https:\/\/www.europesays.com\/fr\/wp-json\/wp\/v2\/comments?post=13314"}],"version-history":[{"count":0,"href":"https:\/\/www.europesays.com\/fr\/wp-json\/wp\/v2\/posts\/13314\/revisions"}],"wp:featuredmedia":[{"embeddable":true,"href":"https:\/\/www.europesays.com\/fr\/wp-json\/wp\/v2\/media\/13212"}],"wp:attachment":[{"href":"https:\/\/www.europesays.com\/fr\/wp-json\/wp\/v2\/media?parent=13314"}],"wp:term":[{"taxonomy":"category","embeddable":true,"href":"https:\/\/www.europesays.com\/fr\/wp-json\/wp\/v2\/categories?post=13314"},{"taxonomy":"post_tag","embeddable":true,"href":"https:\/\/www.europesays.com\/fr\/wp-json\/wp\/v2\/tags?post=13314"}],"curies":[{"name":"wp","href":"https:\/\/api.w.org\/{rel}","templated":true}]}}