{"id":133165,"date":"2025-05-28T01:52:12","date_gmt":"2025-05-28T01:52:12","guid":{"rendered":"https:\/\/www.europesays.com\/fr\/133165\/"},"modified":"2025-05-28T01:52:12","modified_gmt":"2025-05-28T01:52:12","slug":"dans-quelques-jours-vous-ne-pourrez-plus-regarder-netflix-sur-ces-3-appareils","status":"publish","type":"post","link":"https:\/\/www.europesays.com\/fr\/133165\/","title":{"rendered":"Dans quelques jours, vous ne pourrez plus regarder Netflix sur ces 3 appareils"},"content":{"rendered":"<p>Il y a quelques jours, <a href=\"https:\/\/www.presse-citron.net\/telecharger\/multimedia\/video\/netflix.html\" target=\"_blank\" rel=\"noopener\">Netflix<\/a> a (encore) augment\u00e9 <a href=\"https:\/\/www.presse-citron.net\/prix-netflix-abonnement-guide\/\" target=\"_blank\" rel=\"noopener\">ses tarifs<\/a>. La pilule a du mal \u00e0 passer pour de nombreux abonn\u00e9s, dont le budget allou\u00e9 aux plateformes de streaming <a href=\"https:\/\/www.presse-citron.net\/netflix-disney-apple-tv-comment-les-plateformes-de-streaming-ont-fait-flamber-vos-factures\/\" target=\"_blank\" rel=\"noopener\">ne cessent d\u2019exploser au fil des ann\u00e9es<\/a>. Alors que la formule avec publicit\u00e9s ne permet m\u00eame pas d\u2019utiliser le Chromecast pour diffuser du contenu sur son t\u00e9l\u00e9viseur, voil\u00e0 qu\u2019elle est maintenant \u00e0 7,99 euros par mois au lieu de 5,99 euros. Dur, dur\u2026<\/p>\n<p>Une \u00e9ni\u00e8me mauvaise nouvelle vient faire grimacer plusieurs utilisateurs de la plateforme de streaming au N rouge. Effectivement, l\u2019application Netflix ne fonctionnera plus sur certains appareils Fire TV ou Fire TV Stick d\u2019Amazon <strong>d\u00e8s le 3 juin 2025<\/strong>. Dans les prochains jours, de nombreux abonn\u00e9s ne pourront donc plus profiter du service comme \u00e0 leur habitude. On fait le point.<\/p>\n<p> Netflix ne fonctionnera plus sur ces appareils Fire TV <\/p>\n<p>Si vous poss\u00e9dez un Fire TV ou un Fire TV Stick de 2014, vous allez devoir faire une croix sur vos soir\u00e9es \u00e0 binge-watcher Netflix. C\u2019est la m\u00eame chose si vous \u00eates l\u2019heureux propri\u00e9taire d\u2019un Fire TV Stick avec t\u00e9l\u00e9commande vocale Alexa de 2016. D\u00e8s le 3 juin 2025, Netflix ne fonctionnera plus sur ces 3 appareils. Les clients concern\u00e9s ont, normalement, re\u00e7u un e-mail de la part du leader du streaming.<\/p>\n<p>Si Netflix n\u2019est pas rentr\u00e9 dans les d\u00e9tails, on se doute qu\u2019il est question de l\u2019\u00e9volution des technologies. Ces Fire TV et Fire TV Stick ont plus d\u2019une d\u00e9cennie au compteur et cela fait plusieurs ann\u00e9es qu\u2019ils ne re\u00e7oivent plus les mises \u00e0 jour d\u2019Amazon\u2026 De plus, ils ne sont pas en mesure de g\u00e9rer les nouvelles normes, \u00e0 l\u2019instar du codec AV1 qui promet une qualit\u00e9 d\u2019image sup\u00e9rieure. La raison de cette d\u00e9cision co\u00efncide avec l\u2019arriv\u00e9e de la nouvelle interface de Netflix, qui s\u2019appuie sur l\u2019intelligence artificielle. Comme il s\u2019agit d\u2019un probl\u00e8me mat\u00e9riel, et non logiciel, vous ne pouvez, h\u00e9las, rien y faire.<\/p>\n<p>Ce n\u2019est pas la premi\u00e8re fois que Netflix d\u00e9\u00e7oit des utilisateurs en arr\u00eatant la prise en charge d\u2019appareils un peu plus vieux, comme certains t\u00e9l\u00e9viseurs ou des lecteurs Blu-ray. Il est donc l\u2019heure de faire vos adieux \u00e0 votre vieux Fire TV. Vous pouvez, bien s\u00fbr, le remplacer par un mod\u00e8le plus r\u00e9cent d\u2019Amazon, par le Xiaomi Smart TV Stick 4K, le <a href=\"https:\/\/www.presse-citron.net\/test-gooogle-tv-streamer\/\" target=\"_blank\" rel=\"noopener\">Google TV Streamer<\/a> ou encore le NVIDIA Shield TV. \u00c0 savoir que Netflix est accessible sur votre smartphone, sur votre ordinateur ainsi que sur votre Smart TV si elle n\u2019est pas trop vieillotte.<\/p>\n<blockquote>\n<p class=\"text-base text-neutral-700 dark:text-neutral-300\">\ud83d\udccd Pour ne manquer aucune actualit\u00e9 de Presse-citron, suivez-nous sur <a href=\"https:\/\/news.google.com\/publications\/CAAqBggKMIPiNTC70wU?hl=fr&amp;gl=FR&amp;ceid=FR%3Afr\" target=\"_blank\" rel=\"noopener\">Google Actualit\u00e9s<\/a> et <a href=\"https:\/\/whatsapp.com\/channel\/0029VaCkGuz4NViitBXbEr0b\" target=\"_blank\" rel=\"noopener\">WhatsApp<\/a>.<\/p>\n<\/blockquote>\n<p>            <img decoding=\"async\" src=\"https:\/\/www.europesays.com\/fr\/wp-content\/uploads\/2025\/05\/netflix-logo-.jpg\" alt=\"Netflix\" loading=\"lazy\"\/>                <\/p>\n","protected":false},"excerpt":{"rendered":"Il y a quelques jours, Netflix a (encore) augment\u00e9 ses tarifs. La pilule a du mal \u00e0 passer&hellip;\n","protected":false},"author":2,"featured_media":133166,"comment_status":"","ping_status":"","sticky":false,"template":"","format":"standard","meta":{"footnotes":""},"categories":[7],"tags":[1011,27,127,43,40,41,39,42,44],"class_list":{"0":"post-133165","1":"post","2":"type-post","3":"status-publish","4":"format-standard","5":"has-post-thumbnail","7":"category-sciences-et-technologies","8":"tag-fr","9":"tag-france","10":"tag-netflix","11":"tag-science","12":"tag-science-and-technology","13":"tag-sciences","14":"tag-sciences-et-technologies","15":"tag-technologies","16":"tag-technology"},"share_on_mastodon":{"url":"https:\/\/pubeurope.com\/@fr\/114582961788673589","error":""},"_links":{"self":[{"href":"https:\/\/www.europesays.com\/fr\/wp-json\/wp\/v2\/posts\/133165","targetHints":{"allow":["GET"]}}],"collection":[{"href":"https:\/\/www.europesays.com\/fr\/wp-json\/wp\/v2\/posts"}],"about":[{"href":"https:\/\/www.europesays.com\/fr\/wp-json\/wp\/v2\/types\/post"}],"author":[{"embeddable":true,"href":"https:\/\/www.europesays.com\/fr\/wp-json\/wp\/v2\/users\/2"}],"replies":[{"embeddable":true,"href":"https:\/\/www.europesays.com\/fr\/wp-json\/wp\/v2\/comments?post=133165"}],"version-history":[{"count":0,"href":"https:\/\/www.europesays.com\/fr\/wp-json\/wp\/v2\/posts\/133165\/revisions"}],"wp:featuredmedia":[{"embeddable":true,"href":"https:\/\/www.europesays.com\/fr\/wp-json\/wp\/v2\/media\/133166"}],"wp:attachment":[{"href":"https:\/\/www.europesays.com\/fr\/wp-json\/wp\/v2\/media?parent=133165"}],"wp:term":[{"taxonomy":"category","embeddable":true,"href":"https:\/\/www.europesays.com\/fr\/wp-json\/wp\/v2\/categories?post=133165"},{"taxonomy":"post_tag","embeddable":true,"href":"https:\/\/www.europesays.com\/fr\/wp-json\/wp\/v2\/tags?post=133165"}],"curies":[{"name":"wp","href":"https:\/\/api.w.org\/{rel}","templated":true}]}}