{"id":133169,"date":"2025-05-28T01:54:08","date_gmt":"2025-05-28T01:54:08","guid":{"rendered":"https:\/\/www.europesays.com\/fr\/133169\/"},"modified":"2025-05-28T01:54:08","modified_gmt":"2025-05-28T01:54:08","slug":"washington-envisage-de-passer-au-crible-les-reseaux-sociaux-des-candidats-liberation","status":"publish","type":"post","link":"https:\/\/www.europesays.com\/fr\/133169\/","title":{"rendered":"Washington envisage de passer au crible les r\u00e9seaux sociaux des candidats \u2013 Lib\u00e9ration"},"content":{"rendered":"<p class=\"sc-ksZaOG ehjQrN text-element\">L\u2019administration Trump a ordonn\u00e9 l\u2019arr\u00eat des nouveaux entretiens pour les visas \u00e9tudiants, rapporte ce mardi 27 mai le m\u00e9dia politique am\u00e9ricain Politico, dont les informations ont \u00e9t\u00e9 confirm\u00e9es dans la foul\u00e9e par les agences Bloomberg et Reuters. En cause : l\u2019administration am\u00e9ricaine envisage d\u2019exiger que tous les \u00e9trangers souhaitant \u00e9tudier aux Etats-Unis se soumettent \u00e0 un contr\u00f4le de leurs r\u00e9seaux sociaux. En pr\u00e9vision, le secr\u00e9taire d\u2019Etat, Marco Rubio, vient ainsi de demander \u00e0 toutes les ambassades am\u00e9ricaines de cesser de programmer les entretiens obligatoires pour les candidats au visa, \u00abjusqu\u2019\u00e0 la publication de nouvelles directives attendues dans les prochains jours\u00bb.<\/p>\n<p class=\"sc-ksZaOG ehjQrN text-element\">Ces nouvelles r\u00e8gles pourraient ralentir consid\u00e9rablement le traitement des visas \u00e9tudiants, mais \u00e9galement fragiliser certaines universit\u00e9s am\u00e9ricaines, <a href=\"https:\/\/www.liberation.fr\/international\/amerique\/trump-contre-harvard-priver-une-universite-de-ses-etudiants-etrangers-cest-menacer-lentierete-du-modele-americain-20250524_J4OAFH3T4RHWDKWAM4KHNRR4EE\/\" target=\"_blank\" rel=\"noreferrer noopener\" title=\"https:\/\/www.liberation.fr\/international\/amerique\/trump-contre-harvard-priver-une-universite-de-ses-etudiants-etrangers-cest-menacer-lentierete-du-modele-americain-20250524_J4OAFH3T4RHWDKWAM4KHNRR4EE\/\">qui d\u00e9pendent \u00e9conomiquement fortement des \u00e9tudiants \u00e9trangers<\/a>. Pour l\u2019heure, l\u2019administration Trump n\u2019a pas communiqu\u00e9 sur les d\u00e9tails de ce nouveau filtrage des r\u00e9seaux sociaux. Ce que l\u2019on sait, en revanche, c\u2019est que le camp Trump accuse plusieurs universit\u00e9s am\u00e9ricaines d\u2019\u00eatre trop lib\u00e9rales, ou d\u2019\u00eatre des foyers d\u2019antis\u00e9mitisme et de \u00abwokisme\u00bb.<\/p>\n<p class=\"sc-ksZaOG ehjQrN text-element\">Donald Trump a notamment lanc\u00e9 une <a href=\"https:\/\/www.liberation.fr\/international\/amerique\/trump-contre-harvard-la-maison-blanche-sattaque-aux-contrats-publics-20250527_SYHZUFNA3BB3VNYYKMZZ5VD3BE\/\" target=\"_blank\" rel=\"noopener\" title=\"https:\/\/www.liberation.fr\/international\/amerique\/trump-contre-harvard-la-maison-blanche-sattaque-aux-contrats-publics-20250527_SYHZUFNA3BB3VNYYKMZZ5VD3BE\/\">violente offensive contre Harvard<\/a>, l\u2019une des plus prestigieuses universit\u00e9s am\u00e9ricaines, qui refuse de lui donner un droit de regard sur les admissions d\u2019\u00e9tudiants et les recrutements de professeurs. Lundi, il a affirm\u00e9 qu\u2019il \u00abgagnerait\u00bb ce duel avec l\u2019universit\u00e9 sans doute la plus c\u00e9l\u00e8bre du monde, \u00e0 laquelle il veut notamment interdire de recevoir des \u00e9tudiants \u00e9trangers. Quelques jours plus t\u00f4t, la ministre de la S\u00e9curit\u00e9 int\u00e9rieure, Kristi Noem, avait annonc\u00e9 le retrait de la certification Sevis (Student and Exchange Visitor, permettant l\u2019accueil d\u2019\u00e9tudiants \u00e9trangers) de Harvard, mais une juge f\u00e9d\u00e9rale a rapidement suspendu la mesure.<\/p>\n","protected":false},"excerpt":{"rendered":"L\u2019administration Trump a ordonn\u00e9 l\u2019arr\u00eat des nouveaux entretiens pour les visas \u00e9tudiants, rapporte ce mardi 27 mai le&hellip;\n","protected":false},"author":2,"featured_media":133170,"comment_status":"","ping_status":"","sticky":false,"template":"","format":"standard","meta":{"footnotes":""},"categories":[5],"tags":[11,75,73,1011,27,14,12,5768,28],"class_list":{"0":"post-133169","1":"post","2":"type-post","3":"status-publish","4":"format-standard","5":"has-post-thumbnail","7":"category-international","8":"tag-actualites","9":"tag-donald-trump","10":"tag-etats-unis","11":"tag-fr","12":"tag-france","13":"tag-international","14":"tag-news","15":"tag-universite","16":"tag-world"},"share_on_mastodon":{"url":"https:\/\/pubeurope.com\/@fr\/114582969573462178","error":""},"_links":{"self":[{"href":"https:\/\/www.europesays.com\/fr\/wp-json\/wp\/v2\/posts\/133169","targetHints":{"allow":["GET"]}}],"collection":[{"href":"https:\/\/www.europesays.com\/fr\/wp-json\/wp\/v2\/posts"}],"about":[{"href":"https:\/\/www.europesays.com\/fr\/wp-json\/wp\/v2\/types\/post"}],"author":[{"embeddable":true,"href":"https:\/\/www.europesays.com\/fr\/wp-json\/wp\/v2\/users\/2"}],"replies":[{"embeddable":true,"href":"https:\/\/www.europesays.com\/fr\/wp-json\/wp\/v2\/comments?post=133169"}],"version-history":[{"count":0,"href":"https:\/\/www.europesays.com\/fr\/wp-json\/wp\/v2\/posts\/133169\/revisions"}],"wp:featuredmedia":[{"embeddable":true,"href":"https:\/\/www.europesays.com\/fr\/wp-json\/wp\/v2\/media\/133170"}],"wp:attachment":[{"href":"https:\/\/www.europesays.com\/fr\/wp-json\/wp\/v2\/media?parent=133169"}],"wp:term":[{"taxonomy":"category","embeddable":true,"href":"https:\/\/www.europesays.com\/fr\/wp-json\/wp\/v2\/categories?post=133169"},{"taxonomy":"post_tag","embeddable":true,"href":"https:\/\/www.europesays.com\/fr\/wp-json\/wp\/v2\/tags?post=133169"}],"curies":[{"name":"wp","href":"https:\/\/api.w.org\/{rel}","templated":true}]}}