{"id":133186,"date":"2025-05-28T02:04:18","date_gmt":"2025-05-28T02:04:18","guid":{"rendered":"https:\/\/www.europesays.com\/fr\/133186\/"},"modified":"2025-05-28T02:04:18","modified_gmt":"2025-05-28T02:04:18","slug":"tennis-de-table-pas-de-championnats-du-monde-2027-a-montpellier-le-kazakhstan-choisi-sport-2","status":"publish","type":"post","link":"https:\/\/www.europesays.com\/fr\/133186\/","title":{"rendered":"Tennis de table. Pas de Championnats du monde 2027 \u00e0 Montpellier, le Kazakhstan choisi . Sport"},"content":{"rendered":"<p>Coup dur pour le tennis de table fran\u00e7ais. Alors que la pratique ne cesse de se d\u00e9mocratiser, notamment gr\u00e2ce <a href=\"https:\/\/rennes.maville.com\/sport\/detail_-mondiaux-de-tennis-de-table.-les-freres-lebrun-decus-apres-leur-elimination-en-demi-finale-_54135-6823727_actu.Htm\" target=\"_blank\" rel=\"noopener\">aux fr\u00e8res vedettes Alexis et F\u00e9lix Lebrun<\/a>, l\u2019Hexagone n\u2019a pas \u00e9t\u00e9 retenu pour accueillir les championnats du monde 2027. R\u00e9unis ce mardi 27\u00a0mai, les membres de la F\u00e9d\u00e9ration internationale (ITTF) ont pr\u00e9f\u00e9r\u00e9 la capitale du Kazakhstan, Astana, \u00e0 Montpellier, ville d\u2019origine de la fratrie Lebrun.<\/p>\n<p>Le dossier fran\u00e7ais avait les faveurs de l\u2019ITTF<\/p>\n<p>Un choix que certains qualifieront d\u2019\u00e9tonnant alors que le pays kazakh n\u2019a pas vraiment la fibre tennis de table, \u00e0 l\u2019inverse de la France, qui surfe sur ses Jeux olympiques historiques avec deux m\u00e9dailles de bronze\u00a0: en simple pour F\u00e9lix Lebrun et par \u00e9quipes (Alexis Lebrun, F\u00e9lix Lebrun, Simon Gauzy).<\/p>\n<p>D\u2019autant plus que le dossier fran\u00e7ais avait \u00e9t\u00e9 jug\u00e9 comme le meilleur par l\u2019ITTF, consult\u00e9e pour un simple avis consultatif. Finalement, Montpellier aura r\u00e9colt\u00e9 38,73\u00a0% des suffrages au premier tour, contre 42,65\u00a0% pour Astana, qui est donc sortie gagnante lors du deuxi\u00e8me vote.<\/p>\n<p><strong>Lire aussi\u00a0: <\/strong> <a href=\"https:\/\/rennes.maville.com\/sport\/detail_-mondiaux-de-tennis-de-table.-razzia-de-la-chine-sun-yingsha-et-wang-chuqin-champions-du-monde-_54135-6823950_actu.Htm\" target=\"_blank\" rel=\"noopener\">Mondiaux de tennis de table. Razzia de la Chine, Sun Yingsha et Wang Chuqin champions du monde<\/a><\/p>\n<p>Par ailleurs, la ville de Fukuoka (Japon) a \u00e9t\u00e9 retenue pour accueillir les prochains Mondiaux par \u00e9quipes de 2028, tandis que l\u2019\u00e9preuve individuelle de 2029 se tiendra \u00e0 Rio de Janeiro (Br\u00e9sil).<\/p>\n<p>\u00a0<\/p>\n","protected":false},"excerpt":{"rendered":"Coup dur pour le tennis de table fran\u00e7ais. Alors que la pratique ne cesse de se d\u00e9mocratiser, notamment&hellip;\n","protected":false},"author":2,"featured_media":132828,"comment_status":"","ping_status":"","sticky":false,"template":"","format":"standard","meta":{"footnotes":""},"categories":[9599],"tags":[1111,11,3809,1465,1777,674,63,1011,27,4044,1792,1922,2208,12,2680,25,479,517,1470],"class_list":{"0":"post-133186","1":"post","2":"type-post","3":"status-publish","4":"format-standard","5":"has-post-thumbnail","7":"category-montpellier","8":"tag-actu","9":"tag-actualites","10":"tag-ball","11":"tag-basket","12":"tag-eu","13":"tag-europe","14":"tag-football","15":"tag-fr","16":"tag-france","17":"tag-guingamp","18":"tag-handball","19":"tag-info","20":"tag-montpellier","21":"tag-news","22":"tag-occitanie","23":"tag-republique-francaise","24":"tag-rugby","25":"tag-sport","26":"tag-volley"},"share_on_mastodon":{"url":"https:\/\/pubeurope.com\/@fr\/114583009031177858","error":""},"_links":{"self":[{"href":"https:\/\/www.europesays.com\/fr\/wp-json\/wp\/v2\/posts\/133186","targetHints":{"allow":["GET"]}}],"collection":[{"href":"https:\/\/www.europesays.com\/fr\/wp-json\/wp\/v2\/posts"}],"about":[{"href":"https:\/\/www.europesays.com\/fr\/wp-json\/wp\/v2\/types\/post"}],"author":[{"embeddable":true,"href":"https:\/\/www.europesays.com\/fr\/wp-json\/wp\/v2\/users\/2"}],"replies":[{"embeddable":true,"href":"https:\/\/www.europesays.com\/fr\/wp-json\/wp\/v2\/comments?post=133186"}],"version-history":[{"count":0,"href":"https:\/\/www.europesays.com\/fr\/wp-json\/wp\/v2\/posts\/133186\/revisions"}],"wp:featuredmedia":[{"embeddable":true,"href":"https:\/\/www.europesays.com\/fr\/wp-json\/wp\/v2\/media\/132828"}],"wp:attachment":[{"href":"https:\/\/www.europesays.com\/fr\/wp-json\/wp\/v2\/media?parent=133186"}],"wp:term":[{"taxonomy":"category","embeddable":true,"href":"https:\/\/www.europesays.com\/fr\/wp-json\/wp\/v2\/categories?post=133186"},{"taxonomy":"post_tag","embeddable":true,"href":"https:\/\/www.europesays.com\/fr\/wp-json\/wp\/v2\/tags?post=133186"}],"curies":[{"name":"wp","href":"https:\/\/api.w.org\/{rel}","templated":true}]}}