{"id":133187,"date":"2025-05-28T02:09:02","date_gmt":"2025-05-28T02:09:02","guid":{"rendered":"https:\/\/www.europesays.com\/fr\/133187\/"},"modified":"2025-05-28T02:09:02","modified_gmt":"2025-05-28T02:09:02","slug":"des-victimes-quand-il-etait-en-poste-a-grenoble","status":"publish","type":"post","link":"https:\/\/www.europesays.com\/fr\/133187\/","title":{"rendered":"des victimes quand il \u00e9tait en poste \u00e0 Grenoble ?"},"content":{"rendered":"<p itemprop=\"description\"><strong>Le directeur g\u00e9n\u00e9ral du Crous de Bordeaux est dans le viseur de l&rsquo;Inspection g\u00e9n\u00e9rale de l&rsquo;\u00e9ducation, du sport et de la recherche, avant peut-\u00eatre de se retrouver dans celui de la justice.<\/strong><\/p>\n<p>Une enqu\u00eate administrative est en cours, apr\u00e8s le t\u00e9moignage de sept femmes qui l&rsquo;accusent d&rsquo;agressions sexuelles et de harc\u00e8lement.<\/p>\n<p>Quatre victimes pr\u00e9sum\u00e9es se trouvent \u00e0 Bordeaux, les trois autres sont is\u00e9roises puisque Jean-Pierre Ferr\u00e9 \u00e9tait \u00e0 la t\u00eate du Crous de Grenoble entre 2013 et 2018.<\/p>\n<p>L&rsquo;int\u00e9ress\u00e9 a ni\u00e9 les faits aupr\u00e8s de l&rsquo;AFP, expliquant ne pas \u00eatre au courant de l&rsquo;existence de cette enqu\u00eate administrative pourtant lanc\u00e9e en f\u00e9vrier. D&rsquo;ailleurs, il est toujours en poste \u00e0 Bordeaux, sans aucune mesure de suspension.<\/p>\n<p>L&rsquo;enqu\u00eate doit se conclure cet \u00e9t\u00e9.<\/p>\n","protected":false},"excerpt":{"rendered":"Le directeur g\u00e9n\u00e9ral du Crous de Bordeaux est dans le viseur de l&rsquo;Inspection g\u00e9n\u00e9rale de l&rsquo;\u00e9ducation, du sport&hellip;\n","protected":false},"author":2,"featured_media":133188,"comment_status":"","ping_status":"","sticky":false,"template":"","format":"standard","meta":{"footnotes":""},"categories":[9566],"tags":[1111,11,7733,8279,2430,7736,650,7734,2889,2263,1777,674,1011,27,2731,8280,6417,1114,108,4662,12,3725,1825,25,7737],"class_list":{"0":"post-133187","1":"post","2":"type-post","3":"status-publish","4":"format-standard","5":"has-post-thumbnail","7":"category-grenoble","8":"tag-actu","9":"tag-actualites","10":"tag-alpes","11":"tag-alpes1","12":"tag-auvergne-rhone-alpes","13":"tag-cds","14":"tag-cinema","15":"tag-ecoute","16":"tag-emission","17":"tag-equipe","18":"tag-eu","19":"tag-europe","20":"tag-fr","21":"tag-france","22":"tag-grenoble","23":"tag-haute","24":"tag-information","25":"tag-infos","26":"tag-isere","27":"tag-journal","28":"tag-news","29":"tag-podcast","30":"tag-radio","31":"tag-republique-francaise","32":"tag-winamp"},"share_on_mastodon":{"url":"https:\/\/pubeurope.com\/@fr\/114583028609066095","error":""},"_links":{"self":[{"href":"https:\/\/www.europesays.com\/fr\/wp-json\/wp\/v2\/posts\/133187","targetHints":{"allow":["GET"]}}],"collection":[{"href":"https:\/\/www.europesays.com\/fr\/wp-json\/wp\/v2\/posts"}],"about":[{"href":"https:\/\/www.europesays.com\/fr\/wp-json\/wp\/v2\/types\/post"}],"author":[{"embeddable":true,"href":"https:\/\/www.europesays.com\/fr\/wp-json\/wp\/v2\/users\/2"}],"replies":[{"embeddable":true,"href":"https:\/\/www.europesays.com\/fr\/wp-json\/wp\/v2\/comments?post=133187"}],"version-history":[{"count":0,"href":"https:\/\/www.europesays.com\/fr\/wp-json\/wp\/v2\/posts\/133187\/revisions"}],"wp:featuredmedia":[{"embeddable":true,"href":"https:\/\/www.europesays.com\/fr\/wp-json\/wp\/v2\/media\/133188"}],"wp:attachment":[{"href":"https:\/\/www.europesays.com\/fr\/wp-json\/wp\/v2\/media?parent=133187"}],"wp:term":[{"taxonomy":"category","embeddable":true,"href":"https:\/\/www.europesays.com\/fr\/wp-json\/wp\/v2\/categories?post=133187"},{"taxonomy":"post_tag","embeddable":true,"href":"https:\/\/www.europesays.com\/fr\/wp-json\/wp\/v2\/tags?post=133187"}],"curies":[{"name":"wp","href":"https:\/\/api.w.org\/{rel}","templated":true}]}}