{"id":133214,"date":"2025-05-28T02:26:08","date_gmt":"2025-05-28T02:26:08","guid":{"rendered":"https:\/\/www.europesays.com\/fr\/133214\/"},"modified":"2025-05-28T02:26:08","modified_gmt":"2025-05-28T02:26:08","slug":"a-marseille-une-semaine-de-collecte-sur-le-vieux-port-pour-renforcer-les-reserves","status":"publish","type":"post","link":"https:\/\/www.europesays.com\/fr\/133214\/","title":{"rendered":"\u00e0 Marseille, une semaine de collecte sur le Vieux-Port pour renforcer les r\u00e9serves"},"content":{"rendered":"<p><a href=\"https:\/\/www.laprovence.com\/article\/region\/1326494710300515\/don-du-sang-on-a-besoin-de-1-000-dons-par-jour-rappelle-l-association-pour-une-mobilisation-en-provence\" target=\"_blank\" rel=\"nofollow noopener\">1 000\u00a0dons<\/a> sont n\u00e9cessaires chaque jour dans la r\u00e9gion Provence-Alpes-C\u00f4te d&rsquo;Azur. Pour r\u00e9pondre \u00e0 ces besoins, les donneurs sont attendus dans une ambiance festive sur le Vieux-Port lors d\u2019une collecte organis\u00e9e par l\u2019\u00e9tablissement fran\u00e7ais du sang <a href=\"https:\/\/www.laprovence.com\/article\/sante\/1398903068358115\/les-benevoles-de-letablissement-francais-du-sang-dorange-sont-a-la-recherche-de-bonnes-volontes\" target=\"_blank\" rel=\"nofollow noopener\">(EFS)<\/a>. Objectif : renforcer les r\u00e9serves en touchant le plus de personnes possible. \u00ab\u00a0On s\u2019adresse \u00e0 tous, les touristes, les Marseillais, les donneurs connus, les nouveaux donneurs, les passants\u201d, d\u00e9taille Brice Mollaret, responsable des pr\u00e9l\u00e8vements pour les Bouches-du-Rh\u00f4ne. Et d\u2019ajouter\u00a0: \u00ab\u00a0Si on arrive \u00e0 accueillir 750, voire 800 personnes dans la semaine, \u00e7a serait un beau r\u00e9sultat.\u201d<\/p>\n<p>\u00ab\u00a0Je me suis rendu compte que \u00e7a pouvait sauver des vies\u201d<\/p>\n<p>Pour atteindre cet objectif, un chapiteau blanc a \u00e9t\u00e9 install\u00e9, quai de la fraternit\u00e9 sur le Vieux-Port. Et devant, Ga\u00ebtane, b\u00e9n\u00e9vole du <a href=\"https:\/\/www.laprovence.com\/article\/region\/1449854317270715\/le-rotary-club-de-gardanne-offre-48-000e-a-lhopital-daix-pour-financer-des-tables-chauffantes-pour-les-bebes\" target=\"_blank\" rel=\"nofollow noopener\">Rotary club<\/a> de Marseille, tente de convaincre les passants de donner leur sang. \u00ab\u00a0On a r\u00e9ussi \u00e0 persuader beaucoup de primo donneurs cet apr\u00e8s-midi, se f\u00e9licite-t-elle. Les gens se rendent compte qu\u2019il y a une v\u00e9ritable n\u00e9cessit\u00e9 de donner.\u201d C\u2019est le cas de Yohan, 27\u00a0ans\u00a0: \u00ab\u00a0Je suis venu pour la premi\u00e8re fois aujourd\u2019hui gr\u00e2ce \u00e0 la personne \u00e0 ma droite, explique-t-il en d\u00e9signant sa copine, assise \u00e0 c\u00f4t\u00e9 de lui. Je me suis rendu compte que \u00e7a pouvait sauver des vies quand sa m\u00e8re a eu besoin de sang dans une op\u00e9ration.\u201d<\/p>\n<p>C\u2019est \u00e9galement le message que souhaite faire passer l\u2019EFS. \u00ab\u00a0En prenant seulement une heure de votre journ\u00e9e, vous pouvez sauver jusqu\u2019\u00e0 trois vies\u00a0\u00bb, souligne Brice Morallet en rappelant qu\u2019un homme peut donner jusqu\u2019\u00e0 six fois par an et une femme quatre fois. \u00ab\u00a0Il faut le faire parce que quand on en aura besoin, on sera bien content que quelqu\u2019un l\u2019ait fait pour nous\u00a0\u00bb, ajoute Nicolas, 26\u00a0ans, venu donner son sang pour la troisi\u00e8me fois.<\/p>\n<p>Pour autant, il est difficile de maintenir la r\u00e9gularit\u00e9 des dons \u00e0 cette p\u00e9riode de l\u2019ann\u00e9e. \u00ab\u00a0Le mois de mai est une p\u00e9riode assez sensible pour les r\u00e9serves de sang avec un nombre de jours f\u00e9ri\u00e9s important\u201d, d\u00e9plore le responsable des pr\u00e9l\u00e8vements pour le d\u00e9partement. En outre, les produits sanguins ont une dur\u00e9e de vie tr\u00e8s courte\u00a0: 7\u00a0jours pour les plaquettes et 42\u00a0jours pour les globules rouges.<\/p>\n<p>La mobilisation est donc essentielle pour r\u00e9pondre aux besoins constants en produits sanguins alors que \u00ab\u00a0la r\u00e9gion n\u2019est pas autosuffisante en dons\u00a0\u00bb.\u00a0Une poche transfus\u00e9e sur trois proviendrait d\u2019une autre r\u00e9gion selon l\u2019EFS.<\/p>\n<p>Pour donner son sang, il faut avoir entre 18 et 70\u00a0ans, peser 50\u00a0kg et venir avec une pi\u00e8ce d\u2019identit\u00e9. Pour prendre rendez-vous\u00a0: www.dondesang.efs.sante.fr.<\/p>\n","protected":false},"excerpt":{"rendered":"1 000\u00a0dons sont n\u00e9cessaires chaque jour dans la r\u00e9gion Provence-Alpes-C\u00f4te d&rsquo;Azur. Pour r\u00e9pondre \u00e0 ces besoins, les donneurs&hellip;\n","protected":false},"author":2,"featured_media":133215,"comment_status":"","ping_status":"","sticky":false,"template":"","format":"standard","meta":{"footnotes":""},"categories":[2814],"tags":[17,1111,11,10957,13554,1777,674,1011,27,884,12,882,25,7233,71,5572,3356,96],"class_list":{"0":"post-133214","1":"post","2":"type-post","3":"status-publish","4":"format-standard","5":"has-post-thumbnail","7":"category-marseille","8":"tag-17","9":"tag-actu","10":"tag-actualites","11":"tag-collecte","12":"tag-don","13":"tag-eu","14":"tag-europe","15":"tag-fr","16":"tag-france","17":"tag-marseille","18":"tag-news","19":"tag-provence-alpes-cote-dazur","20":"tag-republique-francaise","21":"tag-sang","22":"tag-sante","23":"tag-semaine","24":"tag-sur","25":"tag-une"},"share_on_mastodon":{"url":"https:\/\/pubeurope.com\/@fr\/114583095432911501","error":""},"_links":{"self":[{"href":"https:\/\/www.europesays.com\/fr\/wp-json\/wp\/v2\/posts\/133214","targetHints":{"allow":["GET"]}}],"collection":[{"href":"https:\/\/www.europesays.com\/fr\/wp-json\/wp\/v2\/posts"}],"about":[{"href":"https:\/\/www.europesays.com\/fr\/wp-json\/wp\/v2\/types\/post"}],"author":[{"embeddable":true,"href":"https:\/\/www.europesays.com\/fr\/wp-json\/wp\/v2\/users\/2"}],"replies":[{"embeddable":true,"href":"https:\/\/www.europesays.com\/fr\/wp-json\/wp\/v2\/comments?post=133214"}],"version-history":[{"count":0,"href":"https:\/\/www.europesays.com\/fr\/wp-json\/wp\/v2\/posts\/133214\/revisions"}],"wp:featuredmedia":[{"embeddable":true,"href":"https:\/\/www.europesays.com\/fr\/wp-json\/wp\/v2\/media\/133215"}],"wp:attachment":[{"href":"https:\/\/www.europesays.com\/fr\/wp-json\/wp\/v2\/media?parent=133214"}],"wp:term":[{"taxonomy":"category","embeddable":true,"href":"https:\/\/www.europesays.com\/fr\/wp-json\/wp\/v2\/categories?post=133214"},{"taxonomy":"post_tag","embeddable":true,"href":"https:\/\/www.europesays.com\/fr\/wp-json\/wp\/v2\/tags?post=133214"}],"curies":[{"name":"wp","href":"https:\/\/api.w.org\/{rel}","templated":true}]}}