{"id":13322,"date":"2025-04-09T18:53:06","date_gmt":"2025-04-09T18:53:06","guid":{"rendered":"https:\/\/www.europesays.com\/fr\/13322\/"},"modified":"2025-04-09T18:53:06","modified_gmt":"2025-04-09T18:53:06","slug":"le-parti-communiste-a-choisi-ses-chefs-de-file","status":"publish","type":"post","link":"https:\/\/www.europesays.com\/fr\/13322\/","title":{"rendered":"le Parti Communiste a choisi ses chefs de file"},"content":{"rendered":"<p>            Par<br \/>\n        <strong><br \/>\n            <a href=\"https:\/\/actu.fr\/auteur\/laure-gentil\" title=\"Consulter tous les articles de Laure Gentil\" target=\"_blank\" rel=\"noopener\">Laure Gentil<\/a><br \/>\n        <\/strong><\/p>\n<p>        Publi\u00e9 le<\/p>\n<p>            7 avr. 2025 \u00e0 15h08        <\/p>\n<p>Les \u00e9lections municipales sont dans un an et les partis nantais pr\u00e9sentent tour \u00e0 tour leurs chefs de file. Apr\u00e8s, <a href=\"https:\/\/actu.fr\/pays-de-la-loire\/nantes_44109\/nantes-doit-changer-de-cap-la-droite-et-le-centre-s-allient-en-vue-des-municipales_62146424.html\" target=\"_blank\" rel=\"noopener\">les R\u00e9publicains<\/a>, les <a href=\"https:\/\/actu.fr\/pays-de-la-loire\/nantes_44109\/municipales-2026-nantes-marine-tondelier-et-marie-vitoux-lancent-la-campagne-ecolo_62378761.html\" target=\"_blank\" rel=\"noopener\">\u00c9cologistes<\/a> et <a href=\"https:\/\/actu.fr\/pays-de-la-loire\/nantes_44109\/municipales-2026-a-nantes-la-france-insoumise-annonce-ses-deux-chefs-de-file_62408715.html\" target=\"_blank\" rel=\"noopener\">La France Insoumise<\/a>, le <strong>Parti Communiste<\/strong> ont choisi leurs deux chefs de file, samedi 5\u00a0avril 2025\u2009: <strong>Robin Salecroix<\/strong> et <strong>M\u00e9lissa Helary<\/strong>.<\/p>\n<p>Qui sont-ils\u2009?<\/p>\n<p class=\" wall-content\">Robin Salecroix est bien connu des Nantais puisqu\u2019il si\u00e8ge au Conseil municipal en tant qu\u2019adjoint <strong>d\u00e9l\u00e9gu\u00e9 \u00e0 la grande pr\u00e9carit\u00e9<\/strong> et vice-pr\u00e9sident de <strong>Nantes M\u00e9tropole<\/strong>. Il est, de plus, le secr\u00e9taire d\u00e9partemental du Parti Communiste en Loire-Atlantique depuis 2023.<\/p>\n<p class=\" wall-content\">M\u00e9lissa H\u00e9lary\u00a0a pr\u00e9sid\u00e9 <strong>l\u2019Union des \u00e9tudiants communistes<\/strong> en\u00a02016 et\u00a02017. N\u00e9e \u00e0 Saint-Etienne, elle a fait ses \u00e9tudes \u00e0 Nantes.<\/p>\n<p class=\" wall-content\">\u00ab\u2009Nous avons pris nos\u00a010 premiers engagements\u2009\u00bb, indique Robin Salecroix, contact\u00e9 par actu Nantes. \u00ab\u2009Ils ont \u00e9t\u00e9 nourris de pr\u00e8s d\u2019une vingtaine d\u2019auditions, rencontres avec les associations de la ville et les organisations syndicales.\u2009\u00bb<\/p>\n<p class=\" wall-content\">Selon l\u2019\u00e9lu, <strong>l\u2019\u00e9ducation et la culture<\/strong> sont \u00ab\u2009une priorit\u00e9\u2009\u00bb. \u00ab\u2009Ce sont le premier et second budgets du territoire\u2009\u00bb. Le <strong>logement<\/strong> n\u2019est pas en reste\u2009: \u00ab\u2009nous souhaitons r\u00e9affirmer notre objectif d\u2019attendre 30\u2009% de logements sociaux dans chacun des quartiers de la ville\u2009\u00bb.<\/p>\n<p>Vid\u00e9os : en ce moment sur Actu<\/p>\n<p class=\" wall-content\">Parmi les autres engagements, il y a aussi la <strong>s\u00e9curit\u00e9<\/strong>. Robin Salecroix assure que le PCF souhaite voir la cr\u00e9ation d\u2019un \u00ab\u2009commissariat de plein exercice de police nationale dans un quartier populaire de notre ville\u2009\u00bb.<\/p>\n<p class=\" wall-content\">Suivez toute l\u2019actualit\u00e9 de vos villes et m\u00e9dias favoris en vous inscrivant \u00e0 <a href=\"https:\/\/moncompte.actu.fr\" title=\"D\u00e9couvez Mon Actu\" rel=\"nofollow noopener\" data-trk=\"{&quot;cta&quot;:{&quot;action&quot;:&quot;https:\\\/\\\/moncompte.actu.fr&quot;,&quot;category&quot;:&quot;mon compte&quot;,&quot;from&quot;:&quot;article footer&quot;,&quot;name&quot;:&quot;Mon actu&quot;,&quot;type&quot;:&quot;cta&quot;}}\" target=\"_blank\">Mon Actu<\/a>.<\/p>\n<ul class=\"ac-article-tag wall-content\">\n<li><a href=\"https:\/\/actu.fr\/tag\/municipales-2026\" data-trk=\"{&quot;cta&quot;:{&quot;action&quot;:&quot;Municipales 2026&quot;,&quot;category&quot;:&quot;tag&quot;,&quot;from&quot;:&quot;article footer&quot;,&quot;name&quot;:&quot;Municipales 2026&quot;,&quot;type&quot;:&quot;cta&quot;}}\" target=\"_blank\" rel=\"noopener\">#Municipales 2026<\/a><\/li>\n<li><a href=\"https:\/\/actu.fr\/tag\/parti-communiste-pcf\" data-trk=\"{&quot;cta&quot;:{&quot;action&quot;:&quot;Parti communiste (PCF)&quot;,&quot;category&quot;:&quot;tag&quot;,&quot;from&quot;:&quot;article footer&quot;,&quot;name&quot;:&quot;Parti communiste (PCF)&quot;,&quot;type&quot;:&quot;cta&quot;}}\" target=\"_blank\" rel=\"noopener\">#Parti communiste (PCF)<\/a><\/li>\n<\/ul>\n","protected":false},"excerpt":{"rendered":"Par Laure Gentil Publi\u00e9 le 7 avr. 2025 \u00e0 15h08 Les \u00e9lections municipales sont dans un an et&hellip;\n","protected":false},"author":2,"featured_media":13323,"comment_status":"","ping_status":"","sticky":false,"template":"","format":"standard","meta":{"footnotes":""},"categories":[2818],"tags":[1111,11,4188,1777,674,1011,27,3434,766,12,5989,2636,316,25],"class_list":{"0":"post-13322","1":"post","2":"type-post","3":"status-publish","4":"format-standard","5":"has-post-thumbnail","7":"category-nantes","8":"tag-actu","9":"tag-actualites","10":"tag-elections-municipales","11":"tag-eu","12":"tag-europe","13":"tag-fr","14":"tag-france","15":"tag-municipales-2026","16":"tag-nantes","17":"tag-news","18":"tag-parti-communiste-pcf","19":"tag-pays-de-la-loire","20":"tag-politique","21":"tag-republique-francaise"},"share_on_mastodon":{"url":"https:\/\/pubeurope.com\/@fr\/114309523285487981","error":""},"_links":{"self":[{"href":"https:\/\/www.europesays.com\/fr\/wp-json\/wp\/v2\/posts\/13322","targetHints":{"allow":["GET"]}}],"collection":[{"href":"https:\/\/www.europesays.com\/fr\/wp-json\/wp\/v2\/posts"}],"about":[{"href":"https:\/\/www.europesays.com\/fr\/wp-json\/wp\/v2\/types\/post"}],"author":[{"embeddable":true,"href":"https:\/\/www.europesays.com\/fr\/wp-json\/wp\/v2\/users\/2"}],"replies":[{"embeddable":true,"href":"https:\/\/www.europesays.com\/fr\/wp-json\/wp\/v2\/comments?post=13322"}],"version-history":[{"count":0,"href":"https:\/\/www.europesays.com\/fr\/wp-json\/wp\/v2\/posts\/13322\/revisions"}],"wp:featuredmedia":[{"embeddable":true,"href":"https:\/\/www.europesays.com\/fr\/wp-json\/wp\/v2\/media\/13323"}],"wp:attachment":[{"href":"https:\/\/www.europesays.com\/fr\/wp-json\/wp\/v2\/media?parent=13322"}],"wp:term":[{"taxonomy":"category","embeddable":true,"href":"https:\/\/www.europesays.com\/fr\/wp-json\/wp\/v2\/categories?post=13322"},{"taxonomy":"post_tag","embeddable":true,"href":"https:\/\/www.europesays.com\/fr\/wp-json\/wp\/v2\/tags?post=13322"}],"curies":[{"name":"wp","href":"https:\/\/api.w.org\/{rel}","templated":true}]}}