{"id":133220,"date":"2025-05-28T02:29:11","date_gmt":"2025-05-28T02:29:11","guid":{"rendered":"https:\/\/www.europesays.com\/fr\/133220\/"},"modified":"2025-05-28T02:29:11","modified_gmt":"2025-05-28T02:29:11","slug":"une-interdiction-surprise-de-recrutement-levee","status":"publish","type":"post","link":"https:\/\/www.europesays.com\/fr\/133220\/","title":{"rendered":"une interdiction surprise de recrutement lev\u00e9e"},"content":{"rendered":"<p>            Par<br \/>\n        <strong><br \/>\n            <a href=\"https:\/\/actu.fr\/auteur\/redaction-lyon\" title=\"Consulter tous les articles de R\u00e9daction Lyon\" rel=\"nofollow noopener\" target=\"_blank\">R\u00e9daction Lyon<\/a><br \/>\n        <\/strong><\/p>\n<p>        Publi\u00e9 le<\/p>\n<p>            27 mai 2025 \u00e0 18h17        <\/p>\n<p><strong>L\u2019Olympique lyonnais<\/strong> a assur\u00e9 mardi que la Fifa avait lev\u00e9 l\u2019interdiction d\u2019enregistrer de nouveaux joueurs qu\u2019elle lui avait inflig\u00e9e la veille jusqu\u2019\u00e0 la fin de l\u2019\u00e9t\u00e9 2026, en raison d\u2019une dette de 2 000 euros.<\/p>\n<p class=\" wall-content\">Mardi apr\u00e8s-midi, <a href=\"https:\/\/actu.fr\/lyon\/\" rel=\"nofollow noopener\" target=\"_blank\">Lyon<\/a> n\u2019\u00e9tait en effet plus sur la liste, consult\u00e9e par l\u2019AFP, de pr\u00e8s de 1 200 clubs interdits de recrutement par l\u2019instance mondiale du football.<\/p>\n<p>\u00ab\u00a0L\u2019interdiction de la Fifa a \u00e9t\u00e9 lev\u00e9e\u00a0\u00bb<\/p>\n<p class=\" wall-content\">La Fifa n\u2019avait donn\u00e9 aucune pr\u00e9cision, mais cette somme, correspondant \u00e0 un reliquat de transfert, a \u00e9t\u00e9 confirm\u00e9e lundi \u00e0 l\u2019AFP par une source proche du club rhodanien. Laquelle, \u00e9voquant une \u00ab\u00a0n\u00e9gligence\u00a0\u00bb, assurait qu\u2019elle avait \u00e9t\u00e9 r\u00e9gl\u00e9e le m\u00eame jour.<\/p>\n<p class=\" wall-content\">\u00ab\u00a0L\u2019interdiction de la Fifa a \u00e9t\u00e9 lev\u00e9e\u00a0\u00bb, a affirm\u00e9 mardi l\u2019<a href=\"https:\/\/actu.fr\/tag\/olympique-lyonnais-ol\" rel=\"nofollow noopener\" target=\"_blank\">OL<\/a> dans un message laconique aux m\u00e9dias.<\/p>\n<p class=\" wall-content\">\u00ab\u00a0Nous avons examin\u00e9 certaines proc\u00e9dures internes au cours des derni\u00e8res semaines et ce probl\u00e8me en faisait partie. Nous avons mis en place de nouvelles proc\u00e9dures pour l\u2019avenir\u00a0\u00bb, avait indiqu\u00e9 l\u2019OL lundi dans un court communiqu\u00e9 \u00e0 l\u2019AFP.<\/p>\n<p>Vid\u00e9os : en ce moment sur ActuL\u2019interdiction privait l\u2019OL de trois p\u00e9riodes de transferts\u2026<\/p>\n<p class=\" wall-content\">Priv\u00e9 de Ligue des champions l\u2019an prochain mais qualifi\u00e9 pour la Ligue Europa, l\u2019OL figurait parmi les clubs vis\u00e9s par cette mesure \u00ab\u00a0en raison de diff\u00e9rentes infractions, telles que les litiges financiers ou des entorses r\u00e9glementaires\u00a0\u00bb.<\/p>\n<p class=\" wall-content\"><strong>L\u2019interdiction couvrait trois p\u00e9riodes de transferts<\/strong> (\u00e9t\u00e9 2025 et 2026, hiver 2025-2026).<br \/>La formation lyonnaise avait d\u00e9j\u00e0 \u00e9t\u00e9 priv\u00e9e de recrutement en novembre par la DNCG, gendarme financier du football fran\u00e7ais, et s\u2019\u00e9tait vue menacer d\u2019une r\u00e9trogradation en Ligue 2.<\/p>\n<p>Toujours le risque d\u2019\u00eatre priv\u00e9 de coupe d\u2019Europe\u2026<\/p>\n<p class=\" wall-content\">Par ailleurs, l\u2019OL, qui f\u00eate ses 75 ans cette ann\u00e9e, court encore le risque d\u2019\u00eatre interdit de participation \u00e0 une coupe d\u2019Europe par l\u2019<a href=\"https:\/\/actu.fr\/ile-de-france\/paris_75056\/salut-nazi-et-insultes-racistes-au-parc-des-princes-l-uefa-sanctionne-le-fc-barcelone_60967159.html\" rel=\"nofollow noopener\" target=\"_blank\">UEFA<\/a>, l\u00e0 aussi pour ses finances d\u00e9faillantes. L\u2019instance europ\u00e9enne et le club discutent d\u2019un accord n\u00e9goci\u00e9 avec une amende de plusieurs millions d\u2019euros.<\/p>\n<p class=\" wall-content\">Apr\u00e8s avoir encaiss\u00e9 75 millions d\u2019euros de recettes de transferts l\u2019hiver dernier, l\u2019OL pourrait \u00eatre contraint de vendre des joueurs \u00e0 forte valeur marchande tels que Rayan Cherki et Malick Fofana.<\/p>\n<p class=\" wall-content\"><strong>AFP<\/strong><\/p>\n<p class=\" wall-content\">Suivez toute l\u2019actualit\u00e9 de vos villes et m\u00e9dias favoris en vous inscrivant \u00e0 <a href=\"https:\/\/moncompte.actu.fr\" title=\"D\u00e9couvez Mon Actu\" rel=\"nofollow noopener\" data-trk=\"{&quot;cta&quot;:{&quot;action&quot;:&quot;https:\\\/\\\/moncompte.actu.fr&quot;,&quot;category&quot;:&quot;mon compte&quot;,&quot;from&quot;:&quot;article footer&quot;,&quot;name&quot;:&quot;Mon actu&quot;,&quot;type&quot;:&quot;cta&quot;}}\" target=\"_blank\">Mon Actu<\/a>.<\/p>\n<ul class=\"ac-article-tag wall-content\">\n<li><a href=\"https:\/\/actu.fr\/tag\/argent\" data-trk=\"{&quot;cta&quot;:{&quot;action&quot;:&quot;Argent&quot;,&quot;category&quot;:&quot;tag&quot;,&quot;from&quot;:&quot;article footer&quot;,&quot;name&quot;:&quot;Argent&quot;,&quot;type&quot;:&quot;cta&quot;}}\" rel=\"nofollow noopener\" target=\"_blank\">#Argent<\/a><\/li>\n<li><a href=\"https:\/\/actu.fr\/tag\/olympique-lyonnais-ol\" data-trk=\"{&quot;cta&quot;:{&quot;action&quot;:&quot;Olympique Lyonnais (OL)&quot;,&quot;category&quot;:&quot;tag&quot;,&quot;from&quot;:&quot;article footer&quot;,&quot;name&quot;:&quot;Olympique Lyonnais (OL)&quot;,&quot;type&quot;:&quot;cta&quot;}}\" rel=\"nofollow noopener\" target=\"_blank\">#Olympique Lyonnais (OL)<\/a><\/li>\n<\/ul>\n","protected":false},"excerpt":{"rendered":"Par R\u00e9daction Lyon Publi\u00e9 le 27 mai 2025 \u00e0 18h17 L\u2019Olympique lyonnais a assur\u00e9 mardi que la Fifa&hellip;\n","protected":false},"author":2,"featured_media":133221,"comment_status":"","ping_status":"","sticky":false,"template":"","format":"standard","meta":{"footnotes":""},"categories":[1889],"tags":[1111,11,1261,2430,1777,674,63,1011,27,2428,12,2853,25,60],"class_list":{"0":"post-133220","1":"post","2":"type-post","3":"status-publish","4":"format-standard","5":"has-post-thumbnail","7":"category-lyon","8":"tag-actu","9":"tag-actualites","10":"tag-argent","11":"tag-auvergne-rhone-alpes","12":"tag-eu","13":"tag-europe","14":"tag-football","15":"tag-fr","16":"tag-france","17":"tag-lyon","18":"tag-news","19":"tag-olympique-lyonnais-ol","20":"tag-republique-francaise","21":"tag-sports"},"share_on_mastodon":{"url":"https:\/\/pubeurope.com\/@fr\/114583107247944766","error":""},"_links":{"self":[{"href":"https:\/\/www.europesays.com\/fr\/wp-json\/wp\/v2\/posts\/133220","targetHints":{"allow":["GET"]}}],"collection":[{"href":"https:\/\/www.europesays.com\/fr\/wp-json\/wp\/v2\/posts"}],"about":[{"href":"https:\/\/www.europesays.com\/fr\/wp-json\/wp\/v2\/types\/post"}],"author":[{"embeddable":true,"href":"https:\/\/www.europesays.com\/fr\/wp-json\/wp\/v2\/users\/2"}],"replies":[{"embeddable":true,"href":"https:\/\/www.europesays.com\/fr\/wp-json\/wp\/v2\/comments?post=133220"}],"version-history":[{"count":0,"href":"https:\/\/www.europesays.com\/fr\/wp-json\/wp\/v2\/posts\/133220\/revisions"}],"wp:featuredmedia":[{"embeddable":true,"href":"https:\/\/www.europesays.com\/fr\/wp-json\/wp\/v2\/media\/133221"}],"wp:attachment":[{"href":"https:\/\/www.europesays.com\/fr\/wp-json\/wp\/v2\/media?parent=133220"}],"wp:term":[{"taxonomy":"category","embeddable":true,"href":"https:\/\/www.europesays.com\/fr\/wp-json\/wp\/v2\/categories?post=133220"},{"taxonomy":"post_tag","embeddable":true,"href":"https:\/\/www.europesays.com\/fr\/wp-json\/wp\/v2\/tags?post=133220"}],"curies":[{"name":"wp","href":"https:\/\/api.w.org\/{rel}","templated":true}]}}