{"id":133226,"date":"2025-05-28T02:32:24","date_gmt":"2025-05-28T02:32:24","guid":{"rendered":"https:\/\/www.europesays.com\/fr\/133226\/"},"modified":"2025-05-28T02:32:24","modified_gmt":"2025-05-28T02:32:24","slug":"ces-expos-immersives-et-visites-en-vr-qui-illumineront-votre-ete","status":"publish","type":"post","link":"https:\/\/www.europesays.com\/fr\/133226\/","title":{"rendered":"Ces expos immersives et visites en VR qui illumineront votre \u00e9t\u00e9"},"content":{"rendered":"<p class=\"editor-content__paragraph\">Embarquez pour une transatlantique depuis la gare maritime <a href=\"https:\/\/www.beauxarts.com\/grand-format\/lart-deco-en-2-minutes\/\" target=\"_blank\" rel=\"noopener\">Art d\u00e9co<\/a> de Cherbourg, d\u00e9couvrez Carcassonne au Moyen \u00c2ge, ou suivez les soldats de Napol\u00e9on sur le champ de bataille de Waterloo\u2026 Les <strong>mus\u00e9es et sites patrimoniaux et culturels<\/strong> rivalisent de technologies pour \u00e9blouir les visiteurs\u00a0!<\/p>\n<p class=\"editor-content__paragraph\"><strong>R\u00e9alit\u00e9 virtuelle ou mixte, video mapping<\/strong>, images g\u00e9n\u00e9r\u00e9es par intelligence artificielle, dispositifs interactifs\u2026 De Paris \u00e0 Bordeaux, vous aurez l\u2019embarras du choix. Pour trouver la <strong>sortie immersive<\/strong> qui mettra un maximum de soleil dans votre \u00e9t\u00e9, suivez le guide\u00a0!<\/p>\n<p>De l\u2019art gonflable au Grand Palais<\/p>\n<p>    <img loading=\"lazy\" decoding=\"async\" class=\"image__img\" src=\"https:\/\/www.europesays.com\/fr\/wp-content\/uploads\/2025\/05\/web-crazy-love-for-polygons-artist_-cyril-lancelin-credits_-balloon-museum_-964x643.jpg\" alt=\"Cyril Lancelin, Crazy Love for Polygons\" width=\"964\" height=\"643\"\/><\/p>\n<p>Cyril Lancelin, Crazy Love for Polygons, 2024<\/p>\n<p>    i<\/p>\n<p class=\"editor-content__paragraph\">C\u2019est gonfl\u00e9 mais pas gonflant\u00a0! Cet \u00e9t\u00e9 2025, <a href=\"https:\/\/www.beauxarts.com\/lifestyle\/rachid-ouramdane-une-parade-bresilienne-le-grand-palais-dete-devoile-sa-programmation\/\" target=\"_blank\" rel=\"noopener\">le <strong>Grand Palais<\/strong> se met aux couleurs estivales<\/a> avec une programmation qui promet de d\u00e9coiffer entre danse, spectacles, DJ sets, performances et parades festives\u2026 Parmi les expositions, on ira respirer une grande bouff\u00e9e d\u2019art dans le <strong>parcours d\u2019\u0153uvres d\u2019art gonflable \u00ab\u00a0Euphoria\u00a0\u00bb<\/strong> con\u00e7u par les \u00e9quipes italiennes du Balloon Museum, lesquelles avait d\u00e9j\u00e0 emball\u00e9 le public avec <a href=\"https:\/\/www.beauxarts.com\/expos\/pop-air-lexposition-de-la-villette-qui-ne-manque-pas-dair\/\" target=\"_blank\" rel=\"noopener\">\u00ab\u00a0Pop Air\u00a0\u00bb en 2022 \u00e0 la Grande Halle de la Villette<\/a>. Sous la majestueuse verri\u00e8re du Grand Palais, entre divertissement, design et architecture, des<strong> installations in situ<\/strong> d\u00e9ploy\u00e9es sur 4\u00a0000\u00a0m2 invitent \u00e0 exp\u00e9rimenter l\u2019art, stimulant ainsi l\u2019imagination des petits et des grands. C\u2019est g\u00e9ant\u00a0! M.B.<\/p>\n<p>  Arrow<\/p>\n<p>Euphoria. Art Is in the Air<\/p>\n<p>Du 6 juin 2025 au 7 septembre 2025<\/p>\n<p class=\"url-expo\"><a href=\"https:\/\/www.grandpalais.fr\/fr\/programme\/euphoria-art-air\" target=\"_blank\" rel=\"noopener\">www.grandpalais.fr<\/a><\/p>\n<p class=\"annexe-content__infos\">Grand Palais \u2022 7 Avenue Winston Churchill \u2022 75008 Paris<br \/><a href=\"http:\/\/www.grandpalais.fr\" target=\"_blank\" rel=\"noopener\">www.grandpalais.fr<\/a><\/p>\n<p>        \u00c0 lire aussi :<br \/>\n        <a class=\"renvoi-explicite__link\" href=\"https:\/\/www.beauxarts.com\/grand-format\/au-grand-palais-une-programmation-celebrant-les-arts-et-la-fete-pour-sa-reouverture-complete\/\" target=\"_blank\" rel=\"noopener\">Au Grand Palais, une programmation c\u00e9l\u00e9brant les arts et la f\u00eate pour sa r\u00e9ouverture compl\u00e8te<\/a><\/p>\n<p>\u00c0 Bordeaux, Lascaux vue comme jamais<\/p>\n<p>    <img loading=\"lazy\" decoding=\"async\" class=\"image__img\" src=\"https:\/\/www.europesays.com\/fr\/wp-content\/uploads\/2025\/05\/webasfp_cd24_e_cousin_10-964x643.jpg\" alt=\"Exposition itin\u00e9rante Lascaux III\" width=\"964\" height=\"643\"\/><\/p>\n<p>Exposition itin\u00e9rante Lascaux III<\/p>\n<p>    i<\/p>\n<p class=\"editor-content__paragraph\">Imaginez\u00a0: 130\u00a0figures peintes, 15\u00a0vid\u00e9oprojecteurs, un fac-simil\u00e9 de 25\u00a0m\u00e8tres et de 4\u00a0tonnes\u2026 Vous voil\u00e0 plong\u00e9s dans la <strong>\u00ab\u00a0chapelle Sixtine de la Pr\u00e9histoire\u00a0\u00bb<\/strong>\u00a0! Apr\u00e8s plus de 10\u00a0ans de tourn\u00e9e dans 19\u00a0pays et 2\u00a0ans de refonte \u00e0 Montignac (Dordogne), la SPL Lascaux et <strong>Cap Sciences<\/strong> inaugurent \u00e0 Bordeaux la nouvelle version de l\u2019exposition itin\u00e9rante <strong>\u00ab\u00a0Lascaux III\u00a0\u00bb<\/strong>. Lanc\u00e9e en 2012, ce parcours totalement repens\u00e9 a d\u00e9j\u00e0 conquis plus de 2,5\u00a0millions de visiteurs et revient avec une <strong>\u00e9blouissante exp\u00e9rience en r\u00e9alit\u00e9 virtuelle<\/strong>. Install\u00e9e au deuxi\u00e8me \u00e9tage du centre de culture scientifique bordelais, cette aventure vous propulse le temps d\u2019un <strong>voyage de 12\u00a0minutes<\/strong> dans les galeries de la grotte de Lascaux, y compris les parties les plus inaccessibles physiquement. Une<strong> immersion totale<\/strong>, guid\u00e9e par la lumi\u00e8re, une voix int\u00e9rieure et ses propres mains. Une opportunit\u00e9 unique et ultra po\u00e9tique d\u2019approcher la beaut\u00e9 fragile de Lascaux. M.B.<\/p>\n<p>  Arrow<\/p>\n<p>Lascaux, l\u2019Exposition Internationale<\/p>\n<p>Du 14 juin 2025 au 31 ao\u00fbt 2025<\/p>\n<p class=\"annexe-content__infos\">Cap Sciences \u2022 Quai de Bacalan \u2022 33300 Bordeaux<br \/><a href=\"http:\/\/www.cap-sciences.net\/\" target=\"_blank\" rel=\"noopener\">www.cap-sciences.net<\/a><\/p>\n<p>        \u00c0 lire aussi :<br \/>\n        <a class=\"renvoi-explicite__link\" href=\"https:\/\/www.beauxarts.com\/vu\/cultes-de-lascaux-a-altamira-les-10-plus-belles-grottes-ornees-au-monde\/\" target=\"_blank\" rel=\"noopener\">Cultes ! De Lascaux \u00e0 Altamira, les 10 plus belles grottes orn\u00e9es du monde<\/a><\/p>\n<p>Picasso et le Douanier Rousseau en pleine lumi\u00e8re \u00e0 Paris<\/p>\n<p>    <img loading=\"lazy\" decoding=\"async\" class=\"image__img\" src=\"https:\/\/www.europesays.com\/fr\/wp-content\/uploads\/2025\/05\/webadldouanierrousseau_019-cdelamotterouge-964x643.jpg\" alt=\"Exposition immersive \u00ab\u00a0Le Douanier Rousseau, au pays des r\u00eaves\u00a0\u00bb \u00e0 l\u2019Atelier des Lumi\u00e8res, Paris\" width=\"964\" height=\"643\"\/><\/p>\n<p>Exposition immersive \u00ab\u00a0Le Douanier Rousseau, au pays des r\u00eaves\u00a0\u00bb \u00e0 l\u2019Atelier des Lumi\u00e8res, Paris<\/p>\n<p>    i<\/p>\n<p class=\"legende__cartel\">\u00a9 Culturespaces \/ C. de la Motte Rouge<\/p>\n<p class=\"editor-content__paragraph\">\u00ab\u00a0Un tableau ne vit que par celui qui le regarde\u00a0\u00bb, disait <a href=\"https:\/\/www.beauxarts.com\/grand-format\/pablo-picasso-en-3-minutes\/\" target=\"_blank\" rel=\"noopener\">Pablo Picasso<\/a>. Venez donc voir bouger ses chefs-d\u2019\u0153uvre en d\u00e9couvrant le nouveau programme long immersif propos\u00e9 \u00e0 <strong>l\u2019Atelier des Lumi\u00e8res<\/strong> \u00e0 Paris. Entre peinture, sculpture, gravure, c\u00e9ramique et d\u00e9cor de th\u00e9\u00e2tre, d\u00e9filent sur les murs, et en musique, <strong>les \u0153uvres majeures du g\u00e9nie de l\u2019art moderne<\/strong>. Une exp\u00e9rience qui r\u00e9unit des images d\u2019\u0153uvres, des photos et des vid\u00e9os, pour plonger dans le monde foisonnant d\u2019un artiste qui n\u2019a eu de cesse de r\u00e9inventer son art. En compl\u00e9ment, le programme court, <strong>\u00ab\u00a0Le Douanier Rousseau, Au pays des r\u00eaves\u00a0\u00bb<\/strong> embarque les visiteurs dans l\u2019univers onirique, pas si na\u00eff, du peintre gabelou de m\u00e9tier. M.B.<\/p>\n<p>  Arrow<\/p>\n<p>Picasso. L&rsquo;Art en mouvement<\/p>\n<p>Du 14 f\u00e9vrier 2025 au 29 juin 2025<\/p>\n<p class=\"url-expo\"><a href=\"https:\/\/www.atelier-lumieres.com\/fr\/picasso\" target=\"_blank\" rel=\"noopener\">www.atelier-lumieres.com<\/a><\/p>\n<p class=\"annexe-content__infos\">Atelier des Lumi\u00e8res \u2022 38 Rue Saint-Maur \u2022 75011 Paris<br \/><a href=\"http:\/\/atelier-lumieres.com\/\" target=\"_blank\" rel=\"noopener\">atelier-lumieres.com<\/a><\/p>\n<p>  Arrow<\/p>\n<p>Le Douanier Rousseau. Au pays des r\u00eaves<\/p>\n<p>Du 14 f\u00e9vrier 2025 au 29 juin 2025<\/p>\n<p class=\"url-expo\"><a href=\"https:\/\/www.atelier-lumieres.com\/fr\/douanier-rousseau\" target=\"_blank\" rel=\"noopener\">www.atelier-lumieres.com<\/a><\/p>\n<p class=\"annexe-content__infos\">Atelier des Lumi\u00e8res \u2022 38 Rue Saint-Maur \u2022 75011 Paris<br \/><a href=\"http:\/\/atelier-lumieres.com\/\" target=\"_blank\" rel=\"noopener\">atelier-lumieres.com<\/a><\/p>\n<p>        \u00c0 lire aussi :<br \/>\n        <a class=\"renvoi-explicite__link\" href=\"https:\/\/www.beauxarts.com\/grand-format\/5-choses-que-vous-ne-saviez-pas-sur-picasso\/\" target=\"_blank\" rel=\"noopener\">5 choses que vous ne saviez pas sur Picasso<\/a><\/p>\n<p>\u00c0 Paris et \u00e0 Bordeaux, cours d\u2019Histoire avec Napol\u00e9on<\/p>\n<p>    <img loading=\"lazy\" decoding=\"async\" class=\"image__img\" src=\"https:\/\/www.europesays.com\/fr\/wp-content\/uploads\/2025\/05\/webdsc08275-964x643.jpg\" alt=\"Napol\u00e9on, l\u2019\u00e9pop\u00e9e immersive, experience de r\u00e9alit\u00e9 virtuelle\" width=\"964\" height=\"643\"\/><\/p>\n<p>Napol\u00e9on, l\u2019\u00e9pop\u00e9e immersive, experience de r\u00e9alit\u00e9 virtuelle<\/p>\n<p>    i<\/p>\n<p class=\"editor-content__paragraph\">Napol\u00e9on est de retour\u00a0! Au pied de la tour Montparnasse, aux<strong> Galeries Montparnasse<\/strong>, on passe son chemin sur l\u2019expo \u00ab\u00a0Serial Killer\u00a0\u00bb, et ses reliques de tueurs en s\u00e9rie de mauvais go\u00fbt, pour plonger<strong> dans les moments embl\u00e9matiques du Premier Empire<\/strong>, recr\u00e9\u00e9s par la r\u00e9alit\u00e9 virtuelle. Une fois le casque HTC Vive Focus 3\u00a0sur la t\u00eate, on se retrouve catapult\u00e9 en 1817 \u00e0 Longwood, sur l\u2019\u00eele de Sainte-H\u00e9l\u00e8ne, o\u00f9 <strong>Napol\u00e9on<\/strong> en personne vous accueille dans sa derni\u00e8re demeure. Pendant une demi-heure, on est emmen\u00e9<strong> sur les champs de bataille de l\u2019empereur<\/strong>, de ses victoires \u00e0 ses \u00e9checs, selon un sc\u00e9nario scrupuleusement <strong>con\u00e7u par un comit\u00e9 d\u2019historiens sp\u00e9cialistes<\/strong>, en particulier ceux de la fondation Napol\u00e9on. Au milieu des canons de Waterloo, dans un nuage de fum\u00e9e, on sent presque la poudre\u2026 Sans glorifier cette figure politique, l\u2019exp\u00e9rience vaut pour son <strong>portrait p\u00e9dagogique<\/strong> qui met aussi en lumi\u00e8re l\u2019h\u00e9ritage laiss\u00e9 par Napol\u00e9on. D\u00e8s le 29\u00a0mai, l\u2019exposition d\u00e9barque aussi <strong>quai de Bacalan \u00e0 Bordeaux<\/strong>. M.B.<\/p>\n<p>  Arrow<\/p>\n<p>Napol\u00e9on, l\u2019\u00e9pop\u00e9e immersive <\/p>\n<p class=\"annexe-content__subtitle\">Aux Galeries Montparnasse \u00e0 Paris<\/p>\n<p>Plus d\u2019informations et r\u00e9servations <a href=\"https:\/\/feverup.com\/m\/320163\" target=\"_blank\" rel=\"noopener\">sur le site des Galeries Montparnasse<\/a><\/p>\n<p>\u00c0 voir aussi \u00e0 partir du 29 mai 2025 \u00e0 Bordeaux : Bord\u2019eau Village, Hangar 18, quai de Bacalan, 33300 Bordeaux<\/p>\n<p>  Arrow<\/p>\n<p>Les Galeries Montparnasse<\/p>\n<p class=\"annexe-content__infos\">22 Rue du D\u00e9part \u2022 75015 Paris<br \/><a href=\"https:\/\/www.galeriesmontparnasse.com\/\" target=\"_blank\" rel=\"noopener\">www.galeriesmontparnasse.com<\/a><\/p>\n<p>Les Vikings, stars de deux cit\u00e9s immersives \u00e0 Rouen et en \u00cele-de-France<\/p>\n<p>    <img loading=\"lazy\" decoding=\"async\" class=\"image__img\" src=\"https:\/\/www.europesays.com\/fr\/wp-content\/uploads\/2025\/05\/webunecite-immersive-viking-rouen-photo--david-morganti-4-copie-964x723.jpg\" alt=\"L\u2019univers de la Cite\u0301 Immersive Viking \u00e0 Rouen\" width=\"964\" height=\"723\"\/><\/p>\n<p>L\u2019univers de la Cite\u0301 Immersive Viking \u00e0 Rouen<\/p>\n<p>    i<\/p>\n<p class=\"legende__cartel\">\u00a9 Cite\u0301 Immersive Viking \/ Photo David Morganti<\/p>\n<p class=\"editor-content__paragraph\">Tremblez, les Vikings sont l\u00e0\u00a0! Depuis juin 2024, ils ont d\u00e9barqu\u00e9 \u00e0 Rouen, sur la rive gauche de la Seine, o\u00f9 a \u00e9t\u00e9 inaugur\u00e9e la premi\u00e8re<strong> Cit\u00e9 immersive viking<\/strong>. Fort du succ\u00e8s normand, fin d\u00e9cembre 2024, un deuxi\u00e8me espace a ouvert en \u00cele-de-France, <strong>au Westfield Carr\u00e9 S\u00e9nart, <\/strong>centre commercial de Lieusaint, sur un format \u00e9ph\u00e9m\u00e8re. Ces deux sites offrent une exp\u00e9rience p\u00e9dagogique et divertissante \u00e0 la d\u00e9couverte de l\u2019\u00e9pop\u00e9e fascinante des Vikings en Normandie, o\u00f9 <strong>Rollon<\/strong> (aussi appel\u00e9 Rolf le Marcheur), le chef guerrier, se fit baptiser en 911. De salles en salles, le public progresse <strong>dans un univers savamment reconstitu\u00e9 entre artefacts et d\u00e9cors<\/strong>, en \u00e9coutant les r\u00e9cits d\u2019hommes et de femmes vikings surgissant en images (reconna\u00eetrez-vous Philippe Torreton\u00a0?). <a href=\"https:\/\/www.youtube.com\/channel\/UCP46_MXP_WG_auH88FnfS1A\" target=\"_blank\" rel=\"noopener\"><strong>Nota Bene<\/strong><\/a>, le youtubeur de l\u2019histoire, est aussi de la partie pour vous guider. Plusieurs jeux interactifs au sein du parcours rendent ce bond dans l\u2019histoire tr\u00e8s vivant. Mention sp\u00e9ciale pour la<strong> projection immersive<\/strong> qui cl\u00f4t le voyage. Votre drakkar vous attend d\u00e9j\u00e0 pour voguer en famille\u00a0! M.B.<\/p>\n<p>  Arrow<\/p>\n<p>R\u00e9servez vos 14 et 15 juin \u00e0 Rouen ! <\/p>\n<p>Pour c\u00e9l\u00e9brer sa premi\u00e8re ann\u00e9e, la Cit\u00e9 immersive viking \u00e0 Rouen organise un grand week-end anniversaire ouvert au public et gratuit, avec concerts, village viking, taverne festive, animations familiales et une grande nouveaut\u00e9 immersive : une salle de r\u00e9alit\u00e9 virtuelle install\u00e9e devant la Cit\u00e9 immersive viking en partenariat avec The Viking Planet (Oslo).<\/p>\n<p>  Arrow<\/p>\n<p>Cit\u00e9 immersive Viking<\/p>\n<p class=\"annexe-content__infos\">105 bis All\u00e9e Fran\u00e7ois Mitterrand \u2022 76100 Rouen<br \/><a href=\"https:\/\/viking.cites-immersives.fr\/fr\/\" target=\"_blank\" rel=\"noopener\">viking.cites-immersives.fr<\/a><\/p>\n<p>  Arrow<\/p>\n<p>Cit\u00e9 Immersive Viking. Westfield Carr\u00e9 S\u00e9nart<\/p>\n<p class=\"annexe-content__infos\">3 All\u00e9e du Pr\u00e9ambule \u2022 77566 Lieusaint<br \/><a href=\"https:\/\/www.westfield.com\/fr\/france\/carresenart\/divertissement\/cit-immersive-viking\/81790\" target=\"_blank\" rel=\"noopener\">www.westfield.com<\/a><\/p>\n<p>Une \u00e9blouissante expo \u00e0 ne pas manquer \u00e0 La Villette<\/p>\n<p>    <img loading=\"lazy\" decoding=\"async\" class=\"image__img\" src=\"https:\/\/www.europesays.com\/fr\/wp-content\/uploads\/2025\/05\/webpassengers-guillaume-marmin-bricerobert-01-964x643.jpg\" alt=\"Guillaume Marmin, Passengers\" width=\"964\" height=\"643\"\/><\/p>\n<p>Guillaume Marmin, Passengers, 2020<\/p>\n<p>    i<\/p>\n<p class=\"legende__cartel\">Installation \u2022 \u00a9 Brice Robert<\/p>\n<p class=\"editor-content__paragraph\">Plein la vue\u00a0! C\u2019est l\u2019effet que fait <strong>\u00ab\u00a0Into The Light\u00a0\u00bb<\/strong>, l\u2019exposition insolite install\u00e9e \u00e0 la <strong>Grande Halle de La Villette<\/strong> depuis le 9\u00a0avril. On y plonge dans la lumi\u00e8re au travers de <strong>15 \u0153uvres, sculptures, projections et installations interactives<\/strong>, qui engagent les spectateurs dans un \u00e9blouissant parcours en cinq actes. D\u00e9ploy\u00e9es sur plus de 3\u00a0000\u00a0m2, ces cr\u00e9ations monumentales (certaines font plus de dix m\u00e8tres de haut) ont \u00e9t\u00e9 imagin\u00e9es par des artistes, collectifs et studios, qui excitent forc\u00e9ment votre r\u00e9tine. M.B.<\/p>\n<p>  Arrow<\/p>\n<p>Into The Light. Voyage au c\u0153ur de la lumi\u00e8re<\/p>\n<p>Du 9 avril 2025 au 31 ao\u00fbt 2025<\/p>\n<p class=\"url-expo\"><a href=\"https:\/\/www.lavillette.com\/manifestations\/into-the-light\/\" target=\"_blank\" rel=\"noopener\">www.lavillette.com<\/a><\/p>\n<p class=\"annexe-content__infos\">La Villette \u2022 Avenue Jean Jaur\u00e8s \u2022 Paris<br \/><a href=\"https:\/\/lavillette.com\" target=\"_blank\" rel=\"noopener\">lavillette.com<\/a><\/p>\n<p>        \u00c0 lire aussi :<br \/>\n        <a class=\"renvoi-explicite__link\" href=\"https:\/\/www.beauxarts.com\/expos\/une-expo-monumentale-a-la-villette-invite-a-se-plonger-tout-entier-dans-la-lumiere\/\" target=\"_blank\" rel=\"noopener\">Une expo monumentale \u00e0 La Villette invite \u00e0 se plonger tout entier dans la lumi\u00e8re<\/a><\/p>\n<p>\u00c0 bord du Queen Mary en 1937 \u00e0 Cherbourg<\/p>\n<p>    <img loading=\"lazy\" decoding=\"async\" class=\"image__img\" src=\"https:\/\/www.europesays.com\/fr\/wp-content\/uploads\/2025\/05\/webbal_4579926-964x686.jpg\" alt=\"Simulation du parcours en r\u00e9alit\u00e9 virtuelle \u00ab\u00a0Oc\u00e9an sur Ecoute\u00a0\u00bb\" width=\"964\" height=\"686\"\/><\/p>\n<p>Simulation du parcours en r\u00e9alit\u00e9 virtuelle \u00ab\u00a0Oc\u00e9an sur Ecoute\u00a0\u00bb<\/p>\n<p>    i<\/p>\n<p class=\"legende__cartel\">\u00a9 Anamnesia \u2013 Museum Manufactory<\/p>\n<p class=\"editor-content__paragraph\">D\u00e9couvrir <strong>la Cit\u00e9 de la Mer \u00e0 Cherbourg<\/strong> est chaque ann\u00e9e le r\u00e9gal de nombreuses familles venues plonger dans les secrets des oc\u00e9ans et visiter le Redoutable, le premier sous-marin nucl\u00e9aire. Cette ann\u00e9e 2025, l\u2019ancienne gare maritime transatlantique au pur style Art d\u00e9co vous plonge au c\u0153ur de l\u2019Histoire avec sa <strong>nouvelle exp\u00e9rience de visite immersive<\/strong> en r\u00e9alit\u00e9 mixte baptis\u00e9e <strong>\u00ab\u00a0Cherbourg Transatlantique\u00a0\u00bb<\/strong>. Dans l\u2019ancien hall des trains, casque sur la t\u00eate, retrouvez l\u2019effervescence de la premi\u00e8re escale \u00e0 quai du <strong>Queen Mary<\/strong>, le 14\u00a0avril 1937. Mettez-vous dans la peau d\u2019un de ces passagers pr\u00eats \u00e0 embarquer \u00e0 bord du nouveau paquebot de la Cunard Line. Entendez-vous d\u00e9j\u00e0 le jazz-band au loin sur le quai\u00a0? M.B.<\/p>\n<p>  Arrow<\/p>\n<p>Cherbourg Transatlantique, l\u2019exp\u00e9rience immersive<\/p>\n<p class=\"annexe-content__subtitle\"> \u00c0 partir du 21 mars<\/p>\n<p>Plus d\u2019informations <a href=\"https:\/\/www.citedelamer.com\/\" target=\"_blank\" rel=\"noopener\">sur le site de la Cit\u00e9 de la Mer<\/a><\/p>\n<p>        \u00c0 lire aussi :<br \/>\n        <a class=\"renvoi-explicite__link\" href=\"https:\/\/www.beauxarts.com\/expos\/comment-les-paquebots-ont-fascine-les-artistes-de-lentre-deux-guerres\/\" target=\"_blank\" rel=\"noopener\">Comment les paquebots ont fascin\u00e9 les artistes de l\u2019entre-deux-guerres<\/a><\/p>\n<p>\u00ab\u00a0Clubbing\u00a0\u00bb vous ambiance au Grand Palais immersif<\/p>\n<p>    <img loading=\"lazy\" decoding=\"async\" class=\"image__img\" src=\"https:\/\/www.europesays.com\/fr\/wp-content\/uploads\/2025\/05\/webgpi_clubbing_photographe_quentin_chevrier-24-1-964x643.jpg\" alt=\"Le Grand Palais immersif se m\u00e9tamorphose et c\u00e9l\u00e9bre la culture du clubbing\" width=\"964\" height=\"643\"\/><\/p>\n<p>Le Grand Palais immersif se m\u00e9tamorphose et c\u00e9l\u00e9bre la culture du clubbing<\/p>\n<p>    i<\/p>\n<p class=\"editor-content__paragraph\">Au <strong>Grand palais immersif<\/strong>, le jour est encore plus beau depuis qu\u2019il est pass\u00e9 \u00e0 l\u2019heure de la nuit\u00a0! Jusqu\u2019au 1er octobre 2025, poussez les portes de <strong>l\u2019exposition \u00ab\u00a0Clubbing\u00a0\u00bb<\/strong>, d\u00e9di\u00e9e \u00e0 <strong>l\u2019histoire de la culture club\u00a0<\/strong>et imagin\u00e9e par l\u2019artiste Pierre Giner. Dans ces 1\u00a0200\u00a0m2, on vibre au rythme des <strong>discoth\u00e8ques mythiques\u00a0<\/strong>\u2013 le Loft, le Studio 54, l\u2019Ha\u00e7ienda, le Palace, les Bains Douches, le Pulp, le Tresor et le Berghain. Le parcours est enrichi d\u2019images et de t\u00e9moignages d\u2019artistes, musiciens, DJs, sp\u00e9cialistes\u2026 De nombreux <strong>dispositifs interactifs<\/strong>, tel votre <strong>avatar<\/strong> \u00e0 cr\u00e9er vous-m\u00eame avec une tablette et qui ira se tr\u00e9mousser sur un \u00e9cran g\u00e9ant, rendant l\u2019exp\u00e9rience tr\u00e8s plaisante entre amis. \u00c0 la sortie de l\u2019expo, on patiente un peu pour utiliser <strong>la cabine photo<\/strong> propos\u00e9e par Snapchat qui vous transforme gratuitement <strong>en clubbers<\/strong> \u00e0 travers 6 lenses en r\u00e9alit\u00e9 augment\u00e9e. Alors, vous \u00eates plut\u00f4t disco ou techno\u00a0? M.B.<\/p>\n<p>Du 13 mai 2025 au 1 octobre 2025<\/p>\n<p class=\"url-expo\"><a href=\"https:\/\/grandpalais-immersif.fr\/agenda\/evenement\/clubbing\" target=\"_blank\" rel=\"noopener\">grandpalais-immersif.fr<\/a><\/p>\n<p class=\"annexe-content__infos\">Grand Palais Immersif \u2022 Place de la Bastille \u2022 75012 Paris<br \/><a href=\"https:\/\/grandpalais-immersif.fr\/\" target=\"_blank\" rel=\"noopener\">grandpalais-immersif.fr<\/a><\/p>\n<p>        \u00c0 lire aussi :<br \/>\n        <a class=\"renvoi-explicite__link\" href=\"https:\/\/www.beauxarts.com\/expos\/clubbing-lexpo-festive-qui-vous-ambiance-au-grand-palais-immersif\/\" target=\"_blank\" rel=\"noopener\">\u00ab Clubbing \u00bb, l\u2019expo festive qui vous ambiance au Grand Palais immersif<\/a><\/p>\n<p>Vivre Carcassonne au Moyen \u00c2ge<\/p>\n<p>    <img loading=\"lazy\" decoding=\"async\" class=\"image__img\" src=\"https:\/\/www.europesays.com\/fr\/wp-content\/uploads\/2025\/05\/webles-derniers-remparts-carcassonne-1304-chateau-cexcurio-cmn-964x542.jpg\" alt=\"Vue de l\u2019exp\u00e9rience en r\u00e9alit\u00e9 virtuelle \u00ab\u00a0Les derniers remparts, Carcassonne 1304\u00a0\u00bb depuis les espaces Eclipso \u00e0 Paris, Lyon et Bordeaux\" width=\"964\" height=\"542\"\/><\/p>\n<p>Vue de l\u2019exp\u00e9rience en r\u00e9alit\u00e9 virtuelle \u00ab\u00a0Les derniers remparts, Carcassonne 1304\u00a0\u00bb depuis les espaces Eclipso \u00e0 Paris, Lyon et Bordeaux<\/p>\n<p>    i<\/p>\n<p class=\"editor-content__paragraph\">D\u00e9couvrez <strong>la cit\u00e9 de Carcassonne<\/strong> comme jamais\u00a0! Le Centre des monuments nationaux s\u2019est associ\u00e9 \u00e0 la soci\u00e9t\u00e9 Excurio \u2013 qui a d\u00e9j\u00e0 imagin\u00e9 notamment \u00ab \u00c9ternelle Notre Dame\u00a0\u00bb, \u00ab\u00a0L\u2019Horizon de Kh\u00e9ops\u00a0\u00bb, et \u00ab <a href=\"https:\/\/www.beauxarts.com\/expos\/faut-il-faire-lexperience-immersive-du-musee-dorsay-un-soir-avec-les-impressionnistes-on-a-teste\/\" target=\"_blank\" rel=\"noopener\">Un soir avec les impressionnistes<\/a> \u00bb \u2013 pour concevoir une <strong>exp\u00e9dition immersive in\u00e9dite, en r\u00e9alit\u00e9 virtuelle<\/strong>, qui vous propulse \u00e0 l\u2019\u00e9poque m\u00e9di\u00e9vale au c\u0153ur des remparts. Pendant 45\u00a0minutes, depuis les <strong>espaces Eclipso<\/strong> \u00e0 Paris, Lyon et Bordeaux, les spectateurs d\u00e9ambulent dans une fiction, o\u00f9 la grande et la petite histoire se m\u00ealent, offrant une <strong>vision unique de Carcassonne<\/strong>\u00a0: entra\u00eenements aux passes d\u2019armes, sc\u00e8nes de march\u00e9, appartements de seigneurs\u2026 M.B.<\/p>\n<p>  Arrow<\/p>\n<p>Les derniers remparts. Carcassone 1304<\/p>\n<p class=\"annexe-content__subtitle\">\u00c0 Paris, Lyon et Bordeaux<\/p>\n<p>\u00c0 partir du 4 avril 2025<br \/>Exp\u00e9rience produite par Excurio et le Centre des monuments nationaux.<\/p>\n<p><a href=\"https:\/\/www.excurio.com\/\" target=\"_blank\" rel=\"noopener\">Plus d\u2019informations sur le site d\u2019Excurio<\/a><\/p>\n<p>        \u00c0 lire aussi :<br \/>\n        <a class=\"renvoi-explicite__link\" href=\"https:\/\/www.beauxarts.com\/grand-format\/la-cite-medievale-de-carcassonne-ouvre-ses-remparts-apres-une-restauration-historique\/\" target=\"_blank\" rel=\"noopener\">La Cit\u00e9 m\u00e9di\u00e9vale de Carcassonne ouvre ses remparts apr\u00e8s une restauration historique<\/a><\/p>\n<p>En famille, on rend visite au Petit Prince<\/p>\n<p>    <img loading=\"lazy\" decoding=\"async\" class=\"image__img\" src=\"https:\/\/www.europesays.com\/fr\/wp-content\/uploads\/2025\/05\/web-culturespaces-_-de-la-motte-rouge-cyrille-le-petit-prince--succession-antoine-de-saint-exupery--.jpeg\" alt=\"Le petit prince, l\u2019odys\u00e9e immersive \u00e0 l\u2019atelier des lumi\u00e8res\" width=\"964\" height=\"643\"\/><\/p>\n<p>Le petit prince, l\u2019odys\u00e9e immersive \u00e0 l\u2019atelier des lumi\u00e8res<\/p>\n<p>    i<\/p>\n<p class=\"legende__cartel\">\u00a9 Culturespaces De La Motte Rouge, Cyrille \u2013  Le Petit Prince\u00ae \u00a9 Succession Antoine de Saint Exupe\u0301ry<\/p>\n<p class=\"editor-content__paragraph\">\u00ab\u00a0On ne voit bien qu\u2019avec le c\u0153ur. L\u2019essentiel est invisible pour les yeux\u00a0\u00bb, dit le renard au <strong>Petit Prince<\/strong>. \u00c0 plus de 80\u00a0ans, le h\u00e9ros d\u2019Antoine de Saint-Exup\u00e9ry est redescendu sur Terre. Il se cache cette fois non dans le d\u00e9sert mais \u00e0 <strong>l\u2019Atelier des Lumi\u00e8res<\/strong>, \u00e0 Paris. \u00ab\u00a0Dessine-moi un mouton\u00a0\u00bb\u2026 La <strong>cr\u00e9ation en video mapping<\/strong>, pleine de po\u00e9sie, nous transporte dans cette \u0153uvre mythique. Le Petit Prince, avec plus de 500\u00a0traductions officielles et plus de 300\u00a0millions d\u2019albums vendus, a largement d\u00e9pass\u00e9 les fronti\u00e8res et travers\u00e9 les \u00e9poques. Rejoindre les \u00e9toiles, \u00e7a ne se refuse pas\u00a0! M.B.<\/p>\n<p>Du 11 avril 2025 au 6 juillet 2025<\/p>\n<p class=\"url-expo\"><a href=\"https:\/\/lepetitprince.atelier-lumieres.com\/\" target=\"_blank\" rel=\"noopener\">lepetitprince.atelier-lumieres.com<\/a><\/p>\n<p class=\"annexe-content__infos\">Atelier des Lumi\u00e8res \u2022 38 Rue Saint-Maur \u2022 75011 Paris<br \/><a href=\"http:\/\/atelier-lumieres.com\/\" target=\"_blank\" rel=\"noopener\">atelier-lumieres.com<\/a><\/p>\n<p>        \u00c0 lire aussi :<br \/>\n        <a class=\"renvoi-explicite__link\" href=\"https:\/\/www.beauxarts.com\/expos\/saint-exupery-dessinateur-au-coeur-tendre\/\" target=\"_blank\" rel=\"noopener\">Saint-Exup\u00e9ry, dessinateur au c\u0153ur tendre<\/a><\/p>\n<p>Les impressionnistes font leur retour \u00e0 Paris, Bordeaux et Lyon<\/p>\n<p>    <img loading=\"lazy\" decoding=\"async\" class=\"image__img\" src=\"https:\/\/www.europesays.com\/fr\/wp-content\/uploads\/2025\/05\/visuelunsoir_sans-ecritures-964x723.png\" alt=\"Affiche de l\u2019exp\u00e9dition immersive \u00ab\u00a0Un soir avec les impressionnistes. Paris 1874\u00a0\u00bb au mus\u00e9e d\u2019Orsay\" width=\"964\" height=\"723\"\/><\/p>\n<p>Affiche de l\u2019exp\u00e9dition immersive \u00ab\u00a0Un soir avec les impressionnistes. Paris 1874\u00a0\u00bb au mus\u00e9e d\u2019Orsay<\/p>\n<p>    i<\/p>\n<p class=\"legende__cartel\">\u00a9 Excurio \u2013 GEDEON Experiences \u2013 mus\u00e9e d\u2019Orsay, Paris. Impression MERICO, mars 2024<\/p>\n<p class=\"editor-content__paragraph\">On est ressorti \u00e9mu de la rencontre\u2026 Comme pr\u00e8s de 80\u00a0000\u00a0spectateurs qui n\u2019ont sans doute pas regrett\u00e9 de prendre un billet pour vivre <a href=\"https:\/\/www.beauxarts.com\/expos\/faut-il-faire-lexperience-immersive-du-musee-dorsay-un-soir-avec-les-impressionnistes-on-a-teste\/\" target=\"_blank\" rel=\"noopener\"><strong>\u00ab\u00a0Un soir avec les impressionnistes, Paris 1874\u00a0\u00bb<\/strong> propos\u00e9 au mus\u00e9e d\u2019Orsay<\/a> ce printemps dernier, en marge de l\u2019hommage rendu \u00e0 la premi\u00e8re exposition impressionniste. Fort de ce succ\u00e8s, l\u2019exp\u00e9rience s\u2019exporte dans plusieurs villes en France, \u00e0 Paris, Bordeaux et Lyon dans une salle permanente, op\u00e9r\u00e9e par Eclipso, sp\u00e9cialiste des expositions immersives. <a href=\"https:\/\/www.beauxarts.com\/grand-format\/claude-monet-en-2-minutes\/\" target=\"_blank\" rel=\"noopener\">Claude Monet<\/a>, <a href=\"https:\/\/www.beauxarts.com\/grand-format\/edgar-degas-en-2-minutes\/\" target=\"_blank\" rel=\"noopener\">Edgar Degas<\/a>, <a href=\"https:\/\/www.beauxarts.com\/grand-format\/camille-pissarro-en-2-minutes\/\" target=\"_blank\" rel=\"noopener\">Camille Pissarro<\/a>, <a href=\"https:\/\/www.beauxarts.com\/grand-format\/paul-cezanne-en-2-minutes\/\" target=\"_blank\" rel=\"noopener\">Paul C\u00e9zanne<\/a>, <a href=\"https:\/\/www.beauxarts.com\/grand-format\/berthe-morisot-en-3-minutes\/\" target=\"_blank\" rel=\"noopener\">Berthe Morisot<\/a>, sans oublier leur marchand Paul Durand-Ruel\u2026 Tous se sont donn\u00e9 rendez-vous <strong>ce soir du 15\u00a0avril 1874<\/strong>. Casque de r\u00e9alit\u00e9 virtuelle sur la t\u00eate, entrez dans l\u2019ancien atelier de <a href=\"https:\/\/www.beauxarts.com\/grand-format\/nadar-en-2-minutes\/\" target=\"_blank\" rel=\"noopener\">Nadar<\/a> o\u00f9 se tient la <strong>mythique premi\u00e8re expo des <a href=\"https:\/\/www.beauxarts.com\/grand-format\/limpressionnisme-en-3-minutes\/\" target=\"_blank\" rel=\"noopener\">impressionnistes<\/a><\/strong>. Avant de passer une t\u00eate chez le peintre <a href=\"https:\/\/www.beauxarts.com\/grand-format\/frederic-bazille-en-2-minutes\/\" target=\"_blank\" rel=\"noopener\">Fr\u00e9d\u00e9ric Bazille<\/a>, fl\u00e2ner au palais de l\u2019Industrie, partir en goguette dans les guinguettes de Bougival ou au Havre\u00a0; Monet vous y attend sur la terrasse de sa chambre d\u2019h\u00f4tel en train de mettre la derni\u00e8re touche \u00e0 son <a href=\"https:\/\/www.beauxarts.com\/grand-format\/impression-soleil-levant-enquete-sur-un-chef-doeuvre\/\" target=\"_blank\" rel=\"noopener\"><strong>Impression, soleil levant <\/strong>(1872)<\/a>. On ne va pas vous d\u00e9voiler la fin\u2026 Mais on en prend plein les yeux\u00a0! M.B.<\/p>\n<p>  Arrow<\/p>\n<p>Un soir avec les impressionnistes \u2013 Paris, 1874<\/p>\n<p class=\"annexe-content__subtitle\">\u00c0 Paris, Lyon et Bordeaux <\/p>\n<p><a href=\"https:\/\/eclipso-entertainment.com\" target=\"_blank\" rel=\"noopener\">Plus d\u2019informations et billetterie sur le site d\u2019Eclipso<\/a><\/p>\n<p>        \u00c0 lire aussi :<br \/>\n        <a class=\"renvoi-explicite__link\" href=\"https:\/\/www.beauxarts.com\/expos\/faut-il-faire-lexperience-immersive-du-musee-dorsay-un-soir-avec-les-impressionnistes-on-a-teste\/\" target=\"_blank\" rel=\"noopener\">Faut-il faire l\u2019exp\u00e9rience immersive du mus\u00e9e d&rsquo;Orsay, \u00ab Un soir avec les impressionnistes \u00bb ? On a test\u00e9\u00a0!<\/a><\/p>\n<p>Festival d\u2019artistes contemporains \u00e0 la pointe de l\u2019IA<\/p>\n<p>    <img loading=\"lazy\" decoding=\"async\" class=\"image__img\" src=\"https:\/\/www.europesays.com\/fr\/wp-content\/uploads\/2025\/05\/webcat_eye_shades_sam_balfus-964x964.jpg\" alt=\"BALFUA, Cat Eyes Shades\" width=\"964\" height=\"964\"\/><\/p>\n<p>BALFUA, Cat Eyes Shades<\/p>\n<p>    i<\/p>\n<p class=\"legende__cartel\">Images de synth\u00e8se et IA \u2022 \u00a9 Grand Palais Immersif<\/p>\n<p class=\"editor-content__paragraph\">Le futur, vous l\u2019imaginez comment\u00a0? Pour sa deuxi\u00e8me \u00e9dition, le<strong> festival Artificial Dreams<\/strong>, organis\u00e9 au <strong>Grand palais immersif<\/strong> avec le soutien de Microsoft tous les mercredis soirs du 11\u00a0juin au 16\u00a0juillet, rassemble des<strong> artistes internationaux<\/strong> qui ont fait du r\u00eave leur sujet et de la technologie leur mat\u00e9riau. Pour concevoir son projet, Charles Carcopino, commissaire de \u00ab\u00a0Artificial Dreams II\u00a0\u00bb, <strong>a fait appel \u00e0 l\u2019intelligence artificielle<\/strong>, laquelle pr\u00e9sente aujourd\u2019hui deux mondes\u00a0: l\u2019un idyllique o\u00f9 l\u2019IA serait cr\u00e9atrice d\u2019un nouvel \u00e9den, et l\u2019autre qui serait au contraire peupl\u00e9 des d\u00e9mons issus de nos pires cauchemars. M.B.<\/p>\n<p>  Arrow<\/p>\n<p>Artificial Dreams II, Visions Of The Future (Imaginer le Futur)<\/p>\n<p class=\"annexe-content__subtitle\">Tous les mercredis de 20h \u00e0 23h du 11 juin au 16 juillet 2025 au Grand Palais immersif<\/p>\n<p>  Arrow<\/p>\n<p>Grand Palais Immersif<\/p>\n<p class=\"annexe-content__infos\">Place de la Bastille \u2022 75012 Paris<br \/><a href=\"https:\/\/grandpalais-immersif.fr\/\" target=\"_blank\" rel=\"noopener\">grandpalais-immersif.fr<\/a><\/p>\n<p>        \u00c0 lire aussi :<br \/>\n        <a class=\"renvoi-explicite__link\" href=\"https:\/\/www.beauxarts.com\/lifestyle\/sur-arte-une-passionnante-nouvelle-emission-explore-la-creation-artistique-en-ia\/\" target=\"_blank\" rel=\"noopener\">Sur Arte, une passionnante nouvelle \u00e9mission explore la cr\u00e9ation artistique en IA<\/a><\/p>\n<p>Monet et le Douanier Rousseau aux Baux-de-Provence<\/p>\n<p>    <img loading=\"lazy\" decoding=\"async\" class=\"image__img\" src=\"https:\/\/www.europesays.com\/fr\/wp-content\/uploads\/2025\/05\/webcdlmonet_159-vpinson-964x643.jpg\" alt=\"Vue de l\u2019exp\u00e9rience immersive \u00ab\u00a0Monet. Impression, Soleil Levant\u00a0\u00bb aux Carri\u00e8res des Lumi\u00e8res des Baux-de-Provence\" width=\"964\" height=\"643\"\/><\/p>\n<p>Vue de l\u2019exp\u00e9rience immersive \u00ab\u00a0Monet. Impression, Soleil Levant\u00a0\u00bb aux Carri\u00e8res des Lumi\u00e8res des Baux-de-Provence<\/p>\n<p>    i<\/p>\n<p class=\"legende__cartel\">\u00a9 Culturespaces \/ Vincent Pinson<\/p>\n<p class=\"editor-content__paragraph\">Fascinant Claude Monet, que l\u2019on a plaisir \u00e0 admirer \u00e0 travers le prisme de l\u2019art num\u00e9rique\u00a0! De la gare Saint-Lazare aux Nymph\u00e9as, en passant par les plages de Normandie et les s\u00e9ries de meules, <strong> la palette r\u00e9volutionnaire de l\u2019impressionniste<\/strong> se r\u00e9v\u00e8le en haute d\u00e9finition, dans la fra\u00eecheur des carri\u00e8res des Baux-de-Provence. En deux programmes num\u00e9riques, <strong>les Carri\u00e8res des Lumi\u00e8res<\/strong> \u00e9clairent l\u2019\u0153uvre du ma\u00eetre de Giverny ainsi que l\u2019univers po\u00e9tique du <a href=\"https:\/\/www.beauxarts.com\/grand-format\/henri-rousseau-en-3-minutes\/\" target=\"_blank\" rel=\"noopener\">Douanier Rousseau<\/a>, pionnier de l\u2019art na\u00eff. M.B.<\/p>\n<p>        \u00c0 lire aussi :<br \/>\n        <a class=\"renvoi-explicite__link\" href=\"https:\/\/www.beauxarts.com\/grand-format\/5-choses-que-vous-ne-saviez-pas-sur-monet\/\" target=\"_blank\" rel=\"noopener\">5 choses que vous ne saviez pas sur Monet<\/a><\/p>\n<p>  Arrow<\/p>\n<p>Monet. Impression, Soleil Levant &amp; le Douanier Rousseau. Au pays des r\u00eaves<\/p>\n<p class=\"url-expo\"><a href=\"https:\/\/www.carrieres-lumieres.com\/fr\" target=\"_blank\" rel=\"noopener\">www.carrieres-lumieres.com<\/a><\/p>\n<p class=\"annexe-content__infos\">Carri\u00e8res des lumi\u00e8res \u2022 Route de Maillane \u2022 13520 Les Baux-de-Provence<br \/><a href=\"http:\/\/carrieres-lumieres.com\" target=\"_blank\" rel=\"noopener\">carrieres-lumieres.com<\/a><\/p>\n<p>Une \u00c9gypte de la plus belle eau \u00e0 Bordeaux<\/p>\n<p>    <img loading=\"lazy\" decoding=\"async\" class=\"image__img\" src=\"https:\/\/www.europesays.com\/fr\/wp-content\/uploads\/2025\/05\/webl_egypte_des_pharaons._de_kheops_a_ramses_ii-_culturespaces___vincent_pinson-76246-964x643.jpg\" alt=\"Vue de l\u2019exposiiton immersive \u00ab\u00a0L\u2019\u00c9gypte des Pharaons. De Kh\u00e9ops a Ramses II\u00a0\u00bb  au Bassin des Lumi\u00e8res de Bordeaux, 2025\" width=\"964\" height=\"643\"\/><\/p>\n<p>Vue de l\u2019exposiiton immersive \u00ab\u00a0L\u2019\u00c9gypte des Pharaons. De Kh\u00e9ops a Ramses II\u00a0\u00bb  au Bassin des Lumi\u00e8res de Bordeaux, 2025<\/p>\n<p>    i<\/p>\n<p class=\"editor-content__paragraph\">Apr\u00e8s avoir transport\u00e9 les visiteurs parisiens de l\u2019Atelier des Lumi\u00e8res l\u2019an pass\u00e9, la magie de l\u2019\u00c9gypte gagne d\u00e8s le 21\u00a0f\u00e9vrier la cit\u00e9 bordelaise\u00a0! <strong>Le nouveau programme de video mapping des Bassins des Lumi\u00e8res<\/strong> vous m\u00e8ne au c\u0153ur de la <strong>civilisation \u00e9gyptienne<\/strong> en d\u00e9voilant, en images et en musiques, ses mirifiques chefs-d\u2019\u0153uvre sur trois mill\u00e9naires. Des rives du Nil aux tombeaux recelant nombre de tr\u00e9sors, tout est r\u00e9uni pour vous faire voyager. L\u2019idyllique s\u00e9jour au pays des pharaons se poursuit en seconde partie avec le programme<strong> \u00ab\u00a0Les Orientalistes. Ingres, Delacroix, G\u00e9r\u00f4me\u2026\u00a0\u00bb<\/strong> qui fait la part belle aux visions exotiques et aux fantasmes des <a href=\"https:\/\/www.beauxarts.com\/grand-format\/lorientalisme-en-3-minutes\/\" target=\"_blank\" rel=\"noopener\">peintres orientalistes<\/a> \u2013 un mirage entre les vapeurs des bains turcs et les femmes lascives\u2026 M.B.<\/p>\n<p>        \u00c0 lire aussi :<br \/>\n        <a class=\"renvoi-explicite__link\" href=\"https:\/\/www.beauxarts.com\/grand-format\/le-tombeau-du-pharaon-thoutmosis-ii-decouvert-en-egypte-une-premiere-depuis-toutankhamon-en-1922\/\" target=\"_blank\" rel=\"noopener\">Le tombeau du pharaon Thoutm\u00f4sis II d\u00e9couvert en \u00c9gypte : une premi\u00e8re depuis Tout\u00e2nkhamon en 1922<\/a><\/p>\n<p>  Arrow<\/p>\n<p>Bassins des Lumi\u00e8res<\/p>\n<p class=\"annexe-content__subtitle\">\u00c0 partir du 21 f\u00e9vrier 2025<\/p>\n<p>\u201cL\u2019\u00c9gypte des pharaons\u201d (programme long)<br \/>\u201cLes orientalistes. Ingres, Delacroix, G\u00e9r\u00f4me\u201d (programme court)<\/p>\n<p>Plus d\u2019informations <a href=\"https:\/\/www.bassins-lumieres.com\/fr\" target=\"_blank\" rel=\"noopener\">sur le site des Bassins des Lumi\u00e8res<\/a><\/p>\n<p>  Arrow<\/p>\n<p>Bassins des Lumi\u00e8res<\/p>\n<p class=\"annexe-content__infos\">Impasse Brown de Colstoun \u2022 33300 Bordeaux<br \/><a href=\"https:\/\/www.culturespaces.com\/fr\/sites\/bassins-lumieres\" target=\"_blank\" rel=\"noopener\">www.culturespaces.com<\/a><\/p>\n<p>Des cath\u00e9drales en majest\u00e9 avec \u00ab\u00a0Luminiscence\u00a0\u00bb dans toute la France<\/p>\n<p>    <img loading=\"lazy\" decoding=\"async\" class=\"image__img\" src=\"https:\/\/www.europesays.com\/fr\/wp-content\/uploads\/2025\/05\/webluminiscence-14-1-copie-964x643.jpg\" alt=\"Le spectacle \u00ab\u00a0Luminiscence\u00a0\u00bb \u00e0 la cath\u00e9drale Notre-Dame-de-la-Treille \u00e0 Lille\" width=\"964\" height=\"643\"\/><\/p>\n<p>Le spectacle \u00ab\u00a0Luminiscence\u00a0\u00bb \u00e0 la cath\u00e9drale Notre-Dame-de-la-Treille \u00e0 Lille<\/p>\n<p>    i<\/p>\n<p class=\"legende__cartel\">\u00a9 Comm Paysage Celebration<\/p>\n<p class=\"editor-content__paragraph\">Ce <strong>merveilleux spectacle<\/strong> a d\u00e9j\u00e0 conquis des centaines de milliers de spectateurs dans toute la France, de la cath\u00e9drale Saint-Andr\u00e9 \u00e0 Bordeaux, fin 2023, \u00e0 l\u2019\u00e9glise Saint-Eustache \u00e0 Paris. \u00c0 Lyon, Rouen, Nice, Reims, et bient\u00f4t dans d\u2019autres villes, on vous conseille <strong><a href=\"https:\/\/www.beauxarts.com\/lifestyle\/un-fabuleux-spectacle-immersif-enchante-la-cathedrale-de-lille\/\" target=\"_blank\" rel=\"noopener\">\u00ab\u00a0Luminiscence\u00a0\u00bb<\/a><\/strong>. Ces <strong>spectacles immersifs \u00e0 360\u00b0<\/strong> bien rythm\u00e9s m\u00ealent histoire, video mapping et musique live pour r\u00e9v\u00e9ler un \u00e9difice comme vous ne l\u2019aviez jamais vu auparavant. M.B.<\/p>\n<p class=\"annexe-content__subtitle\">\u00c0 Lyon, Nice, Rouen, Reims, San Sebastian <\/p>\n<p>Spectacle de 60 minutes<\/p>\n<p><a href=\"https:\/\/luminiscence.fr\/\" target=\"_blank\" rel=\"noopener\">Toutes les informations et la billetterie sur le site de Luminiscence<\/a><\/p>\n<p>        \u00c0 lire aussi :<br \/>\n        <a class=\"renvoi-explicite__link\" href=\"https:\/\/www.beauxarts.com\/lifestyle\/un-fabuleux-spectacle-immersif-enchante-la-cathedrale-de-lille\/\" target=\"_blank\" rel=\"noopener\">Un fabuleux spectacle immersif enchante la cath\u00e9drale de Lille<\/a><\/p>\n<p>Dans les jardins disparus du Roi-Soleil \u00e0 Versailles<\/p>\n<p>    <img loading=\"lazy\" decoding=\"async\" class=\"image__img\" src=\"https:\/\/www.europesays.com\/fr\/wp-content\/uploads\/2025\/05\/vrmenagerie_copyright_gedeon_experiences_small_creative_vive_arts_chateau_de_versailles-964x543.jpg\" alt=\"Exp\u00e9rience de r\u00e9alit\u00e9 virtuelle \u00ab\u00a0Versailles : les jardins disparus du Roi-Soleil\u00a0\u00bb\" width=\"964\" height=\"543\"\/><\/p>\n<p>Exp\u00e9rience de r\u00e9alit\u00e9 virtuelle \u00ab\u00a0Versailles\u00a0: les jardins disparus du Roi-Soleil\u00a0\u00bb<\/p>\n<p>    i<\/p>\n<p class=\"legende__cartel\">\u00a9 GEDEON Experiences, Small Creative, VIVE Arts, Ch\u00e2teau de Versailles<\/p>\n<p class=\"editor-content__paragraph\">Du <strong><a href=\"https:\/\/www.beauxarts.com\/grand-format\/le-chateau-de-versailles-leblouissant-palais-du-roi-soleil\/\" target=\"_blank\" rel=\"noopener\">ch\u00e2teau de Versailles<\/a><\/strong>, on pensait avoir tout vu. Mais saviez-vous que ses jardins abritaient \u00e0 l\u2019origine <strong>une m\u00e9nagerie royale<\/strong> peupl\u00e9e d\u2019animaux exotiques, un v\u00e9ritable<strong> labyrinthe<\/strong> sem\u00e9 de sculptures inspir\u00e9es des fables d\u2019\u00c9sope, ou encore une<strong> grotte artificielle<\/strong>, aliment\u00e9e en eau par un bassin suspendu sur un toit\u00a0? Ces lieux fabuleux, pens\u00e9s au XVIIe si\u00e8cle par Andr\u00e9 Le N\u00f4tre comme<strong> des surprises au c\u0153ur de ses parterres<\/strong> rectilignes, et\u00a0dont il ne reste presque rien, reprennent vie aujourd\u2019hui <strong>par la magie de la r\u00e9alit\u00e9 virtuelle<\/strong> et gr\u00e2ce \u00e0 de minutieuses recherches. En famille (\u00e0 partir de 8\u00a0ans), on d\u00e9ambule ainsi librement d\u2019un site \u00e0 l\u2019autre, <strong>guid\u00e9s par le jardinier royal<\/strong> lui-m\u00eame. L\u2019illusion de caresser les b\u00eates, de sentir la fra\u00eecheur de l\u2019eau et de se perdre \u00e0 travers le d\u00e9dale de haies est parfaite. \u00c0 compl\u00e9ter \u2013 ou pas, puisque l\u2019entr\u00e9e est ind\u00e9pendante \u2013 d\u2019une balade printani\u00e8re dans les all\u00e9es majestueuses du Roi-Soleil. F.G.<\/p>\n<p>  Arrow<\/p>\n<p>Versailles : les jardins disparus du Roi-Soleil<\/p>\n<p>Jusqu\u2019au 4 janvier 2026 au ch\u00e2teau de Versailles<br \/>Exp\u00e9rience de r\u00e9alit\u00e9 virtuelle. Coproduction G\u00e9d\u00e9on Experiences, Small Creative, VIVE Arts et le ch\u00e2teau de Versailles<br \/>Billet simple : 15 \u20ac<\/p>\n<p>Plus d\u2019informations sur <a href=\"https:\/\/www.chateauversailles.fr\/actualites\/evenements\/realite-virtuelle-les-jardins-disparus-roi-soleil\" target=\"_blank\" rel=\"noopener\">le site du ch\u00e2teau de Versailles<\/a><\/p>\n<p>C\u2019est gratuit\u00a0! \u00c0 20\u00a0m\u00e8tres sous terre, lib\u00e9rez Paris au mus\u00e9e de la Lib\u00e9ration<\/p>\n<p>    <img loading=\"lazy\" decoding=\"async\" class=\"image__img\" src=\"https:\/\/www.europesays.com\/fr\/wp-content\/uploads\/2025\/05\/web007-copie-964x721.png\" alt=\"Serious game \u00ab\u00a0La mission Rol-Tanguy\u00a0\u00bb au mus\u00e9e de la Lib\u00e9ration\" width=\"964\" height=\"721\"\/><\/p>\n<p>Serious game \u00ab\u00a0La mission Rol-Tanguy\u00a0\u00bb au mus\u00e9e de la Lib\u00e9ration<\/p>\n<p>    i<\/p>\n<p class=\"editor-content__paragraph\">Prenez une bonne inspiration avant d\u2019aborder les 100\u00a0marches qui descendent \u00e0 pic dans <strong>cet ancien abri souterrain<\/strong>. L\u2019effort vaut trois fois le coup, pour visiter cette p\u00e9pite du mus\u00e9e de la Lib\u00e9ration de Paris, tapie<strong> 20\u00a0m\u00e8tres sous la terre<\/strong> du n\u00e9oclassique pavillon Ledoux\u00a0: une sorte de bunker encore dans son jus des ann\u00e9es 1930\u00a0o\u00f9 il fut construit. Ici, dans les entrailles de la capitale, \u00e0 deux pas de la place Denfert-Rochereau et des catacombes, se trouvait<strong> le quartier g\u00e9n\u00e9ral du colonel Henri Rol-Tanguy<\/strong>. C\u2019est depuis ce poste de commandement que, du 20\u00a0au 26\u00a0ao\u00fbt 1944, le chef des FFI d\u2019\u00cele-de-France dirigea les op\u00e9rations de la Lib\u00e9ration de Paris. Par petits groupes, <strong> casque de r\u00e9alit\u00e9 mixte<\/strong> sur la t\u00eate (vous continuez de voir le d\u00e9cor) et guid\u00e9s par le soldat Jean, il s\u2019agit de se mettre dans la peau d\u2019un journaliste r\u00e9sistant venu interviewer le colonel Rol (futur Rol-Tanguy). Une <strong>immersion historique et ludique<\/strong> tr\u00e8s appr\u00e9ci\u00e9e des familles (d\u00e8s 12\u00a0ans) dans laquelle on passe du central t\u00e9l\u00e9phonique au bureau de l\u2019\u00e9tat-major. On apprendra m\u00eame \u00e0 construire une barricade\u00a0! M.B.<strong><br \/><\/strong><\/p>\n<p>  Arrow<\/p>\n<p>Insurrection 1944. Visite immersive en r\u00e9alit\u00e9 mixte au c\u0153ur de la Lib\u00e9ration de Paris <\/p>\n<p class=\"annexe-content__subtitle\">Dur\u00e9e : 45 minutes. D\u00e8s 12 ans.<\/p>\n<p>Tous les jours \u00e0 15h, 15h45 et 16h30.<br \/>Gratuit, sur r\u00e9servation sur place le jour de votre visite.<\/p>\n<p><a href=\"https:\/\/www.museeliberation-leclerc-moulin.paris.fr\/insurrection-1944-la-visite-en-realite-mixte-du-pc-de-rol\" target=\"_blank\" rel=\"noopener\">Pour pr\u00e9parer sa visite<\/a><\/p>\n<p>  Arrow<\/p>\n<p>Mus\u00e9e de la lib\u00e9ration de Paris &#8211; Mus\u00e9e du g\u00e9n\u00e9ral Leclerc &#8211; Mus\u00e9e Jean Moulin<\/p>\n<p class=\"annexe-content__infos\">4 Avenue du Colonel Henri Rol-Tanguy \u2022 75014 Paris<br \/><a href=\"https:\/\/www.museeliberation-leclerc-moulin.paris.fr\/\" target=\"_blank\" rel=\"noopener\">www.museeliberation-leclerc-moulin.paris.fr<\/a><\/p>\n<p>        \u00c0 lire aussi :<br \/>\n        <a class=\"renvoi-explicite__link\" href=\"https:\/\/www.beauxarts.com\/grand-format\/dans-le-monde-entier-comment-les-musees-sont-en-train-de-se-reinventer\/\" target=\"_blank\" rel=\"noopener\">Dans le monde entier, comment les mus\u00e9es sont en train de se r\u00e9inventer<\/a><\/p>\n","protected":false},"excerpt":{"rendered":"Embarquez pour une transatlantique depuis la gare maritime Art d\u00e9co de Cherbourg, d\u00e9couvrez Carcassonne au Moyen \u00c2ge, ou&hellip;\n","protected":false},"author":2,"featured_media":133227,"comment_status":"","ping_status":"","sticky":false,"template":"","format":"standard","meta":{"footnotes":""},"categories":[1888],"tags":[1111,1928,11,1927,1396,25870,25872,25874,25876,25878,25877,1777,674,1011,27,25873,25875,14924,12,1926,3368,626,1925,16154,25871,25],"class_list":{"0":"post-133226","1":"post","2":"type-post","3":"status-publish","4":"format-standard","5":"has-post-thumbnail","7":"category-paris","8":"tag-actu","9":"tag-actu-paris","10":"tag-actualites","11":"tag-actualites-paris","12":"tag-art-contemporain","13":"tag-art-numerique","14":"tag-atelier-des-lumieres","15":"tag-bassins-des-lumieres","16":"tag-carrieres-des-lumieres-les-baux-de-provence","17":"tag-cite-immersive-viking","18":"tag-eglise-saint-sulpice","19":"tag-eu","20":"tag-europe","21":"tag-fr","22":"tag-france","23":"tag-grand-palais-immersif","24":"tag-hangar-y","25":"tag-immersion","26":"tag-news","27":"tag-news-paris","28":"tag-palais-des-beaux-arts-de-lille","29":"tag-paris","30":"tag-paris-news","31":"tag-realite-augmentee","32":"tag-realite-virtuelle","33":"tag-republique-francaise"},"share_on_mastodon":{"url":"https:\/\/pubeurope.com\/@fr\/114583119432464539","error":""},"_links":{"self":[{"href":"https:\/\/www.europesays.com\/fr\/wp-json\/wp\/v2\/posts\/133226","targetHints":{"allow":["GET"]}}],"collection":[{"href":"https:\/\/www.europesays.com\/fr\/wp-json\/wp\/v2\/posts"}],"about":[{"href":"https:\/\/www.europesays.com\/fr\/wp-json\/wp\/v2\/types\/post"}],"author":[{"embeddable":true,"href":"https:\/\/www.europesays.com\/fr\/wp-json\/wp\/v2\/users\/2"}],"replies":[{"embeddable":true,"href":"https:\/\/www.europesays.com\/fr\/wp-json\/wp\/v2\/comments?post=133226"}],"version-history":[{"count":0,"href":"https:\/\/www.europesays.com\/fr\/wp-json\/wp\/v2\/posts\/133226\/revisions"}],"wp:featuredmedia":[{"embeddable":true,"href":"https:\/\/www.europesays.com\/fr\/wp-json\/wp\/v2\/media\/133227"}],"wp:attachment":[{"href":"https:\/\/www.europesays.com\/fr\/wp-json\/wp\/v2\/media?parent=133226"}],"wp:term":[{"taxonomy":"category","embeddable":true,"href":"https:\/\/www.europesays.com\/fr\/wp-json\/wp\/v2\/categories?post=133226"},{"taxonomy":"post_tag","embeddable":true,"href":"https:\/\/www.europesays.com\/fr\/wp-json\/wp\/v2\/tags?post=133226"}],"curies":[{"name":"wp","href":"https:\/\/api.w.org\/{rel}","templated":true}]}}