{"id":133234,"date":"2025-05-28T02:36:10","date_gmt":"2025-05-28T02:36:10","guid":{"rendered":"https:\/\/www.europesays.com\/fr\/133234\/"},"modified":"2025-05-28T02:36:10","modified_gmt":"2025-05-28T02:36:10","slug":"la-russie-dit-avoir-abattu-plus-de-100-drones-ukrainiens-28-05-2025-a-0341","status":"publish","type":"post","link":"https:\/\/www.europesays.com\/fr\/133234\/","title":{"rendered":"La Russie dit avoir abattu plus de 100 drones ukrainiens &#8211; 28\/05\/2025 \u00e0 03:41"},"content":{"rendered":"<p>\n La Russie a d\u00e9truit ou intercept\u00e9<br \/>\nplus de 100 drones ukrainiens dans la nuit de mardi \u00e0 mercredi,<br \/>\ndont certains se dirigeaient vers Moscou, ont d\u00e9clar\u00e9 des<br \/>\nresponsables.\n<\/p>\n<p>\n Le maire de Moscou, Sergue\u00ef Sobianine, a d\u00e9clar\u00e9 dans des<br \/>\nmessages publi\u00e9s sur Telegram que 27 drones avaient \u00e9t\u00e9 battus<br \/>\nalors qu&rsquo;ils se dirigeaient vers la capitale russe.\n<\/p>\n<p>\n Sergue\u00ef Sobianine n&rsquo;a pas fait \u00e9tat de victimes ou de<br \/>\nd\u00e9g\u00e2ts, se contentant d&rsquo;indiquer que des \u00e9quipes avaient \u00e9t\u00e9<br \/>\ncharg\u00e9es d&rsquo;examiner les d\u00e9bris de drones.\n<\/p>\n<p>\n Le minist\u00e8re russe de la D\u00e9fense avait pr\u00e9c\u00e9demment indiqu\u00e9<br \/>\nque 112 drones avaient \u00e9t\u00e9 abattus dans la soir\u00e9e au-dessus de<br \/>\nplusieurs r\u00e9gions.\n<\/p>\n<p>\n Cinquante-neuf de ces drones ont \u00e9t\u00e9 d\u00e9truits au-dessus de<br \/>\nla r\u00e9gion de Briansk, dans l&rsquo;ouest de la Russie et limitrophe<br \/>\navec l&rsquo;Ukraine et la Bi\u00e9lorussie.\n<\/p>\n<p>\n Le gouverneur de la r\u00e9gion de Briansk n&rsquo;a fait \u00e9tat d&rsquo;aucune<br \/>\nvictime, mais a indiqu\u00e9 qu&rsquo;une maison et des voitures avaient<br \/>\n\u00e9t\u00e9 endommag\u00e9es lors de l&rsquo;attaque.\n<\/p>\n<p>\n Le gouverneur de la r\u00e9gion de Smolensk, dans l&rsquo;ouest de la<br \/>\nRussie, a d\u00e9clar\u00e9 que 11 drones avaient \u00e9t\u00e9 d\u00e9truits.\n<\/p>\n<p>\n (; version fran\u00e7aise Camille Raynaud)<\/p>\n","protected":false},"excerpt":{"rendered":"La Russie a d\u00e9truit ou intercept\u00e9 plus de 100 drones ukrainiens dans la nuit de mardi \u00e0 mercredi,&hellip;\n","protected":false},"author":2,"featured_media":2486,"comment_status":"","ping_status":"","sticky":false,"template":"","format":"standard","meta":{"footnotes":""},"categories":[1591],"tags":[400,11,398,408,405,1887,403,402,399,404,12,1885,1886,132,401,406,407],"class_list":{"0":"post-133234","1":"post","2":"type-post","3":"status-publish","4":"format-standard","5":"has-post-thumbnail","7":"category-russie","8":"tag-action-cac-40","9":"tag-actualites","10":"tag-bourse-de-paris","11":"tag-boursorama","12":"tag-cotations","13":"tag-federation-de-russie","14":"tag-indices-devises","15":"tag-investir","16":"tag-investissement","17":"tag-marche-boursier","18":"tag-news","19":"tag-russia","20":"tag-russian-federation","21":"tag-russie","22":"tag-sicav","23":"tag-trackers","24":"tag-warrants"},"share_on_mastodon":{"url":"https:\/\/pubeurope.com\/@fr\/114583134772179524","error":""},"_links":{"self":[{"href":"https:\/\/www.europesays.com\/fr\/wp-json\/wp\/v2\/posts\/133234","targetHints":{"allow":["GET"]}}],"collection":[{"href":"https:\/\/www.europesays.com\/fr\/wp-json\/wp\/v2\/posts"}],"about":[{"href":"https:\/\/www.europesays.com\/fr\/wp-json\/wp\/v2\/types\/post"}],"author":[{"embeddable":true,"href":"https:\/\/www.europesays.com\/fr\/wp-json\/wp\/v2\/users\/2"}],"replies":[{"embeddable":true,"href":"https:\/\/www.europesays.com\/fr\/wp-json\/wp\/v2\/comments?post=133234"}],"version-history":[{"count":0,"href":"https:\/\/www.europesays.com\/fr\/wp-json\/wp\/v2\/posts\/133234\/revisions"}],"wp:featuredmedia":[{"embeddable":true,"href":"https:\/\/www.europesays.com\/fr\/wp-json\/wp\/v2\/media\/2486"}],"wp:attachment":[{"href":"https:\/\/www.europesays.com\/fr\/wp-json\/wp\/v2\/media?parent=133234"}],"wp:term":[{"taxonomy":"category","embeddable":true,"href":"https:\/\/www.europesays.com\/fr\/wp-json\/wp\/v2\/categories?post=133234"},{"taxonomy":"post_tag","embeddable":true,"href":"https:\/\/www.europesays.com\/fr\/wp-json\/wp\/v2\/tags?post=133234"}],"curies":[{"name":"wp","href":"https:\/\/api.w.org\/{rel}","templated":true}]}}