{"id":133245,"date":"2025-05-28T02:42:13","date_gmt":"2025-05-28T02:42:13","guid":{"rendered":"https:\/\/www.europesays.com\/fr\/133245\/"},"modified":"2025-05-28T02:42:13","modified_gmt":"2025-05-28T02:42:13","slug":"robin-devogelaere-se-lance-dans-la-course-a-la-mairie-de-eu","status":"publish","type":"post","link":"https:\/\/www.europesays.com\/fr\/133245\/","title":{"rendered":"Robin Devogelaere se lance dans la course \u00e0 la mairie de Eu"},"content":{"rendered":"<p>            Par<br \/>\n        <strong><br \/>\n            <a href=\"https:\/\/actu.fr\/auteur\/lucas-farcy\" title=\"Consulter tous les articles de Lucas Farcy\" rel=\"nofollow noopener\" target=\"_blank\">Lucas Farcy<\/a><br \/>\n        <\/strong><\/p>\n<p>        Publi\u00e9 le<\/p>\n<p>            27 mai 2025 \u00e0 20h36        <\/p>\n<p>\u00ab\u00a0Je souhaite \u00eatre <b>le prochain maire de cette ville<\/b>\u00ab\u00a0. Cette phrase, \u00e0 la fois simple, mais remplie d\u2019ambitions, <b>Robin Devogelaere <\/b>attendait depuis longtemps de la prononcer. C\u2019est le lundi 26 mai 2025 qu\u2019il l\u2019a fait, en lan\u00e7ant officiellement sa candidature \u00e0 la mairie <a href=\"https:\/\/actu.fr\/normandie\/eu_76255\" rel=\"nofollow noopener\" target=\"_blank\">de Eu<\/a> (Seine-Maritime), \u00ab\u00a0apr\u00e8s avoir bien r\u00e9fl\u00e9chi et pris le temps de consulter tout le monde, \u00e0 la fois mes soutiens et ma famille\u00a0\u00bb.<\/p>\n<p class=\" wall-content\">Sur le <b>plan politique<\/b>, les soutiens revendiqu\u00e9s par Robin Devogelaere sont solides : \u00ab\u00a0je serai le seul candidat soutenu par les <b>pr\u00e9sidents de la R\u00e9gion et du D\u00e9partement\u00a0\u00bb<\/b>. C\u2019est aupr\u00e8s du premier, Herv\u00e9 Morin, que Robin Devogelaere est conseiller r\u00e9gional de Normandie depuis octobre 2022. Membre du parti Les centristes, il pr\u00e9cise que son parti est partenaires de LR (Les R\u00e9publicains), \u00e0 la fois au niveau r\u00e9gional que national. \u00ab\u00a0Nous soutenons Bruno Retailleau\u00a0\u00bb, pr\u00e9cise le candidat eudois.<\/p>\n<p>Une liste avec des habitants de tous les horizons<\/p>\n<p class=\" wall-content\">Pour constituer sa liste, Robin Devogelaere a souhait\u00e9 int\u00e9grer des habitants venus \u00ab\u00a0de tous les quartiers et de tout horizons, avec des personnes proches de LR et du centre, mais aussi des personnes de centre gauche et de gauche. L\u2019id\u00e9e, c\u2019est de rassembler des amoureux de Eu et des personnes courageuses qui veulent redonner \u00e0 la ville sa place de N\u00b01\u00a0\u00bb.<\/p>\n<p class=\" wall-content\">Peu d\u2019indices pour le moment sur les 29 noms qui composeront la liste<b> J\u2019aime Eu<\/b> men\u00e9e par Robin Devogelaere : \u00ab\u00a0elle est pr\u00eate et nous la d\u00e9voilerons au fil des jours, \u00e0 partir de l\u2019automne. Je peux juste vous dire qu\u2019il y a des personnes qui ont d\u00e9j\u00e0 \u00e9t\u00e9 \u00e9lues \u00e0 Eu ou qui sont \u00e9lues en ce moment. Mais la liste est essentiellement compos\u00e9e de gens nouveaux\u00a0\u00bb.<\/p>\n<p>Rallumer la lumi\u00e8re<\/p>\n<p class=\" wall-content\">Robin Devogelaere a encore neuf mois pour d\u00e9voiler et affiner son programme, mais il conna\u00eet d\u00e9j\u00e0 sa premi\u00e8re mesure : \u00ab\u00a0d\u00e8s le premier jour, je remets de la lumi\u00e8re la nuit dans les rues de Eu. L\u2019extinction des lampadaires \u00e0 partir de 23h cr\u00e9e un sentiment d\u2019ins\u00e9curit\u00e9, les Eudois ne se sentent pas bien et des jeunes m\u2019ont dit qu\u2019ils n\u2019osaient plus sortir seul la nuit \u00e0 cause de cela. Il y a aussi <b>des gens nostalgiques d\u2019une ville lumineuse<\/b> : cette image, \u00e7a joue sur le moral des habitants\u00a0\u00bb.<\/p>\n<p>Vid\u00e9os : en ce moment sur Actu<\/p>\n<p class=\" wall-content\">Au-del\u00e0 de cette mesure qu\u2019il admet lui-m\u00eame \u00eatre \u00ab\u00a0symbolique\u00a0\u00bb, le candidat souhaite renforcer l\u2019attractivit\u00e9 de la ville, en jouant sur l\u2019un de ses plus beaux atouts : le patrimoine. Un levier pour le d\u00e9veloppement touristique selon lui.<\/p>\n<p class=\" wall-content\">S\u2019il est conscient qu\u2019\u00e0 Eu, la restauration et la pr\u00e9servation du patrimoine ont des cons\u00e9quences lourdes sur les finances, il ne voit pas cela comme une contrainte : \u00ab\u00a0le patrimoine n\u2019est pas un fil \u00e0 la patte, mais un levier de cr\u00e9ation de valeur\u00a0\u00bb. Pour redonner toute sa place au ch\u00e2teau et \u00e0 son mus\u00e9e, il souhaite d\u2019ailleurs que la mairie, qui se trouve dans une partie du ch\u00e2teau, d\u00e9m\u00e9nage.<\/p>\n<p>Arriv\u00e9 \u00e0 Eu il y a 10 ans<\/p>\n<p class=\" wall-content\">\u00c0 52 ans, celui qui s\u2019est install\u00e9 \u00e0 Eu il y a 10 ans apr\u00e8s \u00eatre <b>tomb\u00e9 amoureux de la ville<\/b> aura sans doute des temp\u00eates \u00e0 affronter dans une campagne \u00e9lectorale qui s\u2019annonce de nouveau disput\u00e9e \u00e0 Eu : St\u00e9phane Accard, conseiller municipal d\u2019opposition, <a href=\"https:\/\/actu.fr\/normandie\/eu_76255\/stephane-accard-annonce-sa-candidature-pour-les-elections-municipales-de-mars-2026-a-eu_62079750.html\" rel=\"nofollow noopener\" target=\"_blank\">a d\u00e9j\u00e0 annonc\u00e9 qu\u2019il serait lui aussi candidat<\/a>, en appelant \u00e0 un rassemblement du centre et de la droite. En 2020, la liste de gauche men\u00e9e par l\u2019actuel maire Michel Barbier avait pu b\u00e9n\u00e9ficier d\u2019un \u00e9clatement des voix \u00e0 droite, avec quatre candidats qualifi\u00e9s au deuxi\u00e8me tour.<\/p>\n<p class=\" wall-content\">Pour convaincre qu\u2019il est le bon candidat dans son camp, Robin Devogelaere croit en ses comp\u00e9tences acquises pendant sa vie professionnel de m\u00e9diateur d\u00e9l\u00e9gu\u00e9 au r\u00e8glement amiable des litiges au sein du groupe EDF.<\/p>\n<p class=\" wall-content\">Suivez toute l\u2019actualit\u00e9 de vos villes et m\u00e9dias favoris en vous inscrivant \u00e0 <a href=\"https:\/\/moncompte.actu.fr\" title=\"D\u00e9couvez Mon Actu\" rel=\"nofollow noopener\" data-trk=\"{&quot;cta&quot;:{&quot;action&quot;:&quot;https:\\\/\\\/moncompte.actu.fr&quot;,&quot;category&quot;:&quot;mon compte&quot;,&quot;from&quot;:&quot;article footer&quot;,&quot;name&quot;:&quot;Mon actu&quot;,&quot;type&quot;:&quot;cta&quot;}}\" target=\"_blank\">Mon Actu<\/a>.<\/p>\n<ul class=\"ac-article-tag wall-content\">\n<li><a href=\"https:\/\/actu.fr\/tag\/municipales-2026\" data-trk=\"{&quot;cta&quot;:{&quot;action&quot;:&quot;Municipales 2026&quot;,&quot;category&quot;:&quot;tag&quot;,&quot;from&quot;:&quot;article footer&quot;,&quot;name&quot;:&quot;Municipales 2026&quot;,&quot;type&quot;:&quot;cta&quot;}}\" rel=\"nofollow noopener\" target=\"_blank\">#Municipales 2026<\/a><\/li>\n<li><a href=\"https:\/\/actu.fr\/tag\/villes-soeurs\" data-trk=\"{&quot;cta&quot;:{&quot;action&quot;:&quot;Villes Soeurs&quot;,&quot;category&quot;:&quot;tag&quot;,&quot;from&quot;:&quot;article footer&quot;,&quot;name&quot;:&quot;Villes Soeurs&quot;,&quot;type&quot;:&quot;cta&quot;}}\" rel=\"nofollow noopener\" target=\"_blank\">#Villes Soeurs<\/a><\/li>\n<\/ul>\n","protected":false},"excerpt":{"rendered":"Par Lucas Farcy Publi\u00e9 le 27 mai 2025 \u00e0 20h36 \u00ab\u00a0Je souhaite \u00eatre le prochain maire de cette&hellip;\n","protected":false},"author":2,"featured_media":133246,"comment_status":"","ping_status":"","sticky":false,"template":"","format":"standard","meta":{"footnotes":""},"categories":[1586],"tags":[11,1777,674,1779,1011,27,3434,12,316,25,1778,364,3587],"class_list":{"0":"post-133245","1":"post","2":"type-post","3":"status-publish","4":"format-standard","5":"has-post-thumbnail","7":"category-europe","8":"tag-actualites","9":"tag-eu","10":"tag-europe","11":"tag-european-union","12":"tag-fr","13":"tag-france","14":"tag-municipales-2026","15":"tag-news","16":"tag-politique","17":"tag-republique-francaise","18":"tag-ue","19":"tag-union-europeenne","20":"tag-villes-soeurs"},"share_on_mastodon":{"url":"https:\/\/pubeurope.com\/@fr\/114583158383343230","error":""},"_links":{"self":[{"href":"https:\/\/www.europesays.com\/fr\/wp-json\/wp\/v2\/posts\/133245","targetHints":{"allow":["GET"]}}],"collection":[{"href":"https:\/\/www.europesays.com\/fr\/wp-json\/wp\/v2\/posts"}],"about":[{"href":"https:\/\/www.europesays.com\/fr\/wp-json\/wp\/v2\/types\/post"}],"author":[{"embeddable":true,"href":"https:\/\/www.europesays.com\/fr\/wp-json\/wp\/v2\/users\/2"}],"replies":[{"embeddable":true,"href":"https:\/\/www.europesays.com\/fr\/wp-json\/wp\/v2\/comments?post=133245"}],"version-history":[{"count":0,"href":"https:\/\/www.europesays.com\/fr\/wp-json\/wp\/v2\/posts\/133245\/revisions"}],"wp:featuredmedia":[{"embeddable":true,"href":"https:\/\/www.europesays.com\/fr\/wp-json\/wp\/v2\/media\/133246"}],"wp:attachment":[{"href":"https:\/\/www.europesays.com\/fr\/wp-json\/wp\/v2\/media?parent=133245"}],"wp:term":[{"taxonomy":"category","embeddable":true,"href":"https:\/\/www.europesays.com\/fr\/wp-json\/wp\/v2\/categories?post=133245"},{"taxonomy":"post_tag","embeddable":true,"href":"https:\/\/www.europesays.com\/fr\/wp-json\/wp\/v2\/tags?post=133245"}],"curies":[{"name":"wp","href":"https:\/\/api.w.org\/{rel}","templated":true}]}}