{"id":133248,"date":"2025-05-28T02:44:15","date_gmt":"2025-05-28T02:44:15","guid":{"rendered":"https:\/\/www.europesays.com\/fr\/133248\/"},"modified":"2025-05-28T02:44:15","modified_gmt":"2025-05-28T02:44:15","slug":"renaissance-confirmee-pour-cette-legende-francaise-de-lautomobile-mais-en-toute-petite-quantite","status":"publish","type":"post","link":"https:\/\/www.europesays.com\/fr\/133248\/","title":{"rendered":"Renaissance confirm\u00e9e pour cette l\u00e9gende fran\u00e7aise de l\u2019automobile (mais en toute petite quantit\u00e9)"},"content":{"rendered":"<p>Nous en parlions <a href=\"https:\/\/www.20minutes.fr\/auto\/4111729-20240924-renaissance-carrossier-francais-saoutchik\" class=\"color-ultramarine c-link\" target=\"_blank\" rel=\"noopener\">ici <\/a>en septembre dernier\u00a0: des investisseurs n\u00e9erlandais se lan\u00e7aient dans une entreprise audacieuse, avec l\u2019aide d\u2019un pr\u00e9parateur allemand. Ce d\u00e9fi\u00a0? Faire revivre <a href=\"https:\/\/fr.wikipedia.org\/wiki\/Saoutchik\" target=\"_blank\" class=\"color-ultramarine c-link\" rel=\"noopener\">Saoutchik<\/a>, une c\u00e9l\u00e8bre entreprise fran\u00e7aise de design et de carrosserie, qui a connu son apog\u00e9e dans les ann\u00e9es\u00a01950 en habillant des Cadillac, Delage et autres Talbot-Lago de ce style tr\u00e8s \u00ab\u00a0enveloppant\u00a0\u00bb. \u00c0 l\u2019occasion de Top Marques, le salon du (super-)<a href=\"https:\/\/www.20minutes.fr\/dossier\/luxe\" class=\"color-ultramarine c-link\" target=\"_blank\" rel=\"noopener\"> luxe<\/a> organis\u00e9 chaque ann\u00e9e \u00e0 <a href=\"https:\/\/www.20minutes.fr\/dossier\/monaco\" class=\"color-ultramarine c-link\" target=\"_blank\" rel=\"noopener\">Monaco<\/a>, cette r\u00e9surrection a \u00e9t\u00e9 confirm\u00e9e. Et le premier mod\u00e8le a maintenant un nom bien \u00e0 lui.<\/p>\n<p><img decoding=\"async\" alt=\"Seuls quinze exemplaires de la Torpedo S seront produits, et les premiers seront livr\u00e9s d\u00e9but 2026.\" class=\"c-img\" loading=\"lazy\" fetchpriority=\"auto\" width=\"718\"  src=\"https:\/\/www.europesays.com\/fr\/wp-content\/uploads\/2025\/05\/1748400255_906_718x0.jpeg; charset=utf-8\" \/>Seuls quinze exemplaires de la Torpedo S seront produits, et les premiers seront livr\u00e9s d\u00e9but 2026.\u2002-\u00a0SaoutchikSeulement quinze exemplaires de la Torpedo S<\/p>\n<p>Il y a quelques mois, cette \u0153uvre bas\u00e9e sur la pr\u00e9c\u00e9dente g\u00e9n\u00e9ration de la <a href=\"https:\/\/www.20minutes.fr\/dossier\/mercedes\" class=\"color-ultramarine c-link\" target=\"_blank\" rel=\"noopener\">Mercedes<\/a>-AMG GT de\u00a02016 \u00e9tait encore connue sous le nom de GTC. D\u00e9sormais, elle s\u2019appelle Torpedo S, un patronyme plus coh\u00e9rent avec l\u2019h\u00e9ritage de Saoutchik, et qui aurait pu \u00eatre ce que le carrossier aurait propos\u00e9 sur base de la l\u00e9gendaire Mercedes 300 SL.<\/p>\n<p>V\u00eatue d\u2019une carrosserie 100\u00a0% carbone r\u00e9alis\u00e9e par Pogea Racing, la Torpedo S a sous le capot le V8 4.0 litres biturbo bien connu du constructeur allemand, qui d\u00e9veloppe ici 630 ch, et offre \u00e0 la voiture une vitesse de pointe de 320 km\/h. Seuls quinze exemplaires seront produits, et les premiers seront livr\u00e9s d\u00e9but\u00a02026.<\/p>\n","protected":false},"excerpt":{"rendered":"Nous en parlions ici en septembre dernier\u00a0: des investisseurs n\u00e9erlandais se lan\u00e7aient dans une entreprise audacieuse, avec l\u2019aide&hellip;\n","protected":false},"author":2,"featured_media":133249,"comment_status":"","ping_status":"","sticky":false,"template":"","format":"standard","meta":{"footnotes":""},"categories":[2],"tags":[47,11,646,1011,27,2425,4320,12,25,4752,25881,25880],"class_list":{"0":"post-133248","1":"post","2":"type-post","3":"status-publish","4":"format-standard","5":"has-post-thumbnail","7":"category-actualites","8":"tag-actualite","9":"tag-actualites","10":"tag-automobile","11":"tag-fr","12":"tag-france","13":"tag-luxe","14":"tag-mercedes","15":"tag-news","16":"tag-republique-francaise","17":"tag-voiture","18":"tag-voitures-de-luxe","19":"tag-voitures-de-sport"},"share_on_mastodon":{"url":"https:\/\/pubeurope.com\/@fr\/114583166305142020","error":""},"_links":{"self":[{"href":"https:\/\/www.europesays.com\/fr\/wp-json\/wp\/v2\/posts\/133248","targetHints":{"allow":["GET"]}}],"collection":[{"href":"https:\/\/www.europesays.com\/fr\/wp-json\/wp\/v2\/posts"}],"about":[{"href":"https:\/\/www.europesays.com\/fr\/wp-json\/wp\/v2\/types\/post"}],"author":[{"embeddable":true,"href":"https:\/\/www.europesays.com\/fr\/wp-json\/wp\/v2\/users\/2"}],"replies":[{"embeddable":true,"href":"https:\/\/www.europesays.com\/fr\/wp-json\/wp\/v2\/comments?post=133248"}],"version-history":[{"count":0,"href":"https:\/\/www.europesays.com\/fr\/wp-json\/wp\/v2\/posts\/133248\/revisions"}],"wp:featuredmedia":[{"embeddable":true,"href":"https:\/\/www.europesays.com\/fr\/wp-json\/wp\/v2\/media\/133249"}],"wp:attachment":[{"href":"https:\/\/www.europesays.com\/fr\/wp-json\/wp\/v2\/media?parent=133248"}],"wp:term":[{"taxonomy":"category","embeddable":true,"href":"https:\/\/www.europesays.com\/fr\/wp-json\/wp\/v2\/categories?post=133248"},{"taxonomy":"post_tag","embeddable":true,"href":"https:\/\/www.europesays.com\/fr\/wp-json\/wp\/v2\/tags?post=133248"}],"curies":[{"name":"wp","href":"https:\/\/api.w.org\/{rel}","templated":true}]}}