{"id":133270,"date":"2025-05-28T02:58:12","date_gmt":"2025-05-28T02:58:12","guid":{"rendered":"https:\/\/www.europesays.com\/fr\/133270\/"},"modified":"2025-05-28T02:58:12","modified_gmt":"2025-05-28T02:58:12","slug":"un-episode-pas-comme-les-autres-et-un-depart-inattendu","status":"publish","type":"post","link":"https:\/\/www.europesays.com\/fr\/133270\/","title":{"rendered":"Un \u00e9pisode pas comme les autres et un d\u00e9part inattendu"},"content":{"rendered":"<p>Apr\u00e8s l\u2019\u00e9tape tant redout\u00e9e des \u00ab\u00a0destins li\u00e9s\u00a0\u00bb et les d\u00e9parts de <a href=\"https:\/\/www.20minutes.fr\/arts-stars\/television\/koh_lanta\/4154324-20250521-koh-lanta-plutot-grandes-gueules-savait-ferait-unanimite-affirme-pierre-marie\" class=\"color-ultramarine c-link\" target=\"_blank\" rel=\"noopener\">Pierre-Marie<\/a> et <a href=\"https:\/\/www.20minutes.fr\/arts-stars\/television\/koh_lanta\/4154427-20250520-koh-lanta-aventure-authentique-comme-estime-nais-eliminee\" class=\"color-ultramarine c-link\" target=\"_blank\" rel=\"noopener\">Na\u00efs<\/a> la semaine derni\u00e8re, place \u00e0 la diffusion d\u2019un \u00e9pisode de \u00ab\u00a0<a href=\"https:\/\/www.20minutes.fr\/arts-stars\/television\/koh_lanta\/\" class=\"color-ultramarine c-link\" target=\"_blank\" rel=\"noopener\">Koh-Lanta<\/a>\u00a0\u00bb pas comme les autres ce mardi soir sur <a href=\"https:\/\/www.20minutes.fr\/dossier\/tf1\" class=\"color-ultramarine c-link\" target=\"_blank\" rel=\"noopener\">TF1<\/a>. Pour cause, \u00e0 la diff\u00e9rence du d\u00e9roul\u00e9 habituel, aucune \u00e9preuve d\u2019immunit\u00e9 et aucun conseil n\u2019ont rythm\u00e9 la soir\u00e9e.<\/p>\n<p>Ce qui n\u2019a pas emp\u00each\u00e9 trois candidats de se retrouver en danger. Pour d\u00e9fendre leur place, ils ont d\u00fb s\u2019affronter lors d\u2019une \u00e9preuve \u00e9liminatoire exceptionnelle. Et c\u2019est l\u2019un des aventuriers les plus marquants de cette saison de \u00ab\u00a0<a href=\"https:\/\/www.20minutes.fr\/television\/koh_lanta\/diaporama-4137126-koh-lanta-revanche-4-terres-candidats-nouvelle-saison\" class=\"color-ultramarine c-link\" target=\"_blank\" rel=\"noopener\">la revanche des 4 terres<\/a>\u00a0\u00bb qui a d\u00fb faire ses adieux. 20 Minutes vous propose un petit r\u00e9sum\u00e9.<\/p>\n<p>\u00ab\u00a0On va se retrouver avec un Lorient-Nancy\u00a0\u00bb<\/p>\n<p>C\u2019est au lendemain du conseil qui s\u2019est av\u00e9r\u00e9 fatal pour deux anciens membres de la tribu bleue que nous retrouvons les 8 derniers candidats de la saison. Sur le camp, c\u2019est deux salles, deux ambiances. D\u2019un c\u00f4t\u00e9, l\u2019alliance entre les aventuriers de l\u2019ouest et de l\u2019est, port\u00e9e notamment par Ga\u00eblle, exulte apr\u00e8s la trahison de Maxime envers les aventuriers du sud de la France. D\u00e9sormais majoritaires, la route semble toute trac\u00e9e pour eux jusqu\u2019\u00e0 l\u2019orientation.<\/p>\n<p>De l\u2019autre c\u00f4t\u00e9, Claire, derni\u00e8re repr\u00e9sentante du nord, et J\u00e9r\u00f4me dit \u00ab\u00a0le Catalan\u00a0\u00bb, dernier repr\u00e9sentant du sud, l\u2019ont mauvaise. Les deux candidats encaissent difficilement le d\u00e9part de leurs alli\u00e9s la veille et la joie non dissimul\u00e9e du camp adverse. \u00ab\u00a0J\u2019ai juste envie qu\u2019elle d\u00e9gage\u00a0\u00bb, lance notamment Claire, am\u00e8re, apr\u00e8s avoir \u00e9t\u00e9 accus\u00e9e par No\u00e9mie d\u2019avoir jou\u00e9 elle-m\u00eame sur deux tableaux les jours pr\u00e9c\u00e9dents.<\/p>\n<p>En parall\u00e8le, \u00e0 la r\u00e9sidence du jury final, les candidates \u00e9limin\u00e9es lors des derniers \u00e9pisodes, <a href=\"https:\/\/www.20minutes.fr\/arts-stars\/television\/koh_lanta\/4150774-20250429-koh-lanta-peux-prendre-estime-louise-eliminee\" class=\"color-ultramarine c-link\" target=\"_blank\" rel=\"noopener\">Louise<\/a>, Jessica et <a href=\"https:\/\/www.20minutes.fr\/arts-stars\/television\/koh_lanta\/4151899-20250506-koh-lanta-partir-moment-faisais-quelque-chose-probleme-reconnait-joana\" class=\"color-ultramarine c-link\" target=\"_blank\" rel=\"noopener\">Joana<\/a>, accueillent avec stup\u00e9faction les deux petits nouveaux\u00a0: Na\u00efs et Pierre-Marie. Le bin\u00f4me malheureux des destins li\u00e9s relate la trahison de Maxime et l\u2019\u00e9chec de la strat\u00e9gie commune entre les aventuriers du nord et du sud. \u00ab\u00a0On voulait finir avec un <a href=\"https:\/\/www.20minutes.fr\/dossier\/classico\" class=\"color-ultramarine c-link\" target=\"_blank\" rel=\"noopener\">classico<\/a> Paris-Marseille et on va se retrouver avec un Lorient-Nancy\u00a0\u00bb, s\u2019en amuse le Dr\u00f4mois Pierre-Marie.<\/p>\n<p>\u00ab\u00a0Je vais me faire plaisir en solitaire\u00a0\u00bb<\/p>\n<p>Satisfait par la solidit\u00e9 de son alliance et l\u2019efficacit\u00e9 de sa strat\u00e9gie, le clan de l\u2019est et de l\u2019ouest aborde l\u2019\u00e9preuve de confort avec confiance et s\u00e9r\u00e9nit\u00e9. Maxime, en particulier, se r\u00e9jouit d\u2019avoir repris son destin en main apr\u00e8s <a href=\"https:\/\/www.20minutes.fr\/arts-stars\/television\/koh_lanta\/4148694-20250415-koh-lanta-porter-dossard-capitaine-aller-ambassadeurs-regrette-maxime\" class=\"color-ultramarine c-link\" target=\"_blank\" rel=\"noopener\">la douche froide des Ambassadeurs<\/a>. Mais c\u2019est sans compter sur Denis Brogniart et son annonce du jour\u00a0: cette semaine, aucun candidat ne partira \u00e0 l\u2019issue d\u2019un conseil. Trois d\u2019entre eux seront toutefois sur la sellette et devront s\u2019affronter lors d\u2019une \u00e9preuve \u00e9liminatoire. Lesquels\u00a0? Le perdant de l\u2019\u00e9preuve de confort du jour y sera envoy\u00e9 d\u2019office. Les deux autres seront choisis par les deux gagnants de l\u2019\u00e9preuve. Et c\u2019est l\u2019ascenseur \u00e9motionnel pour Maxime.<\/p>\n<p>Le candidat de l\u2019est est en effet le premier \u00e0 perdre cette \u00e9preuve d\u2019\u00e9quilibre entre deux plans inclin\u00e9s. Claire, qui se sait menac\u00e9e, \u00e9choue \u00e0 la 3e place. Arriv\u00e9 2e, Ma\u00ebl la d\u00e9signe sans grande surprise. Le vainqueur, J\u00e9r\u00f4me des Landes, envoie quant \u00e0 lui J\u00e9r\u00f4me le catalan.<\/p>\n<p>Direction l\u2019\u00eele de l\u2019exil pour les trois malheureux, o\u00f9 se d\u00e9roule une s\u00e9quence lunaire. Revanchard, Maxime s\u2019isole et engloutit le peu de nourriture qu\u2019il trouve sur son chemin, se dissimulant au regard des deux autres. Il accepte m\u00eame sans scrupule la noix de coco que Claire et J\u00e9r\u00f4me partagent de bon c\u0153ur avec lui. \u00ab\u00a0Je vais me faire plaisir en solitaire, je suis vraiment un chien jusqu\u2019au bout\u00a0\u00bb, assume Maxime avec un bout de canne \u00e0 sucre dans la main.<\/p>\n<\/p>\n<p>\u00ab\u00a0Je n\u2019ai qu\u2019une envie, c\u2019est de me venger\u00a0\u00bb<\/p>\n<p>Vient enfin l\u2019heure fatidique de l\u2019\u00e9preuve \u00e9liminatoire. Pour conserver leur place dans l\u2019aventure, les joueurs doivent s\u2019affronter sur une \u00e9preuve de rapidit\u00e9 en lib\u00e9rant une pi\u00e8ce d\u2019un casse-t\u00eate le plus vite possible. Spectaculaire, J\u00e9r\u00f4me le Catalan y parvient en un temps record et sauve sa peau. Apr\u00e8s une petite s\u00e9quence suspense, Claire y arrive \u00e0 son tour et rejoint son alli\u00e9 du sud. Apr\u00e8s des jours et des jours de strat\u00e9gies redoutables, de coups fourr\u00e9s et de punchlines, Maxime se voit contraint de quitter l\u2019aventure, \u00e9limin\u00e9 par son manque de c\u00e9l\u00e9rit\u00e9. Clivant, l\u2019aventurier avait le m\u00e9rite de pimenter la saison. Et maintenant\u00a0?<\/p>\n<p>On s\u2019interroge un peu sur la suite du programme et sur un affrontement qui s\u2019annonce d\u00e9s\u00e9quilibr\u00e9 \u2013 et perdu d\u2019avance. Ga\u00eblle, C\u00e9line, No\u00e9mie, Ma\u00ebl et J\u00e9r\u00f4me des Landes sont d\u00e9sormais cinq contre deux, Claire et J\u00e9r\u00f4me le Catalan. Doit-on s\u2019attendre \u00e0 un \u00e9pilogue pr\u00e9visible et un peu d\u00e9cevant\u00a0?<\/p>\n<p>C\u2019est peut-\u00eatre sous-estimer les ressources de Claire, la Parisienne. \u00ab\u00a0Je n\u2019ai qu\u2019une envie, c\u2019est de me venger\u00a0\u00bb, annonce-t-elle dans l\u2019une des images du teaser. Mais comment\u00a0?<\/p>\n<p><a href=\"https:\/\/www.20minutes.fr\/arts-stars\/television\/koh_lanta\/\" class=\"c-link c-btn c-btn--primary\" target=\"_blank\" rel=\"noopener\">Retrouvez nos articles sur \u00ab\u00a0Koh-Lanta\u00a0\u00bb<\/a><\/p>\n<p>Enfin, on ne l\u2019attendait plus mais il semblerait que \u00ab\u00a0le plus gros coup de bluff de l\u2019histoire de Koh-Lanta\u00a0\u00bb, promis depuis le d\u00e9but de la saison par <a href=\"https:\/\/www.20minutes.fr\/dossier\/denis_brogniart\" class=\"color-ultramarine c-link\" target=\"_blank\" rel=\"noopener\">Denis Brogniart<\/a>, pointe le bout de son nez (il \u00e9tait temps). Qui en sera l\u2019auteur\u00a0? Et surtout, sera-t-il vraiment \u00e0 la hauteur de l\u2019attente\u00a0?<\/p>\n","protected":false},"excerpt":{"rendered":"Apr\u00e8s l\u2019\u00e9tape tant redout\u00e9e des \u00ab\u00a0destins li\u00e9s\u00a0\u00bb et les d\u00e9parts de Pierre-Marie et Na\u00efs la semaine derni\u00e8re, place&hellip;\n","protected":false},"author":2,"featured_media":133271,"comment_status":"","ping_status":"","sticky":false,"template":"","format":"standard","meta":{"footnotes":""},"categories":[1356],"tags":[681,58,4739,59,1011,27,680,252,199,1364],"class_list":{"0":"post-133270","1":"post","2":"type-post","3":"status-publish","4":"format-standard","5":"has-post-thumbnail","7":"category-television","8":"tag-denis-brogniart","9":"tag-divertissement","10":"tag-emission-de-television","11":"tag-entertainment","12":"tag-fr","13":"tag-france","14":"tag-koh-lanta","15":"tag-television","16":"tag-tf1","17":"tag-tv"},"share_on_mastodon":{"url":"https:\/\/pubeurope.com\/@fr\/114583221302372993","error":""},"_links":{"self":[{"href":"https:\/\/www.europesays.com\/fr\/wp-json\/wp\/v2\/posts\/133270","targetHints":{"allow":["GET"]}}],"collection":[{"href":"https:\/\/www.europesays.com\/fr\/wp-json\/wp\/v2\/posts"}],"about":[{"href":"https:\/\/www.europesays.com\/fr\/wp-json\/wp\/v2\/types\/post"}],"author":[{"embeddable":true,"href":"https:\/\/www.europesays.com\/fr\/wp-json\/wp\/v2\/users\/2"}],"replies":[{"embeddable":true,"href":"https:\/\/www.europesays.com\/fr\/wp-json\/wp\/v2\/comments?post=133270"}],"version-history":[{"count":0,"href":"https:\/\/www.europesays.com\/fr\/wp-json\/wp\/v2\/posts\/133270\/revisions"}],"wp:featuredmedia":[{"embeddable":true,"href":"https:\/\/www.europesays.com\/fr\/wp-json\/wp\/v2\/media\/133271"}],"wp:attachment":[{"href":"https:\/\/www.europesays.com\/fr\/wp-json\/wp\/v2\/media?parent=133270"}],"wp:term":[{"taxonomy":"category","embeddable":true,"href":"https:\/\/www.europesays.com\/fr\/wp-json\/wp\/v2\/categories?post=133270"},{"taxonomy":"post_tag","embeddable":true,"href":"https:\/\/www.europesays.com\/fr\/wp-json\/wp\/v2\/tags?post=133270"}],"curies":[{"name":"wp","href":"https:\/\/api.w.org\/{rel}","templated":true}]}}