{"id":133274,"date":"2025-05-28T03:00:10","date_gmt":"2025-05-28T03:00:10","guid":{"rendered":"https:\/\/www.europesays.com\/fr\/133274\/"},"modified":"2025-05-28T03:00:10","modified_gmt":"2025-05-28T03:00:10","slug":"voici-le-programme-de-sa-venue","status":"publish","type":"post","link":"https:\/\/www.europesays.com\/fr\/133274\/","title":{"rendered":"voici le programme de sa venue"},"content":{"rendered":"<p>            Par<br \/>\n        <strong><br \/>\n            <a href=\"https:\/\/actu.fr\/auteur\/edwin-bleunven\" title=\"Consulter tous les articles de Edwin Bleunven\" target=\"_blank\" rel=\"noopener\">Edwin Bleunven<\/a><br \/>\n        <\/strong><\/p>\n<p>        Publi\u00e9 le<\/p>\n<p>            27 mai 2025 \u00e0 19h02        <\/p>\n<p>Encore <b>un Weasley<\/b>\u2009! Cette fameuse phrase prononc\u00e9e par le Choixpeau magique s\u2019applique parfaitement \u00e0 l\u2019\u00e9v\u00e9nement qui s\u2019annonce \u00e0 <a href=\"https:\/\/actu.fr\/nouvelle-aquitaine\/beautiran_33037\" target=\"_blank\" rel=\"noopener\">Beautiran<\/a>, en <a href=\"https:\/\/actu.fr\/nouvelle-aquitaine\/gironde_33\" target=\"_blank\" rel=\"noopener\">Gironde<\/a>, <b>samedi 7\u00a0juin<\/b> 2025. Apr\u00e8s <a href=\"https:\/\/actu.fr\/nouvelle-aquitaine\/beautiran_33037\/on-vous-explique-quand-et-comment-rencontrer-ce-mythique-acteur-de-harry-potter-lors-de-sa-venue-en-gironde_62169159.html\" target=\"_blank\" rel=\"noopener\">Jason Isaacs (Lucius Malefoy)<\/a>, Stanislav Ianevski (Viktor Krum) ou Mark Williams (Arthur Weasley), un nouvel interpr\u00e8te de la famille pr\u00e9f\u00e9r\u00e9e d\u2019<b>Harry Potter<\/b> va poser ses valises magiques en Sud-Gironde. Une venue qui devrait ravir les fans.<\/p>\n<p>Chris Rankin, alias Percy Weasley, sera \u00e0 Beautiran<\/p>\n<p class=\" wall-content\">Au programme de <b>10\u2009h \u00e0 18\u2009h<\/b> \u00e0 la boutique <a href=\"https:\/\/www.facebook.com\/BaguettesEtSortileges\" target=\"_blank\" rel=\"noopener\">Baguettes et sortil\u00e8ges<\/a>\u2009? La venue du plus grand des <b>Weasley, Percy<\/b>. Ou plut\u00f4t de son interpr\u00e8te Chris Rankin.<\/p>\n<p>    <a href=\"https:\/\/www.facebook.com\/plugins\/post.php?href=https%3A%2F%2Fwww.facebook.com%2FBaguettesEtSortileges%2Fposts%2Fpfbid035vc5JaQ7W8bUpXhhM9apfYqDvS7zopininjYDFqkgE13U5hP1tbjAdK7Lbhy372Wl&amp;show_text=true&amp;width=350\" title=\"Ouvrie le lien\" target=\"_blank\" rel=\"noopener\">Cliquez ici pour visualiser le contenu<\/a><\/p>\n<p class=\" wall-content\">C\u2019est donc un ancien membre du minist\u00e8re de la magie qui va se rendre \u00e0 Beautiran.<\/p>\n<p class=\" wall-content\">Pour le rencontrer, il faut <b>r\u00e9server un cr\u00e9neau horaire<\/b> sur le site de billetterie en ligne <a href=\"https:\/\/www.billetweb.fr\/rencontre-avec-chris-rankin\" target=\"_blank\" rel=\"noopener\">Billetweb.fr<\/a>. R\u00e9server une plage horaire d\u2019une heure assure de pouvoir <b>\u00e9changer avec lui,<\/b> faire une <b>photo <\/b>et avoir un <b>autographe<\/b>.<\/p>\n<p>    <a href=\"https:\/\/www.facebook.com\/plugins\/video.php?height=476&amp;href=https%3A%2F%2Fwww.facebook.com%2Freel%2F1052428823609676%2F&amp;show_text=false&amp;width=350&amp;t=0\" title=\"Ouvrie le lien\" target=\"_blank\" rel=\"noopener\">Cliquez ici pour visualiser le contenu<\/a><\/p>\n<p>M\u00eame proc\u00e9d\u00e9 que pour la venue des autres acteurs d\u2019Harry Potter en Sud-Gironde<\/p>\n<p class=\" wall-content\">Lors de l\u2019attente, une file est pr\u00e9vue sous une tonnelle pour se prot\u00e9ger des \u00e9ventuelles intemp\u00e9ries. Au bout de celle-ci, <b>une traductrice<\/b> aidera les fans \u00e0 \u00e9changer avec l\u2019acteur.<\/p>\n<p class=\" wall-content\">La prise de photo sera assur\u00e9e par une personne de la boutique.<\/p>\n<p class=\" wall-content\">L\u2019acteur n\u00e9o-z\u00e9landais attendra les fans \u00e0 l\u2019\u00e9tage du commerce. Le rez-de-chauss\u00e9e restant ouvert pour les clients qui n\u2019auraient pas achet\u00e9 de tickets.<\/p>\n<p class=\" wall-content\">Toute la journ\u00e9e <b>des jeux et des animations<\/b> sont pr\u00e9vues pour une ambiance conviviale et festive.<\/p>\n<p class=\" wall-content\">Pour l\u2019instant, les cr\u00e9neaux de l\u2019apr\u00e8s-midi sont encore disponibles. Au contraire, ceux du matin commencent \u00e0 \u00eatre bien remplis.<\/p>\n<p class=\" wall-content\">Beautiran est (peut-\u00eatre) le nouveau Poudlard.<\/p>\n<p>Plus d\u2019informations sur le site de <a href=\"https:\/\/baguettes-et-sortileges.fr\/\" target=\"_blank\" rel=\"noopener\">Baguettes et sortil\u00e8ges<\/a>. Tarifs et r\u00e9servations sur <a href=\"https:\/\/www.billetweb.fr\/rencontre-avec-chris-rankin\" target=\"_blank\" rel=\"noopener\">billetweb.fr<\/a>Adresse : 2, rue de Calens, Beautiran<\/p>\n<p class=\" wall-content\">Suivez toute l\u2019actualit\u00e9 de vos villes et m\u00e9dias favoris en vous inscrivant \u00e0 <a href=\"https:\/\/moncompte.actu.fr\" title=\"D\u00e9couvez Mon Actu\" rel=\"nofollow noopener\" data-trk=\"{&quot;cta&quot;:{&quot;action&quot;:&quot;https:\\\/\\\/moncompte.actu.fr&quot;,&quot;category&quot;:&quot;mon compte&quot;,&quot;from&quot;:&quot;article footer&quot;,&quot;name&quot;:&quot;Mon actu&quot;,&quot;type&quot;:&quot;cta&quot;}}\" target=\"_blank\">Mon Actu<\/a>.<\/p>\n","protected":false},"excerpt":{"rendered":"Par Edwin Bleunven Publi\u00e9 le 27 mai 2025 \u00e0 19h02 Encore un Weasley\u2009! Cette fameuse phrase prononc\u00e9e par&hellip;\n","protected":false},"author":2,"featured_media":133275,"comment_status":"","ping_status":"","sticky":false,"template":"","format":"standard","meta":{"footnotes":""},"categories":[1354],"tags":[1063,650,58,59,1346,1011,27,1757,1652,1360],"class_list":{"0":"post-133274","1":"post","2":"type-post","3":"status-publish","4":"format-standard","5":"has-post-thumbnail","7":"category-films","8":"tag-animations","9":"tag-cinema","10":"tag-divertissement","11":"tag-entertainment","12":"tag-films","13":"tag-fr","14":"tag-france","15":"tag-insolite","16":"tag-loisirs-culture","17":"tag-movies"},"share_on_mastodon":{"url":"https:\/\/pubeurope.com\/@fr\/114583229301595947","error":""},"_links":{"self":[{"href":"https:\/\/www.europesays.com\/fr\/wp-json\/wp\/v2\/posts\/133274","targetHints":{"allow":["GET"]}}],"collection":[{"href":"https:\/\/www.europesays.com\/fr\/wp-json\/wp\/v2\/posts"}],"about":[{"href":"https:\/\/www.europesays.com\/fr\/wp-json\/wp\/v2\/types\/post"}],"author":[{"embeddable":true,"href":"https:\/\/www.europesays.com\/fr\/wp-json\/wp\/v2\/users\/2"}],"replies":[{"embeddable":true,"href":"https:\/\/www.europesays.com\/fr\/wp-json\/wp\/v2\/comments?post=133274"}],"version-history":[{"count":0,"href":"https:\/\/www.europesays.com\/fr\/wp-json\/wp\/v2\/posts\/133274\/revisions"}],"wp:featuredmedia":[{"embeddable":true,"href":"https:\/\/www.europesays.com\/fr\/wp-json\/wp\/v2\/media\/133275"}],"wp:attachment":[{"href":"https:\/\/www.europesays.com\/fr\/wp-json\/wp\/v2\/media?parent=133274"}],"wp:term":[{"taxonomy":"category","embeddable":true,"href":"https:\/\/www.europesays.com\/fr\/wp-json\/wp\/v2\/categories?post=133274"},{"taxonomy":"post_tag","embeddable":true,"href":"https:\/\/www.europesays.com\/fr\/wp-json\/wp\/v2\/tags?post=133274"}],"curies":[{"name":"wp","href":"https:\/\/api.w.org\/{rel}","templated":true}]}}