{"id":133292,"date":"2025-05-28T03:09:13","date_gmt":"2025-05-28T03:09:13","guid":{"rendered":"https:\/\/www.europesays.com\/fr\/133292\/"},"modified":"2025-05-28T03:09:13","modified_gmt":"2025-05-28T03:09:13","slug":"fete-de-la-musique-demandez-le-programme","status":"publish","type":"post","link":"https:\/\/www.europesays.com\/fr\/133292\/","title":{"rendered":"F\u00eate de la musique, demandez le programme"},"content":{"rendered":"<p class=\"is-style-chapo\">A Saint-Etienne, la 43\u00e8me \u00e9dition de la F\u00eate de la musique sera lanc\u00e9e d\u00e8s le vendredi 20 juin en fin d\u2019apr\u00e8s-midi. Comme \u00e0 l\u2019accoutum\u00e9, l\u2019\u00e9v\u00e9nement mettra les groupes st\u00e9phanois \u00e0 l\u2019honneur, mais aussi des talents plus confirm\u00e9s\u2026<\/p>\n<p><img fetchpriority=\"high\" decoding=\"async\" width=\"1024\" height=\"576\" src=\"https:\/\/www.europesays.com\/fr\/wp-content\/uploads\/2025\/05\/audience-ge263a024b_1280-e1655120518545-1024x576.jpg\" alt=\"F\u00eate de la musique\" class=\"wp-image-33475\"  \/>La F\u00eate de la musique s\u2019\u00e9tendra sur deux jours \u00e0 Saint-Etienne.<\/p>\n<p>Chaque ann\u00e9e elle est de retour dans toute la France, pour commencer l\u2019\u00e9t\u00e9 en beaut\u00e9. Comme pour chaque \u00e9dition depuis deux ans, l\u2019\u00e9v\u00e9nement s\u2019\u00e9tend sur deux jours \u00e0 Saint-Etienne avec une cinquantaine de concerts au programme. Ce sont les pre <a href=\"https:\/\/www.if-saint-etienne.fr\/breves\/saint-etienne-les-before-de-couriot-de-retour-cet-ete\" target=\"_blank\" rel=\"noreferrer noopener\">Before de Couriot<\/a>, avec les Sons de la mine, qui donneront le coup d\u2019envoi des festivit\u00e9s avec un ensemble de cuivres et percussionnistes, Brass N\u2019Ganda\u00efa, qui emm\u00e8nera le public du centre-ville ai parc Joseph Sanguedolce. <\/p>\n<p>Ici, la Ville, Poto Feu Records, Cinq Cempotes, BigEye productions et Train de nuit\/ Le Clapier vous proposent deux sc\u00e8nes, guinguette et chevalement. La programmation fera la part belle aux artistes st\u00e9phanois.<\/p>\n<p>50 000 personnes attendues<\/p>\n<p>Mais pas que\u2026 La sc\u00e8ne guinguette accueillera notamment la formation reggae Green Tingz, le rappeur st\u00e9phanois RCZ, ou encore la techno de Sunt. C\u00f4t\u00e9 chevalement, Radio Barjot entamera la soir\u00e9e, suivi par Radio Tutti, l\u2019\u00e9lectro rap de Tracy De S\u00e0, ainsi que l\u2019electro punk des Italiens internationalement connus de <a href=\"https:\/\/bloodybeetroots.com\/\" target=\"_blank\" rel=\"noopener\">Bloody Beetroots<\/a>. Il y en aura pour tous les go\u00fbts, assure Marc Chassaub\u00e9n\u00e9, adjoint au maire de Saint-Etienne charg\u00e9 de la culture. \u00ab\u00a0Du reggae au rap, en passant par l\u2019\u00e9lectro, le punk ou encore la hard-techno, la programmation se veut festive\u00a0\u00bb.<\/p>\n<p>Puis, le samedi 21, pas moins de 50 000 personnes sont attendus en ville.\u00a0 A partir de 15h, une d\u00e9ambulation d\u2019\u00e9lectro funk animera les rues st\u00e9phanoises jusqu\u2019\u00e0 16h30 o\u00f9 un groupe de batucada prendra le relais. Pour la sc\u00e8ne \u00e9mergente, c\u2019est place Jean Jaur\u00e8s qu\u2019il faudra \u00eatre.<\/p>\n<p>14 groupes st\u00e9phanois<\/p>\n<p>A partir de 18h45, c\u2019est le plus anglais des groupes de rock st\u00e9phanois, Black Plant, qui se produira, juste avant leurs homologues de Salut l\u2019Orage. Un peu plus haut, sur la place de l\u2019H\u00f4tel-de-Ville, une sc\u00e8ne d\u00e9di\u00e9e aux musiques du monde sera install\u00e9e, quand la place Dorian, elle, sera consacr\u00e9e au jazz avec notamment le Conservatoire Massenet sur sc\u00e8ne. Quant aux amateurs, ils se produiront sur la place Chavanelle. Au total, pas moins de 14 groupes st\u00e9phanois sont programm\u00e9s pour cette 43\u00e8me f\u00eate de la musique.<\/p>\n<p>A cette occasion, les horaires des lignes de tram et de bus seront prolong\u00e9s au-del\u00e0 de minuit. Le co\u00fbt total de l\u2019\u00e9v\u00e9nement est de 160 000 euros.<\/p>\n","protected":false},"excerpt":{"rendered":"A Saint-Etienne, la 43\u00e8me \u00e9dition de la F\u00eate de la musique sera lanc\u00e9e d\u00e8s le vendredi 20 juin&hellip;\n","protected":false},"author":2,"featured_media":133293,"comment_status":"","ping_status":"","sticky":false,"template":"","format":"standard","meta":{"footnotes":""},"categories":[9653],"tags":[1111,11,2430,1777,674,14012,25885,25886,1011,27,25887,12,25,4001],"class_list":{"0":"post-133292","1":"post","2":"type-post","3":"status-publish","4":"format-standard","5":"has-post-thumbnail","7":"category-saint-etienne","8":"tag-actu","9":"tag-actualites","10":"tag-auvergne-rhone-alpes","11":"tag-eu","12":"tag-europe","13":"tag-festif","14":"tag-fete-de-la-musique","15":"tag-fete-de-la-musique-saint-etienne","16":"tag-fr","17":"tag-france","18":"tag-les-before-de-couriot","19":"tag-news","20":"tag-republique-francaise","21":"tag-saint-etienne"},"share_on_mastodon":{"url":"https:\/\/pubeurope.com\/@fr\/114583264728103726","error":""},"_links":{"self":[{"href":"https:\/\/www.europesays.com\/fr\/wp-json\/wp\/v2\/posts\/133292","targetHints":{"allow":["GET"]}}],"collection":[{"href":"https:\/\/www.europesays.com\/fr\/wp-json\/wp\/v2\/posts"}],"about":[{"href":"https:\/\/www.europesays.com\/fr\/wp-json\/wp\/v2\/types\/post"}],"author":[{"embeddable":true,"href":"https:\/\/www.europesays.com\/fr\/wp-json\/wp\/v2\/users\/2"}],"replies":[{"embeddable":true,"href":"https:\/\/www.europesays.com\/fr\/wp-json\/wp\/v2\/comments?post=133292"}],"version-history":[{"count":0,"href":"https:\/\/www.europesays.com\/fr\/wp-json\/wp\/v2\/posts\/133292\/revisions"}],"wp:featuredmedia":[{"embeddable":true,"href":"https:\/\/www.europesays.com\/fr\/wp-json\/wp\/v2\/media\/133293"}],"wp:attachment":[{"href":"https:\/\/www.europesays.com\/fr\/wp-json\/wp\/v2\/media?parent=133292"}],"wp:term":[{"taxonomy":"category","embeddable":true,"href":"https:\/\/www.europesays.com\/fr\/wp-json\/wp\/v2\/categories?post=133292"},{"taxonomy":"post_tag","embeddable":true,"href":"https:\/\/www.europesays.com\/fr\/wp-json\/wp\/v2\/tags?post=133292"}],"curies":[{"name":"wp","href":"https:\/\/api.w.org\/{rel}","templated":true}]}}