{"id":133295,"date":"2025-05-28T03:11:11","date_gmt":"2025-05-28T03:11:11","guid":{"rendered":"https:\/\/www.europesays.com\/fr\/133295\/"},"modified":"2025-05-28T03:11:11","modified_gmt":"2025-05-28T03:11:11","slug":"nancy-pas-musiciens-au-depart-ces-enfants-se-transforment-chaque-annee-en-choristes-dopera","status":"publish","type":"post","link":"https:\/\/www.europesays.com\/fr\/133295\/","title":{"rendered":"Nancy. Pas musiciens au d\u00e9part, ces enfants se transforment chaque ann\u00e9e en choristes d\u2019op\u00e9ra"},"content":{"rendered":"<p>Quand d\u2019autres enfants, le mercredi, ont piscine ou gymnastique, ces enfants-l\u00e0 ont\u2026 op\u00e9ra. Ce n\u2019est pas tous les mercredis, mais \u00e7a suffit d\u00e9j\u00e0 \u00e0 bien les occuper, de 13\u00a0h\u00a030 \u00e0 17\u00a0h\u00a0: la ma\u00eetrise citoyenne pr\u00e9pare sa prochaine cr\u00e9ation, La Potion inutile , inspir\u00e9e <a href=\"https:\/\/www.estrepublicain.fr\/culture-loisirs\/2025\/04\/27\/l-elixir-d-amour-a-l-opera-se-joue-tout-en-humour-et-regale-avec-ses-tubes\" target=\"_blank\" rel=\"noopener\">d\u2019un op\u00e9ra donn\u00e9e \u00e0 Nancy d\u00e9but mai, L\u2019Elixir d\u2019amour , de Donizetti.<\/a> L\u2019\u0153uvre ne durera pas aussi longtemps que son a\u00een\u00e9e, environ une heure, mais elle exige un intense travail de pr\u00e9paration pour les 47 enfants et adolescents engag\u00e9s dans cette aventure, pr\u00e9sents ce mercredi.<\/p>\n<p>\u00ab\u00a0C\u2019est un lieu impressionnant\u00a0\u00bb<\/p>\n<p>\u00ab\u00a0C\u2019est un lieu impressionnant, ne vous fondez pas dedans, pr\u00e9vient d\u2019entr\u00e9e de jeu Guillaume Paire, le chef de ch\u0153ur de la ma\u00eetrise, qui pr\u00e9pare la r\u00e9p\u00e9tition. Il faut apporter de la folie. Ayez la m\u00eame \u00e9nergie que dans la cour d\u2019\u00e9cole.\u00a0\u00bb L\u2019analogie fait sens pour ces chanteurs&#8230;<\/p>\n","protected":false},"excerpt":{"rendered":"Quand d\u2019autres enfants, le mercredi, ont piscine ou gymnastique, ces enfants-l\u00e0 ont\u2026 op\u00e9ra. Ce n\u2019est pas tous les&hellip;\n","protected":false},"author":2,"featured_media":133296,"comment_status":"","ping_status":"","sticky":false,"template":"","format":"standard","meta":{"footnotes":""},"categories":[9635],"tags":[1111,11,25888,3599,1687,1707,1704,1706,1705,1057,1777,674,1011,27,775,10425,10061,873,1702,1703,12,25,25889],"class_list":{"0":"post-133295","1":"post","2":"type-post","3":"status-publish","4":"format-standard","5":"has-post-thumbnail","7":"category-nancy","8":"tag-actu","9":"tag-actualites","10":"tag-bayon","11":"tag-college-lycee","12":"tag-culture-loisirs","13":"tag-edition-luneville","14":"tag-edition-nancy-et-agglomeration","15":"tag-edition-pont-a-mousson","16":"tag-edition-toul","17":"tag-education","18":"tag-eu","19":"tag-europe","20":"tag-fr","21":"tag-france","22":"tag-grand-est","23":"tag-maternelle-elementaire","24":"tag-maxeville","25":"tag-musique","26":"tag-nancy","27":"tag-nancy-ville-54b","28":"tag-news","29":"tag-republique-francaise","30":"tag-tonnoy"},"share_on_mastodon":{"url":"https:\/\/pubeurope.com\/@fr\/114583272442200623","error":""},"_links":{"self":[{"href":"https:\/\/www.europesays.com\/fr\/wp-json\/wp\/v2\/posts\/133295","targetHints":{"allow":["GET"]}}],"collection":[{"href":"https:\/\/www.europesays.com\/fr\/wp-json\/wp\/v2\/posts"}],"about":[{"href":"https:\/\/www.europesays.com\/fr\/wp-json\/wp\/v2\/types\/post"}],"author":[{"embeddable":true,"href":"https:\/\/www.europesays.com\/fr\/wp-json\/wp\/v2\/users\/2"}],"replies":[{"embeddable":true,"href":"https:\/\/www.europesays.com\/fr\/wp-json\/wp\/v2\/comments?post=133295"}],"version-history":[{"count":0,"href":"https:\/\/www.europesays.com\/fr\/wp-json\/wp\/v2\/posts\/133295\/revisions"}],"wp:featuredmedia":[{"embeddable":true,"href":"https:\/\/www.europesays.com\/fr\/wp-json\/wp\/v2\/media\/133296"}],"wp:attachment":[{"href":"https:\/\/www.europesays.com\/fr\/wp-json\/wp\/v2\/media?parent=133295"}],"wp:term":[{"taxonomy":"category","embeddable":true,"href":"https:\/\/www.europesays.com\/fr\/wp-json\/wp\/v2\/categories?post=133295"},{"taxonomy":"post_tag","embeddable":true,"href":"https:\/\/www.europesays.com\/fr\/wp-json\/wp\/v2\/tags?post=133295"}],"curies":[{"name":"wp","href":"https:\/\/api.w.org\/{rel}","templated":true}]}}