{"id":133302,"date":"2025-05-28T03:16:48","date_gmt":"2025-05-28T03:16:48","guid":{"rendered":"https:\/\/www.europesays.com\/fr\/133302\/"},"modified":"2025-05-28T03:16:48","modified_gmt":"2025-05-28T03:16:48","slug":"greve-des-transports-courriers-du-midi-la-circulation-des-bus-perturbee","status":"publish","type":"post","link":"https:\/\/www.europesays.com\/fr\/133302\/","title":{"rendered":"gr\u00e8ve des transports \u00ab\u00a0Courriers du Midi\u00a0\u00bb, la circulation des bus perturb\u00e9e"},"content":{"rendered":"<p>\n\t\t\t\t\tD\u00e8s ce mercredi 28 mai, un mouvement de gr\u00e8ve  chez K\u00e9olis Courriers du Midi va venir impacter les lignes r\u00e9guli\u00e8res et circuits scolaires LiO H\u00e9rault Transport.\t\t\t\t<\/p>\n<p>\n\t\t\t\t\t\t\t\t\t\u00a9 K\u00e9olis Courriers du Midi \/ De nombreux bus ne circuleront pas.\t\t\t\t\t\t\t\t<\/p>\n<p>De nombreuses lignes de bus du d\u00e9partement de l\u2019<a href=\"https:\/\/infoccitanie.fr\/occitanie\/herault\/\" target=\"_blank\" rel=\"noopener\">H\u00e9rault<\/a> vont \u00eatre impact\u00e9es par un mouvement de gr\u00e8ve chez<strong> K\u00e9olis Courriers du Midi<\/strong>.<\/p>\n<p><strong>Les lignes de bus suivantes ne circuleront pas :<\/strong><\/p>\n<ul class=\"wp-block-list\">\n<li>606 Montpellier &gt; Grande Motte &gt; Grau-du-Roi &gt; Aigues-Mortes<\/li>\n<li>607 Lattes &gt; Mauguio &gt; Lansargues &gt; Lunel &gt; Marsillargues<\/li>\n<li>610 Montpellier &gt; Assas &gt; Guzargues &gt; Sainte-Croix-de-Quintillargues<\/li>\n<li>614 Montpellier &gt; Saint-Cl\u00e9ment-de-Rivi\u00e8re &gt; Saint-Vincent-de-Barbeyrargues<\/li>\n<li>617 Montpellier &gt; Montarnaud &gt; Vailhauqu\u00e8s<\/li>\n<li>620 Navette A\u00e9roport Montpellier M\u00e9diterran\u00e9e<\/li>\n<li>621 Lattes \u2013 Station Tramway Boirargues &gt; Plateforme a\u00e9roportuaire<\/li>\n<li>631 Montpellier &gt; Palavas-les-Flots<\/li>\n<li>672 Sain Jean de Vedas &gt; Poussan &gt; Adissan<\/li>\n<\/ul>\n<p><strong>D\u2019autres lignes seront fortement impact\u00e9es. 33% du service sera assur\u00e9 :<\/strong><\/p>\n<ul class=\"wp-block-list\">\n<li>608 Montpellier &gt; Saint-G\u00e9ly-du-Fesc &gt; Ganges &gt; Le Vigan<\/li>\n<li>615 Montpellier &gt; St-Mathieu de Tr\u00e9viers &gt; Lauret &gt; Sauteyrargues &gt; Quissac<\/li>\n<li>616 Montpellier &gt; Saint-G\u00e9ly-du-Fesc &gt; Combaillaux &gt; Murles<\/li>\n<li>656 P\u00e9zenas &gt; B\u00e9ziers<\/li>\n<li>662 Clermont l\u2019H\u00e9rault &gt; Ceyras &gt; Saint Andr\u00e9 de Sangonis &gt; Gignac &gt; Montpellier (station Mosson)<\/li>\n<li>663 Le Poujol-sur-Orb &gt; Clermont-l\u2019H\u00e9rault &gt; Montpellier<\/li>\n<li>664 Clermont l\u2019H\u00e9rault &gt; Nebian &gt; Paulhan &gt; P\u00e9zenas<\/li>\n<li>665 Montpellier &gt; Popian &gt; Canet &gt; Aspiran<\/li>\n<li>666 Font\u00e8s &gt; Clermont l\u2019H\u00e9rault &gt; Montpellier<\/li>\n<li>667 Clermont l\u2019H\u00e9rault &gt; Le Pouget &gt; Tressan<\/li>\n<li>668 Clermont l\u2019H\u00e9rault &gt; Saint-Guilhem-le-D\u00e9sert &gt; Montpellier<\/li>\n<li>669 P\u00e9zenas &gt; Roujan &gt; Gabian<\/li>\n<li\/>\n<\/ul>\n<p><strong>Les lignes scolaires qui desservent les \u00e9tablissements des communes suivantes seront \u00e9galement perturb\u00e9es. 48% du service sera assur\u00e9 :<\/strong><\/p>\n<p>P\u00e9zenas \u2013 Clermont l\u2019H\u00e9rault \u2013 Paulhan \u2013 Saint-Andr\u00e9 de Sangonis \u2013 Ceyras \u2013 Saint-Felix de Lodez \u2013 Ganges \u2013 Le Vigan \u2013 St-Cl\u00e9ment-de-Rivi\u00e8re \u2013 St G\u00e9ly-du-Fesc \u2013 St-Mathieu-de-Tr\u00e9viers \u2013 Clapiers \u2013 Lansargues \u2013 Mauguio \u2013 Pignan \u2013 La Grande Motte \u2013 Gignac \u2013 Loupian \u2013 Saint Jean de Fos \u2013 Castelnau le Lez \u2013 Montarnaud \u2013 Montpellier (A. Rimbaud, Garrigues, Jean Monnet, J.Guesde), Fabr\u00e8gues, Saint-Jean-de-V\u00e9das \u2013 St Bauzille de Putois \u2013 St Martin-de-Londres \u2013 Ste Croix de Quintillargues \u2013 Lunel (Louis Feuillade) \u2013 Lattes (Lyc\u00e9e Champollion) \u2013 P\u00e9rols.<\/p>\n","protected":false},"excerpt":{"rendered":"D\u00e8s ce mercredi 28 mai, un mouvement de gr\u00e8ve chez K\u00e9olis Courriers du Midi va venir impacter les&hellip;\n","protected":false},"author":2,"featured_media":133303,"comment_status":"","ping_status":"","sticky":false,"template":"","format":"standard","meta":{"footnotes":""},"categories":[9599],"tags":[1111,11,7048,1777,674,1011,27,6151,2208,12,2680,25],"class_list":{"0":"post-133302","1":"post","2":"type-post","3":"status-publish","4":"format-standard","5":"has-post-thumbnail","7":"category-montpellier","8":"tag-actu","9":"tag-actualites","10":"tag-bus","11":"tag-eu","12":"tag-europe","13":"tag-fr","14":"tag-france","15":"tag-greve","16":"tag-montpellier","17":"tag-news","18":"tag-occitanie","19":"tag-republique-francaise"},"share_on_mastodon":{"url":"https:\/\/pubeurope.com\/@fr\/114583295941225741","error":""},"_links":{"self":[{"href":"https:\/\/www.europesays.com\/fr\/wp-json\/wp\/v2\/posts\/133302","targetHints":{"allow":["GET"]}}],"collection":[{"href":"https:\/\/www.europesays.com\/fr\/wp-json\/wp\/v2\/posts"}],"about":[{"href":"https:\/\/www.europesays.com\/fr\/wp-json\/wp\/v2\/types\/post"}],"author":[{"embeddable":true,"href":"https:\/\/www.europesays.com\/fr\/wp-json\/wp\/v2\/users\/2"}],"replies":[{"embeddable":true,"href":"https:\/\/www.europesays.com\/fr\/wp-json\/wp\/v2\/comments?post=133302"}],"version-history":[{"count":0,"href":"https:\/\/www.europesays.com\/fr\/wp-json\/wp\/v2\/posts\/133302\/revisions"}],"wp:featuredmedia":[{"embeddable":true,"href":"https:\/\/www.europesays.com\/fr\/wp-json\/wp\/v2\/media\/133303"}],"wp:attachment":[{"href":"https:\/\/www.europesays.com\/fr\/wp-json\/wp\/v2\/media?parent=133302"}],"wp:term":[{"taxonomy":"category","embeddable":true,"href":"https:\/\/www.europesays.com\/fr\/wp-json\/wp\/v2\/categories?post=133302"},{"taxonomy":"post_tag","embeddable":true,"href":"https:\/\/www.europesays.com\/fr\/wp-json\/wp\/v2\/tags?post=133302"}],"curies":[{"name":"wp","href":"https:\/\/api.w.org\/{rel}","templated":true}]}}