{"id":133308,"date":"2025-05-28T03:24:28","date_gmt":"2025-05-28T03:24:28","guid":{"rendered":"https:\/\/www.europesays.com\/fr\/133308\/"},"modified":"2025-05-28T03:24:28","modified_gmt":"2025-05-28T03:24:28","slug":"ce-week-end-des-bateliers-vont-accoster-avec-des-tonneaux-de-vin-pour-une-degustation-festive","status":"publish","type":"post","link":"https:\/\/www.europesays.com\/fr\/133308\/","title":{"rendered":"ce week-end, des bateliers vont accoster avec des tonneaux de vin pour une d\u00e9gustation festive"},"content":{"rendered":"<p>            Par<br \/>\n        <strong><br \/>\n            <a href=\"https:\/\/actu.fr\/auteur\/ivan-capecchi\" title=\"Consulter tous les articles de Ivan CAPECCHI\" rel=\"nofollow noopener\" target=\"_blank\">Ivan CAPECCHI<\/a><br \/>\n        <\/strong><\/p>\n<p>        Publi\u00e9 le<\/p>\n<p>            27 mai 2025 \u00e0 14h35        <\/p>\n<p>De vendredi 30 mai \u00e0 dimanche 1er juin 2025, l\u2019\u00e9v\u00e9nement \u00ab\u00a0<strong>Pages et C\u00e9pages<\/strong>\u00a0\u00bb revient au niveau du <a href=\"https:\/\/actu.fr\/grand-est\/strasbourg_67482\/sur-twitter-une-video-avant-apres-du-quai-des-bateliers-a-strasbourg-devient-virale_56425912.html\" rel=\"nofollow noopener\" target=\"_blank\">quai des Bateliers \u00e0 Strasbourg<\/a>.<\/p>\n<p class=\" wall-content\">Ce rendez-vous associe <a href=\"https:\/\/actu.fr\/societe\/voici-7-anecdotes-que-vous-ne-connaissez-probablement-pas-sur-les-vins-d-alsace_61464593.html\" rel=\"nofollow noopener\" target=\"_blank\">vins d\u2019Alsace<\/a> et <strong>m\u00e9tiers du livre<\/strong>, avec un moment fort attendu samedi matin : <strong>l\u2019arriv\u00e9e de deux barques sur l\u2019Ill<\/strong>.<\/p>\n<p class=\" wall-content\">Chacune transportera <strong>un tonneau de vin<\/strong>, l\u2019un d\u2019eux sera <strong>d\u00e9barqu\u00e9 \u00e0 quai<\/strong> sous les yeux du public et <strong>perc\u00e9<\/strong>. Ce m\u00eame public pourra alors d\u00e9guster du <strong>vin blanc<\/strong>.\u00a0<\/p>\n<p>D\u00e9gustations de vin, ateliers de reliure, vente de livres\u2026<\/p>\n<p class=\" wall-content\">D\u00e8s vendredi 15h, le <strong>village des vignerons et artisans du livre<\/strong> s\u2019installera le long du quai.<\/p>\n<p class=\" wall-content\">Ce m\u00eame jour \u00e0 partir de 19h, les jeunes vignerons de la Tribu des Gourmets, une association de vignerons ind\u00e9pendants, <strong>feront circuler leurs barriques \u00e0 v\u00e9lo cargo dans le centre-ville<\/strong>, avec des <strong>haltes dans les bars \u00e0 vins participants<\/strong>.<\/p>\n<p>Vid\u00e9os : en ce moment sur Actu<\/p>\n<p class=\" wall-content\">Au programme tout le week-end : <strong>d\u00e9gustations, ateliers de reliure, d\u00e9monstrations de lithographie et de tonnellerie, ventes de livres et s\u00e9ances de d\u00e9dicace<\/strong>.<\/p>\n<p>Pages et C\u00e9pages 2025<br \/>Les vendredi 30 mai, samedi 31 mai et dimanche 1er juin <br \/>Quai des Bateliers, Strasbourg<br \/>Entr\u00e9e libre.<\/p>\n<p class=\" wall-content\">Suivez toute l\u2019actualit\u00e9 de vos villes et m\u00e9dias favoris en vous inscrivant \u00e0 <a href=\"https:\/\/moncompte.actu.fr\" title=\"D\u00e9couvez Mon Actu\" rel=\"nofollow noopener\" data-trk=\"{&quot;cta&quot;:{&quot;action&quot;:&quot;https:\\\/\\\/moncompte.actu.fr&quot;,&quot;category&quot;:&quot;mon compte&quot;,&quot;from&quot;:&quot;article footer&quot;,&quot;name&quot;:&quot;Mon actu&quot;,&quot;type&quot;:&quot;cta&quot;}}\" target=\"_blank\">Mon Actu<\/a>.<\/p>\n","protected":false},"excerpt":{"rendered":"Par Ivan CAPECCHI Publi\u00e9 le 27 mai 2025 \u00e0 14h35 De vendredi 30 mai \u00e0 dimanche 1er juin&hellip;\n","protected":false},"author":2,"featured_media":133309,"comment_status":"","ping_status":"","sticky":false,"template":"","format":"standard","meta":{"footnotes":""},"categories":[2820],"tags":[1111,11,2389,1777,674,1011,27,775,1652,12,25,640,1662],"class_list":{"0":"post-133308","1":"post","2":"type-post","3":"status-publish","4":"format-standard","5":"has-post-thumbnail","7":"category-strasbourg","8":"tag-actu","9":"tag-actualites","10":"tag-alsace","11":"tag-eu","12":"tag-europe","13":"tag-fr","14":"tag-france","15":"tag-grand-est","16":"tag-loisirs-culture","17":"tag-news","18":"tag-republique-francaise","19":"tag-strasbourg","20":"tag-vin"},"share_on_mastodon":{"url":"https:\/\/pubeurope.com\/@fr\/114583323521374810","error":""},"_links":{"self":[{"href":"https:\/\/www.europesays.com\/fr\/wp-json\/wp\/v2\/posts\/133308","targetHints":{"allow":["GET"]}}],"collection":[{"href":"https:\/\/www.europesays.com\/fr\/wp-json\/wp\/v2\/posts"}],"about":[{"href":"https:\/\/www.europesays.com\/fr\/wp-json\/wp\/v2\/types\/post"}],"author":[{"embeddable":true,"href":"https:\/\/www.europesays.com\/fr\/wp-json\/wp\/v2\/users\/2"}],"replies":[{"embeddable":true,"href":"https:\/\/www.europesays.com\/fr\/wp-json\/wp\/v2\/comments?post=133308"}],"version-history":[{"count":0,"href":"https:\/\/www.europesays.com\/fr\/wp-json\/wp\/v2\/posts\/133308\/revisions"}],"wp:featuredmedia":[{"embeddable":true,"href":"https:\/\/www.europesays.com\/fr\/wp-json\/wp\/v2\/media\/133309"}],"wp:attachment":[{"href":"https:\/\/www.europesays.com\/fr\/wp-json\/wp\/v2\/media?parent=133308"}],"wp:term":[{"taxonomy":"category","embeddable":true,"href":"https:\/\/www.europesays.com\/fr\/wp-json\/wp\/v2\/categories?post=133308"},{"taxonomy":"post_tag","embeddable":true,"href":"https:\/\/www.europesays.com\/fr\/wp-json\/wp\/v2\/tags?post=133308"}],"curies":[{"name":"wp","href":"https:\/\/api.w.org\/{rel}","templated":true}]}}