{"id":133312,"date":"2025-05-28T03:26:15","date_gmt":"2025-05-28T03:26:15","guid":{"rendered":"https:\/\/www.europesays.com\/fr\/133312\/"},"modified":"2025-05-28T03:26:15","modified_gmt":"2025-05-28T03:26:15","slug":"museum-itinerant-cest-quoi-ce-velo-cargo-qui-sillonne-les-jardins-publics-de-nice","status":"publish","type":"post","link":"https:\/\/www.europesays.com\/fr\/133312\/","title":{"rendered":"\u00ab\u00a0Mus\u00e9um itin\u00e9rant\u00a0\u00bb: c\u2019est quoi ce v\u00e9lo cargo qui sillonne les jardins publics de Nice?"},"content":{"rendered":"<p><strong>Un v\u00e9lo cargo pour sensibiliser \u00e0 la biodiversit\u00e9. Ce dispositif nomm\u00e9 \u00ab\u00a0Mus\u00e9um itin\u00e9rant\u00a0\u00bb, initi\u00e9 par la Ville<\/strong>, a fait \u00e9tape la semaine derni\u00e8re au jardin Saint-Jean-d\u2019Ang\u00e9ly. \u00ab\u00a0On se sert des jardins comme une \u00e9cole d\u2019apprentissage ludique\u00a0\u00bb, d\u00e9taille<strong> Jean-Marc Giaume<\/strong>, adjoint au maire d\u00e9l\u00e9gu\u00e9 \u00e0 la Culture scientifique. En attendant la r\u00e9ouverture du mus\u00e9um d\u2019Histoire naturelle, en travaux (Nice-Matin du 26 avril), le v\u00e9lo cargo investit les espaces verts de la ville. \u00ab\u00a0Ils repr\u00e9sentent une courroie de transmission. Le but, c\u2019est de faire prendre conscience aux adultes et aux enfants qu\u2019il y a une biodiversit\u00e9 sp\u00e9cifique ici\u00a0\u00bb, ajoute Jean-Marc Giaume.<\/p>\n<p><strong>Taxidermies, insectes naturalis\u00e9s, squelettes et reproductions d\u2019aquarelles<\/strong> sont de sortie pour attirer le plus de monde possible. \u00ab\u00a0Toute l\u2019exposition est tr\u00e8s int\u00e9ressante, j\u2019ai beaucoup aim\u00e9\u00a0\u00bb, assure Anya, une enfant de passage dans le parc. \u00ab\u00a0J\u2019essaie d\u2019organiser des jeux pour que ce soit interactif pour tous les \u00e2ges\u00a0\u00bb, souligne Nadia Hubert, l\u2019animatrice qui a con\u00e7u le v\u00e9lo cargo.<\/p>\n<p>              <img ci-src=\"https:\/\/www.nicematin.com\/environnement\/protec\/DATA_ART_15565202-CDBtnrLl.jpg?vh=4efd23&amp;ci_seal=93ba083ed7\" alt=\"\"\/><br \/>\n        Quatre fillettes s\u2019int\u00e9ressent aux insectes naturalis\u00e9s pr\u00e9sents sur le stand. <strong>Photo Marianne Fallon.<\/strong> <\/p>\n<p>Mais l\u2019installation n\u2019est pas uniquement adress\u00e9e aux bambins: \u00ab\u00a0Souvent, les adultes n\u2019osent pas en se disant que c\u2019est pour les enfants. Mais eux aussi sont int\u00e9ress\u00e9s\u00a0\u00bb, pr\u00e9cise-t-elle. \u00ab\u00a0J\u2019ai appris plein de choses\u00a0\u00bb, rebondit Tania, la maman d\u2019Anya. Michel, un grand-p\u00e8re venu avec ses petits enfants, est conquis: \u00ab\u00a0Ce genre d\u2019animations les instruit et les amuse en m\u00eame temps.\u00a0\u00bb\u00a0Thierry, flanqu\u00e9 de ses deux enfants en bas \u00e2ge, esp\u00e8re que \u00ab\u00a0l\u2019atelier varie de temps en temps\u00a0\u00bb.<\/p>\n<p>              <img ci-src=\"https:\/\/www.nicematin.com\/environnement\/protec\/DATA_ART_15565200-R71CwGqr.jpg?vh=63b6d2&amp;ci_seal=d5615f4b24\" alt=\"\"\/><br \/>\n        Le stand du v\u00e9lo cargo couvert de sp\u00e9cimen du mus\u00e9um d\u2019histoire naturelle de Nice. <strong>Photo Marianne Fallon.<\/strong> <\/p>\n<p>                                Un projet cr\u00e9\u00e9 pour rester <\/p>\n<p>Encore en phase de test, le v\u00e9lo cargo n\u2019est que la premi\u00e8re \u00e9tape d\u2019un projet plus ambitieux: \u00ab\u00a0L\u2019extension du parc nous permettra d\u2019installer des panneaux explicatifs de la biodiversit\u00e9\u00a0\u00bb, indique Jean-Marc Giaume. \u00c0 terme, la municipalit\u00e9 souhaite planter des esp\u00e8ces end\u00e9miques, comme des orangers, et am\u00e9nager un jardin p\u00e9dagogique de 250 m\u00b2. <br \/>&#13;<br \/>\n\u00ab\u00a0L\u2019objectif est de cr\u00e9er un maillage dans la ville pour faire revenir, \u00e0 terme, les gens au mus\u00e9um d\u2019Histoire naturelle, boud\u00e9 par le public depuis pr\u00e8s de trente ans\u00a0\u00bb, ambitionne l\u2019\u00e9lu. Il esp\u00e8re ainsi braquer les projecteurs sur l\u2019\u00e9tablissement: \u00ab\u00a0Le carnaval, le tourisme, les chaises bleues, c\u2019est tr\u00e8s bien, mais il y a plus que cela \u00e0 Nice.\u00a0\u00bb<\/p>\n<p>Prochaines dates: demain \u00e0 la colline du Ch\u00e2teau (9 \u00e0 12h) et au parc Vigier (14 \u00e0 17h) puis le mercredi 4 juin au jardin des ar\u00e8nes de Cimiez (9 \u00e0 12h) et au parc du Ray (14 \u00e0 17h).<\/p>\n","protected":false},"excerpt":{"rendered":"Un v\u00e9lo cargo pour sensibiliser \u00e0 la biodiversit\u00e9. Ce dispositif nomm\u00e9 \u00ab\u00a0Mus\u00e9um itin\u00e9rant\u00a0\u00bb, initi\u00e9 par la Ville, a&hellip;\n","protected":false},"author":2,"featured_media":133313,"comment_status":"","ping_status":"","sticky":false,"template":"","format":"standard","meta":{"footnotes":""},"categories":[2819],"tags":[1111,11,251,436,1777,674,1011,27,1393,12,2401,882,25,3366],"class_list":{"0":"post-133312","1":"post","2":"type-post","3":"status-publish","4":"format-standard","5":"has-post-thumbnail","7":"category-nice","8":"tag-actu","9":"tag-actualites","10":"tag-culture","11":"tag-environnement","12":"tag-eu","13":"tag-europe","14":"tag-fr","15":"tag-france","16":"tag-loisirs","17":"tag-news","18":"tag-nice","19":"tag-provence-alpes-cote-dazur","20":"tag-republique-francaise","21":"tag-vie-locale"},"share_on_mastodon":{"url":"https:\/\/pubeurope.com\/@fr\/114583331453186257","error":""},"_links":{"self":[{"href":"https:\/\/www.europesays.com\/fr\/wp-json\/wp\/v2\/posts\/133312","targetHints":{"allow":["GET"]}}],"collection":[{"href":"https:\/\/www.europesays.com\/fr\/wp-json\/wp\/v2\/posts"}],"about":[{"href":"https:\/\/www.europesays.com\/fr\/wp-json\/wp\/v2\/types\/post"}],"author":[{"embeddable":true,"href":"https:\/\/www.europesays.com\/fr\/wp-json\/wp\/v2\/users\/2"}],"replies":[{"embeddable":true,"href":"https:\/\/www.europesays.com\/fr\/wp-json\/wp\/v2\/comments?post=133312"}],"version-history":[{"count":0,"href":"https:\/\/www.europesays.com\/fr\/wp-json\/wp\/v2\/posts\/133312\/revisions"}],"wp:featuredmedia":[{"embeddable":true,"href":"https:\/\/www.europesays.com\/fr\/wp-json\/wp\/v2\/media\/133313"}],"wp:attachment":[{"href":"https:\/\/www.europesays.com\/fr\/wp-json\/wp\/v2\/media?parent=133312"}],"wp:term":[{"taxonomy":"category","embeddable":true,"href":"https:\/\/www.europesays.com\/fr\/wp-json\/wp\/v2\/categories?post=133312"},{"taxonomy":"post_tag","embeddable":true,"href":"https:\/\/www.europesays.com\/fr\/wp-json\/wp\/v2\/tags?post=133312"}],"curies":[{"name":"wp","href":"https:\/\/api.w.org\/{rel}","templated":true}]}}