{"id":133325,"date":"2025-05-28T03:34:11","date_gmt":"2025-05-28T03:34:11","guid":{"rendered":"https:\/\/www.europesays.com\/fr\/133325\/"},"modified":"2025-05-28T03:34:11","modified_gmt":"2025-05-28T03:34:11","slug":"video-mapping-festival-a-wormhout-le-juin","status":"publish","type":"post","link":"https:\/\/www.europesays.com\/fr\/133325\/","title":{"rendered":"Video Mapping Festival \u00e0 Wormhout le juin"},"content":{"rendered":"\n<p>VIDEO MAPPING FESTIVAL #8 &#8211; WORMHOUT<\/p>\n<p>Le Video Mapping Festival s\u2019invite \u00e0 Wormhout pour c\u00e9l\u00e9brer la r\u00e9novation de l\u2019H\u00f4tel de Ville avec un mapping architectural en 3D dans un univers futuriste !<\/p>\n<p>\ud83d\uddd3\ufe0fSamedi 7 juin 2025<br \/>\ud83d\udd5822h30 &gt; 0h \u2013 Diffusion en boucle<br \/>\ud83d\udccdH\u00f4tel de Ville : 47 place du G\u00e9n\u00e9ral de Gaulle, 59470 Wormhout<\/p>\n<p>\u27a1\ufe0f Toutes les infos : https:\/\/videomappingfestival.com\/wormhout-hotel-de-ville-7-juin\/<\/p>\n","protected":false},"excerpt":{"rendered":"VIDEO MAPPING FESTIVAL #8 &#8211; WORMHOUT Le Video Mapping Festival s\u2019invite \u00e0 Wormhout pour c\u00e9l\u00e9brer la r\u00e9novation de&hellip;\n","protected":false},"author":2,"featured_media":133326,"comment_status":"","ping_status":"","sticky":false,"template":"","format":"standard","meta":{"footnotes":""},"categories":[2815],"tags":[1111,11,4763,10804,11679,14637,25892,25891,1777,674,25893,1349,4434,1011,27,811,1114,1307,1393,10265,12,25890,20891,25,6290,1669,3140],"class_list":{"0":"post-133325","1":"post","2":"type-post","3":"status-publish","4":"format-standard","5":"has-post-thumbnail","7":"category-lille","8":"tag-actu","9":"tag-actualites","10":"tag-agenda","11":"tag-braderies","12":"tag-brocantes","13":"tag-delta-fm","14":"tag-delta-plus","15":"tag-delta","16":"tag-eu","17":"tag-europe","18":"tag-evenements-concerts","19":"tag-expositions","20":"tag-foire","21":"tag-fr","22":"tag-france","23":"tag-hauts-de-france","24":"tag-infos","25":"tag-lille","26":"tag-loisirs","27":"tag-loto","28":"tag-news","29":"tag-radio-delta","30":"tag-randonnees","31":"tag-republique-francaise","32":"tag-salon","33":"tag-sorties","34":"tag-spectacle"},"share_on_mastodon":{"url":"https:\/\/pubeurope.com\/@fr\/114583362936058263","error":""},"_links":{"self":[{"href":"https:\/\/www.europesays.com\/fr\/wp-json\/wp\/v2\/posts\/133325","targetHints":{"allow":["GET"]}}],"collection":[{"href":"https:\/\/www.europesays.com\/fr\/wp-json\/wp\/v2\/posts"}],"about":[{"href":"https:\/\/www.europesays.com\/fr\/wp-json\/wp\/v2\/types\/post"}],"author":[{"embeddable":true,"href":"https:\/\/www.europesays.com\/fr\/wp-json\/wp\/v2\/users\/2"}],"replies":[{"embeddable":true,"href":"https:\/\/www.europesays.com\/fr\/wp-json\/wp\/v2\/comments?post=133325"}],"version-history":[{"count":0,"href":"https:\/\/www.europesays.com\/fr\/wp-json\/wp\/v2\/posts\/133325\/revisions"}],"wp:featuredmedia":[{"embeddable":true,"href":"https:\/\/www.europesays.com\/fr\/wp-json\/wp\/v2\/media\/133326"}],"wp:attachment":[{"href":"https:\/\/www.europesays.com\/fr\/wp-json\/wp\/v2\/media?parent=133325"}],"wp:term":[{"taxonomy":"category","embeddable":true,"href":"https:\/\/www.europesays.com\/fr\/wp-json\/wp\/v2\/categories?post=133325"},{"taxonomy":"post_tag","embeddable":true,"href":"https:\/\/www.europesays.com\/fr\/wp-json\/wp\/v2\/tags?post=133325"}],"curies":[{"name":"wp","href":"https:\/\/api.w.org\/{rel}","templated":true}]}}