{"id":133329,"date":"2025-05-28T03:36:10","date_gmt":"2025-05-28T03:36:10","guid":{"rendered":"https:\/\/www.europesays.com\/fr\/133329\/"},"modified":"2025-05-28T03:36:10","modified_gmt":"2025-05-28T03:36:10","slug":"marseille-les-autorites-controlent-ces-pecheurs-et-decouvrent-de-graves-infractions","status":"publish","type":"post","link":"https:\/\/www.europesays.com\/fr\/133329\/","title":{"rendered":"Marseille. Les autorit\u00e9s contr\u00f4lent ces p\u00eacheurs et d\u00e9couvrent de graves infractions"},"content":{"rendered":"<p>            Par<br \/>\n        <strong><br \/>\n            <a href=\"https:\/\/actu.fr\/auteur\/fabien-binacchi\" title=\"Consulter tous les articles de Fabien Binacchi\" target=\"_blank\" rel=\"noopener\">Fabien Binacchi<\/a><br \/>\n        <\/strong><\/p>\n<p>        Publi\u00e9 le<\/p>\n<p>            27 mai 2025 \u00e0 15h50        <\/p>\n<p>La prise a \u00e9t\u00e9 bonne pour les services de la pr\u00e9fecture des <a href=\"https:\/\/actu.fr\/provence-alpes-cote-d-azur\/bouches-du-rhone_13\" target=\"_blank\" rel=\"noopener\">Bouches-du-Rh\u00f4ne<\/a>. <strong>Beaucoup moins pour la richesse du milieu marin. <\/strong>Ce jeudi 22\u00a0mai 2025, lors d\u2019un contr\u00f4le sur un navire, pr\u00e8s de <a href=\"https:\/\/actu.fr\/marseille\/\" target=\"_blank\" rel=\"noopener\">Marseille,<\/a> une \u00e9quipe de p\u00eacheurs professionnels a \u00e9t\u00e9 prise la main dans le filet avec <strong>385kg d\u2019un poisson prot\u00e9g\u00e9, hors gabarit.<\/strong> Ce qui est formellement interdit \u00e0 cette p\u00e9riode de l\u2019ann\u00e9e pour cette esp\u00e8ce dont \u00ab\u2009le renouvellement des stocks est menac\u00e9\u2009\u00bb, rappellent les services de l\u2019\u00c9tat. Des quotas ont \u00e9t\u00e9 mis en place.<\/p>\n<p>21 thons sur 22 hors gabarit<\/p>\n<p class=\" wall-content\">C\u2019est l\u2019unit\u00e9 littorale des affaires maritimes (Ulam) de la direction d\u00e9partementale des territoires et de la mer des Bouches-du-Rh\u00f4ne qui est tomb\u00e9e sur les contrevenants.<\/p>\n<blockquote class=\"ac-article-quote wall-content\">\n<p>\u00ab\u00a0Elle a proc\u00e9d\u00e9 ce jeudi 22 mai matin \u00e0 un contr\u00f4le de d\u00e9barquement de thons rouges par un navire de p\u00eache professionnel qui indiquait avoir p\u00each\u00e9 22 thons rouges. Lors du contr\u00f4le, les agents de l\u2019Ulam ont constat\u00e9 que 21 des 22 poissons d\u00e9barqu\u00e9s pesaient moins de 30 kg.\u00a0\u00bb<\/p>\n<p>    <strong>Pr\u00e9fecture des Bouches-du-Rh\u00f4ne<\/strong>\n            <\/p><\/blockquote>\n<p class=\" wall-content\">Or, l\u2019esp\u00e8ce <strong>thunnus thynnus<\/strong>, menac\u00e9e par \u00ab\u2009le d\u00e9veloppement des techniques comme l\u2019intensification des efforts de p\u00eache au XXe si\u00e8cle\u2009\u00bb, fait l\u2019objet d\u2019une protection sp\u00e9cifique de l\u2019Union europ\u00e9enne. Elle est soumise \u00e0 diff\u00e9rents quotas.<\/p>\n<p>Plus possible depuis le 19\u00a0avril<\/p>\n<p class=\" wall-content\">En <a href=\"https:\/\/actu.fr\/tag\/mediterranee\" target=\"_blank\" rel=\"noopener\">M\u00e9diterran\u00e9e<\/a>, les captures ne doivent pas exc\u00e9der certains volumes, fix\u00e9s par r\u00e9gion et par segments de flottes de navires professionnels, rappelle encore la pr\u00e9fecture.<\/p>\n<p class=\" wall-content\">En fonction de la taille des poissons\u2009: \u00ab\u2009suite \u00e0 \u00e9puisement, <strong>la p\u00eache de thon rouge de calibre 8-30\u00a0kg a \u00e9t\u00e9 ferm\u00e9e le 19\u00a0avril dernier<\/strong> pour les navires des Bouches-du-Rh\u00f4ne, non adh\u00e9rents \u00e0 une organisation de producteur\u2009\u00bb, indiquent les services de l\u2019\u00c9tat.<\/p>\n<p class=\" wall-content\">Ce que ne devaient pas ignorer les responsables de l\u2019embarcation en question.<\/p>\n<p>Ils serviront \u00e0 un lyc\u00e9e h\u00f4telier<\/p>\n<p class=\" wall-content\">Les 21 thons hors quota, soit 385\u00a0kg, ont donc \u00e9t\u00e9 saisis.<\/p>\n<p>    <img   decoding=\"async\" loading=\"lazy\" src=\"https:\/\/www.europesays.com\/fr\/wp-content\/uploads\/2025\/05\/thons-rouge-marseille-960x640.jpg\" alt=\"le\" width=\"960\" height=\"640\"\/><br \/>\n    Les thons saisis ont \u00e9t\u00e9 remis aux \u00e9l\u00e8ves du lyc\u00e9e r\u00e9gional h\u00f4telier Jean-Paul Pass\u00e9dat (\u00a9Document remis \u00e0 actu Marseille \/ Pr\u00e9fecture des Bouches-du-Rh\u00f4ne)<\/p>\n<p class=\" wall-content\">Et, pas question de d\u00e9truire cette pr\u00e9cieuse marchandise. \u00ab\u2009En accord avec les possibilit\u00e9s ouvertes par la r\u00e9glementation, et pour valoriser au mieux les poissons, les services de l\u2019\u00c9tat ont d\u00e9cid\u00e9 de [les] remettre, \u00e0 titre gracieux au lyc\u00e9e r\u00e9gional h\u00f4telier Jean-Paul Pass\u00e9dat\u2009\u00bb de Marseille, pr\u00e9cise \u00e9galement la pr\u00e9fecture.<\/p>\n<p class=\" wall-content\">Rien ne se perd donc. Les thons ont \u00e9t\u00e9 tout de suite transform\u00e9s en filets et congel\u00e9s pour \u00eatre utilis\u00e9s toute l\u2019ann\u00e9e scolaire par les lyc\u00e9ens.<\/p>\n<p class=\" wall-content\">Suivez toute l\u2019actualit\u00e9 de vos villes et m\u00e9dias favoris en vous inscrivant \u00e0 <a href=\"https:\/\/moncompte.actu.fr\" title=\"D\u00e9couvez Mon Actu\" rel=\"nofollow noopener\" data-trk=\"{&quot;cta&quot;:{&quot;action&quot;:&quot;https:\\\/\\\/moncompte.actu.fr&quot;,&quot;category&quot;:&quot;mon compte&quot;,&quot;from&quot;:&quot;article footer&quot;,&quot;name&quot;:&quot;Mon actu&quot;,&quot;type&quot;:&quot;cta&quot;}}\" target=\"_blank\">Mon Actu<\/a>.<\/p>\n","protected":false},"excerpt":{"rendered":"Par Fabien Binacchi Publi\u00e9 le 27 mai 2025 \u00e0 15h50 La prise a \u00e9t\u00e9 bonne pour les services&hellip;\n","protected":false},"author":2,"featured_media":133330,"comment_status":"","ping_status":"","sticky":false,"template":"","format":"standard","meta":{"footnotes":""},"categories":[2814],"tags":[1111,11,1777,674,1011,27,884,1252,12,4838,882,25,104],"class_list":{"0":"post-133329","1":"post","2":"type-post","3":"status-publish","4":"format-standard","5":"has-post-thumbnail","7":"category-marseille","8":"tag-actu","9":"tag-actualites","10":"tag-eu","11":"tag-europe","12":"tag-fr","13":"tag-france","14":"tag-marseille","15":"tag-mediterranee","16":"tag-news","17":"tag-peche","18":"tag-provence-alpes-cote-dazur","19":"tag-republique-francaise","20":"tag-societe"},"share_on_mastodon":{"url":"https:\/\/pubeurope.com\/@fr\/114583370716496673","error":""},"_links":{"self":[{"href":"https:\/\/www.europesays.com\/fr\/wp-json\/wp\/v2\/posts\/133329","targetHints":{"allow":["GET"]}}],"collection":[{"href":"https:\/\/www.europesays.com\/fr\/wp-json\/wp\/v2\/posts"}],"about":[{"href":"https:\/\/www.europesays.com\/fr\/wp-json\/wp\/v2\/types\/post"}],"author":[{"embeddable":true,"href":"https:\/\/www.europesays.com\/fr\/wp-json\/wp\/v2\/users\/2"}],"replies":[{"embeddable":true,"href":"https:\/\/www.europesays.com\/fr\/wp-json\/wp\/v2\/comments?post=133329"}],"version-history":[{"count":0,"href":"https:\/\/www.europesays.com\/fr\/wp-json\/wp\/v2\/posts\/133329\/revisions"}],"wp:featuredmedia":[{"embeddable":true,"href":"https:\/\/www.europesays.com\/fr\/wp-json\/wp\/v2\/media\/133330"}],"wp:attachment":[{"href":"https:\/\/www.europesays.com\/fr\/wp-json\/wp\/v2\/media?parent=133329"}],"wp:term":[{"taxonomy":"category","embeddable":true,"href":"https:\/\/www.europesays.com\/fr\/wp-json\/wp\/v2\/categories?post=133329"},{"taxonomy":"post_tag","embeddable":true,"href":"https:\/\/www.europesays.com\/fr\/wp-json\/wp\/v2\/tags?post=133329"}],"curies":[{"name":"wp","href":"https:\/\/api.w.org\/{rel}","templated":true}]}}