{"id":133335,"date":"2025-05-28T03:39:16","date_gmt":"2025-05-28T03:39:16","guid":{"rendered":"https:\/\/www.europesays.com\/fr\/133335\/"},"modified":"2025-05-28T03:39:16","modified_gmt":"2025-05-28T03:39:16","slug":"lyon-a7-lautoroute-sera-fermee-a-la-circulation-des-mercredi-28-mai","status":"publish","type":"post","link":"https:\/\/www.europesays.com\/fr\/133335\/","title":{"rendered":"Lyon. A7 : l&rsquo;autoroute sera ferm\u00e9e \u00e0 la circulation d\u00e8s mercredi 28 mai"},"content":{"rendered":"<p><img loading=\"lazy\" decoding=\"async\" alt=\"\u00a9 Dir Centre-Est - L'A7 sera de nouveau ferm\u00e9e dans le sens Marseille-Lyon, entre le mercredi 28 mai et le dimanche 1er juin 2025, en raison des travaux de r\u00e9novation des viaducs de Pierre-B\u00e9nite.\" data-zoom-src=\"https:\/\/www.europesays.com\/fr\/wp-content\/uploads\/2025\/05\/initial-autoroute-a7-viaducs-pierre-benite-chantier-renovation-fermeture-circulation-mai-2025-credit.jpeg\" data-zoomable=\"\" height=\"702\" src=\"https:\/\/www.europesays.com\/fr\/wp-content\/uploads\/2025\/05\/initial-autoroute-a7-viaducs-pierre-benite-chantier-renovation-fermeture-circulation-mai-2025-credit.jpeg\" width=\"1248\"\/>  <\/p>\n<p class=\"article-desc\">\u00a9 Dir Centre-Est &#8211; L&rsquo;A7 sera de nouveau ferm\u00e9e dans le sens Marseille-Lyon, entre le mercredi 28 mai et le dimanche 1er juin 2025, en raison des travaux de r\u00e9novation des viaducs de Pierre-B\u00e9nite. <\/p>\n<p>Et de trois. Depuis janvier 2025, les <strong>viaducs de Pierre-B\u00e9nite<\/strong> aux portes de Lyon <strong>sur l&rsquo;autoroute A7<\/strong>, font l&rsquo;objet d&rsquo;une profonde<strong> r\u00e9habilitation<\/strong>. <\/p>\n<p>Ce chantier colossal, d&rsquo;un co\u00fbt total de 14 millions d&rsquo;euros financ\u00e9 par l&rsquo;Etat, implique <a href=\"https:\/\/mesinfos.fr\/69310-pierre-benite\/travaux-sur-l-a7-pres-de-lyon-des-fermetures-prevues-des-le-29-avril-221363.html\" target=\"_blank\" rel=\"noopener\">quatre grands week-ends de fermeture de l&rsquo;axe \u00e0 la circulation<\/a>. Ce dernier voit passer 150 000 v\u00e9hicules par jour. <\/p>\n<p>Fermeture de\u00a0l&rsquo;autoroute A7 dans le sens Marseille-Lyon entre le 28 mai et le 1er juin 2025 <\/p>\n<p>Une nouvelle fois donc,<strong>\u00a0<\/strong>l&rsquo;acc\u00e8s \u00e0 l&rsquo;A7, <strong>dans le sens Marseille &gt; Lyon<\/strong>, entre les \u00e9changeurs A450 \u2013 A7 et A7 \u2013 p\u00e9riph\u00e9rique,<strong>\u00a0<\/strong>sera <strong>compl\u00e8tement coup\u00e9<\/strong>. La phase 5 du chantier men\u00e9 par la <strong>Direction interd\u00e9partementale des routes Centre-est<\/strong> (Dir Centre-Est) concerne cette fois-ci le remplacement des joints de chauss\u00e9e.\u00a0 <\/p>\n<p>La fermeture de l&rsquo;A7 sera en vigueur \u00e0 compter de 21h <strong>mercredi 28 mai jusqu&rsquo;au dimanche 1er juin 2025 <\/strong>\u00e0 12h.<\/p>\n<p>En 2025, un quatri\u00e8me week-end de fermeture \u00e0 la circulation est pr\u00e9vu pour poursuivre le remplacement des joints de chauss\u00e9e : du vendredi 6 juin 21h au dimanche 9 juin \u00e0 12h. <\/p>\n<p>Week-end de l&rsquo;Ascension : Bison Fut\u00e9 voit rouge dans le sens des d\u00e9parts <\/p>\n<p>Les <strong>itin\u00e9raires de substitution<\/strong> restent les m\u00eames \u00e0 savoir la possibilit\u00e9 d&#8217;emprunter la Rocade Est, l&rsquo;A46, la D383, le Boulevard p\u00e9riph\u00e9rique Nord (BPNL) et l&rsquo;A42. Le suivi du <strong>trafic en temps r\u00e9el<\/strong> est disponible sur le <a href=\"https:\/\/www.bison-fute.gouv.fr\/\" rel=\"noopener\" target=\"_blank\">site de Bison Fut\u00e9<\/a>.\u00a0 <\/p>\n<p>A noter qu&rsquo;en raison du <strong>week-end prolong\u00e9 de l&rsquo;Ascension<\/strong>, l&rsquo;ensemble des conditions de circulation sur les routes fran\u00e7aises seront tr\u00e8s difficiles demain, mercredi 28 mai. <\/p>\n<p><strong>Bison Fut\u00e9<\/strong> voit <strong>rouge<\/strong> dans le sens des d\u00e9parts sur l&rsquo;ensemble du r\u00e9seau hexagonal.<\/p>\n","protected":false},"excerpt":{"rendered":"\u00a9 Dir Centre-Est &#8211; L&rsquo;A7 sera de nouveau ferm\u00e9e dans le sens Marseille-Lyon, entre le mercredi 28 mai&hellip;\n","protected":false},"author":2,"featured_media":133336,"comment_status":"","ping_status":"","sticky":false,"template":"","format":"standard","meta":{"footnotes":""},"categories":[1889],"tags":[1111,11,25894,7480,2430,3542,1777,674,1011,27,2428,12,25,2086],"class_list":{"0":"post-133335","1":"post","2":"type-post","3":"status-publish","4":"format-standard","5":"has-post-thumbnail","7":"category-lyon","8":"tag-actu","9":"tag-actualites","10":"tag-autoroute-a7","11":"tag-autoroutes","12":"tag-auvergne-rhone-alpes","13":"tag-circulation","14":"tag-eu","15":"tag-europe","16":"tag-fr","17":"tag-france","18":"tag-lyon","19":"tag-news","20":"tag-republique-francaise","21":"tag-travaux"},"share_on_mastodon":{"url":"https:\/\/pubeurope.com\/@fr\/114583382567098515","error":""},"_links":{"self":[{"href":"https:\/\/www.europesays.com\/fr\/wp-json\/wp\/v2\/posts\/133335","targetHints":{"allow":["GET"]}}],"collection":[{"href":"https:\/\/www.europesays.com\/fr\/wp-json\/wp\/v2\/posts"}],"about":[{"href":"https:\/\/www.europesays.com\/fr\/wp-json\/wp\/v2\/types\/post"}],"author":[{"embeddable":true,"href":"https:\/\/www.europesays.com\/fr\/wp-json\/wp\/v2\/users\/2"}],"replies":[{"embeddable":true,"href":"https:\/\/www.europesays.com\/fr\/wp-json\/wp\/v2\/comments?post=133335"}],"version-history":[{"count":0,"href":"https:\/\/www.europesays.com\/fr\/wp-json\/wp\/v2\/posts\/133335\/revisions"}],"wp:featuredmedia":[{"embeddable":true,"href":"https:\/\/www.europesays.com\/fr\/wp-json\/wp\/v2\/media\/133336"}],"wp:attachment":[{"href":"https:\/\/www.europesays.com\/fr\/wp-json\/wp\/v2\/media?parent=133335"}],"wp:term":[{"taxonomy":"category","embeddable":true,"href":"https:\/\/www.europesays.com\/fr\/wp-json\/wp\/v2\/categories?post=133335"},{"taxonomy":"post_tag","embeddable":true,"href":"https:\/\/www.europesays.com\/fr\/wp-json\/wp\/v2\/tags?post=133335"}],"curies":[{"name":"wp","href":"https:\/\/api.w.org\/{rel}","templated":true}]}}