{"id":133344,"date":"2025-05-28T03:45:06","date_gmt":"2025-05-28T03:45:06","guid":{"rendered":"https:\/\/www.europesays.com\/fr\/133344\/"},"modified":"2025-05-28T03:45:06","modified_gmt":"2025-05-28T03:45:06","slug":"une-exception-en-ile-de-france-dapres-linsee-paris-pourrait-perdre-2-600-menages-par-an-dici-a-2050","status":"publish","type":"post","link":"https:\/\/www.europesays.com\/fr\/133344\/","title":{"rendered":"\u00ab\u00a0Une exception en \u00cele-de-France\u00a0\u00bb\u00a0: d\u2018apr\u00e8s l\u2019Insee, Paris pourrait perdre 2\u00a0600 m\u00e9nages par an d\u2019ici \u00e0 2050"},"content":{"rendered":"<p class=\"paragraph text_align_left\">Y aura-t-il encore plus de personnes seules dans les appartements parisiens en 2050 ? La part des couples aura-t-elle au contraire diminu\u00e9 ? Le nombre global de m\u00e9nages sera-t-il en net recul ? C\u2019est \u00e0 ces questions que l\u2019Institut national de la statistique et des \u00e9tudes \u00e9conomiques (Insee) a tent\u00e9 de r\u00e9pondre dans deux \u00e9tudes qui viennent d\u2019\u00eatre publi\u00e9es ce mardi apr\u00e8s-midi.<\/p>\n<p class=\"paragraph text_align_left\">Des travaux qui portent sur l\u2019\u00e9volution du nombre de m\u00e9nages et de leur composition dans les diff\u00e9rents d\u00e9partements d\u2019\u00cele-de-France entre 2018 et 2050. Selon ces projections, la r\u00e9gion <a href=\"https:\/\/www.leparisien.fr\/paris-75\/forte-croissance-en-seine-saint-denis-exode-de-paris-comment-se-porte-lile-de-france-en-cette-fin-2024-19-12-2024-EGI56VKLKFAOFJEETCACQ2G2ZY.php\" target=\"_self\" rel=\"nofollow noopener\">pourrait gagner 570 000 m\u00e9nages <\/a>dans ce laps de temps. Mais les situations restent tr\u00e8s contrast\u00e9es en fonction des d\u00e9partements franciliens.<\/p>\n","protected":false},"excerpt":{"rendered":"Y aura-t-il encore plus de personnes seules dans les appartements parisiens en 2050 ? La part des couples&hellip;\n","protected":false},"author":2,"featured_media":133345,"comment_status":"","ping_status":"","sticky":false,"template":"","format":"standard","meta":{"footnotes":""},"categories":[1888],"tags":[11,1777,674,1011,27,1944,12,626,25,104],"class_list":{"0":"post-133344","1":"post","2":"type-post","3":"status-publish","4":"format-standard","5":"has-post-thumbnail","7":"category-paris","8":"tag-actualites","9":"tag-eu","10":"tag-europe","11":"tag-fr","12":"tag-france","13":"tag-ma-ville","14":"tag-news","15":"tag-paris","16":"tag-republique-francaise","17":"tag-societe"},"share_on_mastodon":{"url":"https:\/\/pubeurope.com\/@fr\/114583406051808325","error":""},"_links":{"self":[{"href":"https:\/\/www.europesays.com\/fr\/wp-json\/wp\/v2\/posts\/133344","targetHints":{"allow":["GET"]}}],"collection":[{"href":"https:\/\/www.europesays.com\/fr\/wp-json\/wp\/v2\/posts"}],"about":[{"href":"https:\/\/www.europesays.com\/fr\/wp-json\/wp\/v2\/types\/post"}],"author":[{"embeddable":true,"href":"https:\/\/www.europesays.com\/fr\/wp-json\/wp\/v2\/users\/2"}],"replies":[{"embeddable":true,"href":"https:\/\/www.europesays.com\/fr\/wp-json\/wp\/v2\/comments?post=133344"}],"version-history":[{"count":0,"href":"https:\/\/www.europesays.com\/fr\/wp-json\/wp\/v2\/posts\/133344\/revisions"}],"wp:featuredmedia":[{"embeddable":true,"href":"https:\/\/www.europesays.com\/fr\/wp-json\/wp\/v2\/media\/133345"}],"wp:attachment":[{"href":"https:\/\/www.europesays.com\/fr\/wp-json\/wp\/v2\/media?parent=133344"}],"wp:term":[{"taxonomy":"category","embeddable":true,"href":"https:\/\/www.europesays.com\/fr\/wp-json\/wp\/v2\/categories?post=133344"},{"taxonomy":"post_tag","embeddable":true,"href":"https:\/\/www.europesays.com\/fr\/wp-json\/wp\/v2\/tags?post=133344"}],"curies":[{"name":"wp","href":"https:\/\/api.w.org\/{rel}","templated":true}]}}