{"id":133348,"date":"2025-05-28T03:47:19","date_gmt":"2025-05-28T03:47:19","guid":{"rendered":"https:\/\/www.europesays.com\/fr\/133348\/"},"modified":"2025-05-28T03:47:19","modified_gmt":"2025-05-28T03:47:19","slug":"des-missiles-taurus-bientot-tires-sur-la-russie-ce-que-lon-sait","status":"publish","type":"post","link":"https:\/\/www.europesays.com\/fr\/133348\/","title":{"rendered":"Des missiles Taurus bient\u00f4t tir\u00e9s sur la Russie, ce que l&rsquo;on sait"},"content":{"rendered":"<p class=\"articleHead-lead\">\n            Le chancelier allemand Friedrich Merz a annonc\u00e9 que Berlin et ses alli\u00e9s ne limitaient plus la port\u00e9e des armes livr\u00e9es \u00e0 l\u2019Ukraine, de quoi ouvrir la voie \u00e0 des frappes sur le sol russe. Mais le nouveau chef du gouvernement n\u2019a pas \u00e9voqu\u00e9 les missiles de longue port\u00e9e Taurus.\n        <\/p>\n<p>            <img decoding=\"async\"  src=\"https:\/\/www.europesays.com\/fr\/wp-content\/uploads\/2025\/05\/1748404039_654_picture.jpg\"  class=\"apply-ratio\" alt=\"Sous le gouvernement d\u2019Olaf Scholz, l\u2019Allemagne avait refus\u00e9 de fournir ces missiles Taurus.\"\/><\/p>\n<p>\n                                            \u00a9 Getty_Images<\/p>\n<p>                                             &#8211; Sous le gouvernement d\u2019Olaf Scholz, l\u2019Allemagne avait refus\u00e9 de fournir ces missiles Taurus.\n                                    <\/p>\n<ul class=\"articleMainFollow-list\">\n<li class=\"articleMainFollow-item\">\n<p>                        Sauvegarder<\/p>\n<p>                        Sauvegard\u00e9<\/p>\n<\/li>\n<li class=\"articleMainFollow-item\">\n<\/li>\n<\/ul>\n<p>\n                    Recevoir les alertes Conflit\n                <\/p>\n<p>Plus aucune restriction\u00a0\u00e0 la port\u00e9e des armes fournies \u00e0 Kiev. Ce lundi 26 mai, le chancelier allemand Friedrich Merz a affirm\u00e9 que les alli\u00e9s occidentaux de l\u2019Ukraine n\u2019avaient \u00abplus de limitation de port\u00e9e\u00bb des armes livr\u00e9es \u00e0 Kiev. Le nouveau chef du gouvernement n\u2019a, en revanche, pas expliqu\u00e9 si ces propos auraient une incidence \u00e0 propos <a href=\"https:\/\/www.capital.fr\/economie-politique\/defense-quest-ce-que-le-black-hornet-le-nano-drone-utilise-par-larmee-francaise-1514034\" target=\"_blank\" rel=\"noopener\">des armes<\/a> livr\u00e9es \u00e0 l\u2019avenir par Berlin \u00e0 l\u2019Ukraine, notamment en ce qui concerne <a href=\"https:\/\/www.capital.fr\/economie-politique\/rafale-missiles-la-france-attire-de-gros-clients-et-pas-seulement-linde-1513329\" target=\"_blank\" rel=\"noopener\">les missiles<\/a> <strong>de longue port\u00e9e Taurus<\/strong>. Sous le pr\u00e9c\u00e9dent gouvernement d\u2019Olaf Scholz, l\u2019Allemagne avait<strong> refus\u00e9 de fournir ces missiles<\/strong>, craignant que les tensions avec la Russie ne prennent davantage d\u2019ampleur.<\/p>\n<p>\u00abIl n\u2019y a plus de limites de port\u00e9e pour les armes qui ont \u00e9t\u00e9 livr\u00e9es \u00e0 l\u2019Ukraine. Ni par les Britanniques, ni par les Fran\u00e7ais, ni par nous. Ni par les Am\u00e9ricains\u00bb, a martel\u00e9 Friedrich Merz, lors d\u2019un entretien avec la t\u00e9l\u00e9vision publique WDR. Ces d\u00e9cisions ont \u00e9t\u00e9 vivement critiqu\u00e9es par <a href=\"https:\/\/www.capital.fr\/entreprises-marches\/le-rafale-le-grand-ennemi-de-la-russie-et-de-la-chine-1513661\" target=\"_blank\" rel=\"noopener\">la Russie<\/a>, qui estime qu\u2019elles \u00abvont absolument \u00e0 l\u2019encontre de nos aspirations \u00e0 entrer dans un r\u00e8glement politique\u00bb. \u00abC\u2019est une d\u00e9cision assez dangereuse\u00bb, a assur\u00e9 Dmitri Peskov, le porte-parole de la pr\u00e9sidence russe.<\/p>\n<p>        \u00c0 lire aussi :<br \/>\n        <a class=\"articleToRead-link\" href=\"https:\/\/www.capital.fr\/economie-politique\/aa-13-axehead-ce-nouveau-missile-russe-nucleaire-aurait-une-portee-de-400-kilometres-1514194\" data-wide=\"\" target=\"_blank\" rel=\"noopener\"><br \/>\n            AA-13 Axehead : ce nouveau missile russe nucl\u00e9aire aurait une port\u00e9e de 400 kilom\u00e8tres<br \/>\n        <\/a><\/p>\n<p>Friedrich Merz estime qu\u2019un cessez-le-feu est peu probable pour l\u2019instant<\/p>\n<p>Le dirigeant conservateur allemand justifie ces d\u00e9cisions par le fait que \u00abl\u2019Ukraine peut d\u00e9sormais se d\u00e9fendre, par exemple en attaquant des positions militaires en Russie, ce qu\u2019elle ne faisait pas il y a quelque temps, \u00e0 quelques exceptions pr\u00e8s\u00bb. Toutefois, <strong>ses propos restent flous<\/strong> car il n\u2019a pas pr\u00e9cis\u00e9 \u00e0 quel moment chaque pays avait d\u00e9cid\u00e9 ces changements. Pour rappel, Joe Biden avait donn\u00e9 <strong>son feu vert <\/strong>\u00e0 l\u2019usage par Kiev de missiles tactiques de longue port\u00e9e (ATACMS) contre des cibles en Russie, au mois de novembre dernier. Emmanuel Macron avait aussi affirm\u00e9, en mai 2024, que des frappes \u00e9taient possibles.<\/p>\n<p>Quant \u00e0 la possibilit\u00e9 <strong>d\u2019un cessez-le-feu<\/strong> en Ukraine, Friedrich Merz ne se fait gu\u00e8re d\u2019illusion pour l\u2019instant. \u00abSi m\u00eame une proposition de r\u00e9union au Vatican ne rencontre pas\u00bb\u00a0l\u2019approbation de la Russie,\u00a0\u00abnous devons nous pr\u00e9parer \u00e0 ce que cette guerre dure plus longtemps que nous ne le souhaitons ou ne pouvons l\u2019imaginer\u00bb, a-t-il d\u00e9clar\u00e9.<\/p>\n<p>        Recevez nos derni\u00e8res news<\/p>\n<p>        Tous les jours, la s\u00e9lection des <b>principales infos<\/b> de la journ\u00e9e.<\/p>\n","protected":false},"excerpt":{"rendered":"Le chancelier allemand Friedrich Merz a annonc\u00e9 que Berlin et ses alli\u00e9s ne limitaient plus la port\u00e9e des&hellip;\n","protected":false},"author":2,"featured_media":133349,"comment_status":"","ping_status":"","sticky":false,"template":"","format":"standard","meta":{"footnotes":""},"categories":[1591],"tags":[11,1924,2120,9929,1887,3343,12,1885,1886,132],"class_list":{"0":"post-133348","1":"post","2":"type-post","3":"status-publish","4":"format-standard","5":"has-post-thumbnail","7":"category-russie","8":"tag-actualites","9":"tag-armement","10":"tag-conflit","11":"tag-du00e9fense","12":"tag-federation-de-russie","13":"tag-missile","14":"tag-news","15":"tag-russia","16":"tag-russian-federation","17":"tag-russie"},"share_on_mastodon":{"url":"https:\/\/pubeurope.com\/@fr\/114583414067040249","error":""},"_links":{"self":[{"href":"https:\/\/www.europesays.com\/fr\/wp-json\/wp\/v2\/posts\/133348","targetHints":{"allow":["GET"]}}],"collection":[{"href":"https:\/\/www.europesays.com\/fr\/wp-json\/wp\/v2\/posts"}],"about":[{"href":"https:\/\/www.europesays.com\/fr\/wp-json\/wp\/v2\/types\/post"}],"author":[{"embeddable":true,"href":"https:\/\/www.europesays.com\/fr\/wp-json\/wp\/v2\/users\/2"}],"replies":[{"embeddable":true,"href":"https:\/\/www.europesays.com\/fr\/wp-json\/wp\/v2\/comments?post=133348"}],"version-history":[{"count":0,"href":"https:\/\/www.europesays.com\/fr\/wp-json\/wp\/v2\/posts\/133348\/revisions"}],"wp:featuredmedia":[{"embeddable":true,"href":"https:\/\/www.europesays.com\/fr\/wp-json\/wp\/v2\/media\/133349"}],"wp:attachment":[{"href":"https:\/\/www.europesays.com\/fr\/wp-json\/wp\/v2\/media?parent=133348"}],"wp:term":[{"taxonomy":"category","embeddable":true,"href":"https:\/\/www.europesays.com\/fr\/wp-json\/wp\/v2\/categories?post=133348"},{"taxonomy":"post_tag","embeddable":true,"href":"https:\/\/www.europesays.com\/fr\/wp-json\/wp\/v2\/tags?post=133348"}],"curies":[{"name":"wp","href":"https:\/\/api.w.org\/{rel}","templated":true}]}}