{"id":133350,"date":"2025-05-28T03:48:08","date_gmt":"2025-05-28T03:48:08","guid":{"rendered":"https:\/\/www.europesays.com\/fr\/133350\/"},"modified":"2025-05-28T03:48:08","modified_gmt":"2025-05-28T03:48:08","slug":"lue-hausse-le-ton-contre-viktor-orban-sur-les-droits-lgbt-et-lukraine","status":"publish","type":"post","link":"https:\/\/www.europesays.com\/fr\/133350\/","title":{"rendered":"L\u2019UE hausse le ton contre Viktor Orban sur les droits LGBT et l\u2019Ukraine"},"content":{"rendered":"<p>Rien ne va pas plus entre Bruxelles et Budapest. Les Etats membres de l\u2019<a href=\"https:\/\/www.20minutes.fr\/dossier\/ue\" target=\"_blank\" class=\"color-ultramarine c-link\" rel=\"noopener\">Union europ\u00e9enne<\/a> ont nettement hauss\u00e9 le ton mardi face \u00e0 la <a href=\"https:\/\/www.20minutes.fr\/dossier\/hongrie\" target=\"_blank\" class=\"color-ultramarine c-link\" rel=\"noopener\">Hongrie<\/a>, accus\u00e9e de brider les droits LGBT+\u00a0et d\u2019abandonner l\u2019Ukraine.<\/p>\n<p>La marge de man\u0153uvre pour s\u00e9vir face au gouvernement de <a href=\"https:\/\/www.20minutes.fr\/dossier\/viktor_orban\" target=\"_blank\" class=\"color-ultramarine c-link\" rel=\"noopener\">Viktor Orban<\/a> reste toutefois \u00e9troite. Bruxelles s\u2019adonne donc depuis des ann\u00e9es \u00e0 un d\u00e9licat jeu d\u2019\u00e9quilibriste avec le Premier ministre hongrois.<\/p>\n<p>Budapest proche de Moscou<\/p>\n<p>Les positions de Viktor Orban sont \u00e0 contre-courant d\u2019autres Etats membres de l\u2019UE sur une ribambelle de sujets, \u00e0 commencer par les questions d\u2019Etat de droit. Mais le soutien du dirigeant ultraconservateur, proche de <a href=\"https:\/\/www.20minutes.fr\/monde\/vladimir_poutine\/\" target=\"_blank\" class=\"color-ultramarine c-link\" rel=\"noopener\">Vladimir Poutine<\/a>, est indispensable sur plusieurs dossiers sensibles, o\u00f9 les d\u00e9cisions se prennent \u00e0 l\u2019unanimit\u00e9 des 27 Etats membres. A commencer par le renouvellement de sanctions contre la <a href=\"https:\/\/www.20minutes.fr\/monde\/russie\/\" target=\"_blank\" class=\"color-ultramarine c-link\" rel=\"noopener\">Russie<\/a>, ou l\u2019adh\u00e9sion de l\u2019<a href=\"https:\/\/www.20minutes.fr\/monde\/ukraine\/\" target=\"_blank\" class=\"color-ultramarine c-link\" rel=\"noopener\">Ukraine<\/a> \u00e0 l\u2019UE.<\/p>\n<\/p>\n<p>De peur de le braquer, \u00ab\u00a0il n\u2019y a jamais eu de confrontation directe\u00a0\u00bb entre les dirigeants europ\u00e9ens et le Premier ministre hongrois, explique un diplomate europ\u00e9en sous couvert d\u2019anonymat. \u00ab\u00a0Mais \u00e0 un moment on ne peut plus continuer \u00e0 se faire \u00e9craser par ce nain politique et \u00e9conomique qu\u2019est la Hongrie\u00a0\u00bb.<\/p>\n<p>La loi adopt\u00e9e par la Hongrie au printemps visant \u00e0 interdire la marche des fiert\u00e9s <a href=\"https:\/\/www.20minutes.fr\/dossier\/lgbt\" target=\"_blank\" class=\"color-ultramarine c-link\" rel=\"noopener\">LGBT+<\/a>\u00a0a contraint les dirigeants \u00e0 durcir leur position. En atteste la lettre sign\u00e9e par vingt pays europ\u00e9ens, dont la France, exhortant Budapest \u00e0 r\u00e9viser ce texte, et les nombreuses d\u00e9clarations de ministres en amont de la r\u00e9union mardi \u00e0 Bruxelles. \u00ab\u00a0Nous avons de gros probl\u00e8mes avec la Hongrie\u00a0\u00bb, a ainsi d\u00e9nonc\u00e9 le ministre allemand charg\u00e9 des questions europ\u00e9ennes, Gunther Krichbaum. \u00ab\u00a0La patience de mes coll\u00e8gues s\u2019amenuise de jour en jour\u00a0\u00bb.<\/p>\n<p>D\u00e9j\u00e0 de nombreuses sanctions<\/p>\n<p>L\u2019UE g\u00e8le d\u00e9j\u00e0 une dizaine de milliards d\u2019euros de fonds destin\u00e9s au pays d\u2019Europe centrale, dans le cadre de proc\u00e9dures engag\u00e9es en raison d\u2019inqui\u00e9tudes li\u00e9es aux droits des personnes LGBT+, des demandeurs d\u2019asile, ainsi que les conditions de passation des march\u00e9s publics et les conflits d\u2019int\u00e9r\u00eats.<\/p>\n<p>La Hongrie est aussi vis\u00e9e depuis\u00a02018 par la proc\u00e9dure dite de l\u2019article\u00a07, destin\u00e9e \u00e0 sanctionner un Etat membre o\u00f9 est constat\u00e9e une \u00ab\u00a0violation grave\u00a0\u00bb de l\u2019Etat de droit. Celle-ci peut en th\u00e9orie aller jusqu\u2019\u00e0 une suspension des droits de vote au sein du Conseil de l\u2019UE, o\u00f9 si\u00e8gent tous les chefs d\u2019Etat et de gouvernement. Un sc\u00e9nario in\u00e9dit, que plusieurs pays ont mis sur la table mardi. La ministre danoise Marie Bjerre, dont le pays assurera bient\u00f4t la pr\u00e9sidence tournante de l\u2019UE, a assur\u00e9 \u00eatre pr\u00eate \u00e0 utiliser \u00ab\u00a0tous les outils\u00a0\u00bb n\u00e9cessaires pour faire rentrer Viktor Orban dans le rang, y compris l\u2019activation de cette proc\u00e9dure.<\/p>\n<p><a href=\"https:\/\/www.20minutes.fr\/dossier\/ue\" target=\"_blank\" class=\"c-link c-btn c-btn--primary\" rel=\"noopener\">Notre dossier sur l&rsquo;Union europ\u00e9enne<\/a><\/p>\n<p>Pr\u00e9sent mardi \u00e0 Bruxelles, le ministre hongrois Janos Boka a qualifi\u00e9 la situation \u00ab\u00a0d\u2019hyst\u00e9rie politique\u00a0\u00bb, assurant avoir r\u00e9pondu jusqu\u2019ici \u00e0 toutes les \u00ab\u00a0questions et remarques\u00a0\u00bb exprim\u00e9es par des Etats membres sur son pays.<\/p>\n","protected":false},"excerpt":{"rendered":"Rien ne va pas plus entre Bruxelles et Budapest. Les Etats membres de l\u2019Union europ\u00e9enne ont nettement hauss\u00e9&hellip;\n","protected":false},"author":2,"featured_media":133351,"comment_status":"","ping_status":"","sticky":false,"template":"","format":"standard","meta":{"footnotes":""},"categories":[1590],"tags":[47,11,1777,674,131,804,9087,74,12,132,220,555,133,7247,135],"class_list":{"0":"post-133350","1":"post","2":"type-post","3":"status-publish","4":"format-standard","5":"has-post-thumbnail","7":"category-ukraine","8":"tag-actualite","9":"tag-actualites","10":"tag-eu","11":"tag-europe","12":"tag-guerre-en-ukraine","13":"tag-hongrie","14":"tag-lgbt","15":"tag-monde","16":"tag-news","17":"tag-russie","18":"tag-ukraine","19":"tag-union-europeenne-ue","20":"tag-video","21":"tag-viktor-orban","22":"tag-vladimir-poutine"},"share_on_mastodon":{"url":"https:\/\/pubeurope.com\/@fr\/114583417981560185","error":""},"_links":{"self":[{"href":"https:\/\/www.europesays.com\/fr\/wp-json\/wp\/v2\/posts\/133350","targetHints":{"allow":["GET"]}}],"collection":[{"href":"https:\/\/www.europesays.com\/fr\/wp-json\/wp\/v2\/posts"}],"about":[{"href":"https:\/\/www.europesays.com\/fr\/wp-json\/wp\/v2\/types\/post"}],"author":[{"embeddable":true,"href":"https:\/\/www.europesays.com\/fr\/wp-json\/wp\/v2\/users\/2"}],"replies":[{"embeddable":true,"href":"https:\/\/www.europesays.com\/fr\/wp-json\/wp\/v2\/comments?post=133350"}],"version-history":[{"count":0,"href":"https:\/\/www.europesays.com\/fr\/wp-json\/wp\/v2\/posts\/133350\/revisions"}],"wp:featuredmedia":[{"embeddable":true,"href":"https:\/\/www.europesays.com\/fr\/wp-json\/wp\/v2\/media\/133351"}],"wp:attachment":[{"href":"https:\/\/www.europesays.com\/fr\/wp-json\/wp\/v2\/media?parent=133350"}],"wp:term":[{"taxonomy":"category","embeddable":true,"href":"https:\/\/www.europesays.com\/fr\/wp-json\/wp\/v2\/categories?post=133350"},{"taxonomy":"post_tag","embeddable":true,"href":"https:\/\/www.europesays.com\/fr\/wp-json\/wp\/v2\/tags?post=133350"}],"curies":[{"name":"wp","href":"https:\/\/api.w.org\/{rel}","templated":true}]}}