{"id":133382,"date":"2025-05-28T04:06:12","date_gmt":"2025-05-28T04:06:12","guid":{"rendered":"https:\/\/www.europesays.com\/fr\/133382\/"},"modified":"2025-05-28T04:06:12","modified_gmt":"2025-05-28T04:06:12","slug":"elsa-bois-partage-une-tendre-video-avec-florent-manaudou-et-fait-reagir-la-toile","status":"publish","type":"post","link":"https:\/\/www.europesays.com\/fr\/133382\/","title":{"rendered":"Elsa Bois partage une tendre vid\u00e9o avec Florent Manaudou et fait r\u00e9agir la Toile"},"content":{"rendered":"<p>La saison 14 de Danse avec les stars s&rsquo;est termin\u00e9e il y a un mois. Ce lundi 26 mai 2025, Elsa Bois a partag\u00e9 un montage vid\u00e9o nostalgique avec Florent Manaudou, m\u00ealant r\u00e9p\u00e9titions et prestation sur le parquet de DALS. Le duo a \u00e9t\u00e9 \u00e9limin\u00e9 en finale, face \u00e0 L\u00e9nie et Jordan Mouillerac.<\/p>\n<p>Elsa Bois : sa vid\u00e9o nostalgique un mois apr\u00e8s la finale de DALS<\/p>\n<p>Ce lundi 26 mai, un mois apr\u00e8s la finale de Danse avec les stars, Elsa Bois a publi\u00e9 sur son compte Instagram une vid\u00e9o retra\u00e7ant son parcours avec Florent Manaudou. Compilant des images de leurs danses sur le prime et des moments pass\u00e9s en coulisses, la danseuse semble nostalgique. En l\u00e9gende, elle a \u00e9crit : \u00ab\u00a0Un mois d\u00e9j\u00e0 de la fin de cette si belle aventure \ud83c\udf08 Training en studio VS rendu plateau ! On a vraiment pass\u00e9 le meilleur moment de notre vie\u00a0\u00bb. En commentaires, les internautes semblent, eux aussi, nostalgiques. \u00ab\u00a0On peut recommencer la saison ? Vous \u00e9tiez incroyables\u00a0\u00bb, \u00ab\u00a0\u00c7a passe trop vite. Vous avez fait un parcours incroyable\u00a0\u00bb, \u00ab\u00a0Votre duo nous manque\u00a0\u00bb, \u00ab\u00a0Je vote pour recommencer la saison\u00a0\u00bb, \u00ab\u00a0Vous nous manquez, j&rsquo;aimerais tellement vous revoir danser\u00a0\u00bb, peut-on lire.<\/p>\n<p>Depuis la fin de l&rsquo;\u00e9mission, les deux sportifs continuent de se voir. Le m\u00e9daill\u00e9 olympique de 34 ans \u00e9tait pr\u00e9sent, le 19 mai, aux c\u00f4t\u00e9s d&rsquo;Elsa Bois pour encourager la s\u0153ur de cette derni\u00e8re qui participait \u00e0 un concours de danse professionnel. Le duo a nou\u00e9 des liens tr\u00e8s forts&#8230;<\/p>\n<p><a data-i13n=\"cpos:1;pos:1\" href=\"https:\/\/www.terrafemina.com\/article\/dites-nous-que-vous-etes-ensemble-vous-etes-une-evidence-elsa-bois-partage-une-tendre-video-avec-florent-manaudou-et-fait-reagir-la-toile_a375743\/1\" rel=\"nofollow noopener\" target=\"_blank\" data-ylk=\"slk:Lire la suite;cpos:1;pos:1;elm:context_link;itc:0;sec:content-canvas\" class=\"link \">Lire la suite<\/a><\/p>\n<p>\u00c0 lire aussi<\/p>\n<p><a data-i13n=\"cpos:2;pos:1\" href=\"https:\/\/www.terrafemina.com\/article\/elsa-s-incrimine-elle-meme-elsa-bois-et-florent-manaudou-victimes-de-nouvelles-attaques-sexistes-apres-cette-video_a375361\/1\" rel=\"nofollow noopener\" target=\"_blank\" data-ylk=\"slk:&quot;Elsa s&#039;incrimine elle-m\u00eame&quot; : Elsa Bois et Florent Manaudou victimes de nouvelles attaques sexistes apr\u00e8s cette vid\u00e9o;cpos:2;pos:1;elm:context_link;itc:0;sec:content-canvas\" class=\"link \">\u00ab\u00a0Elsa s&rsquo;incrimine elle-m\u00eame\u00a0\u00bb : Elsa Bois et Florent Manaudou victimes de nouvelles attaques sexistes apr\u00e8s cette vid\u00e9o<\/a><br \/><a data-i13n=\"cpos:3;pos:1\" href=\"https:\/\/www.terrafemina.com\/article\/couche-avec-les-stars-elsa-bois-et-florent-manaudou-en-couple-un-media-partage-une-preuve-et-les-internautes-redoublent-de-sexisme_a375220\/1\" rel=\"nofollow noopener\" target=\"_blank\" data-ylk=\"slk:&quot;Couche Avec Les Stars&quot; : Elsa Bois et Florent Manaudou en couple ? Un m\u00e9dia partage une &quot;preuve&quot; et les internautes redoublent de sexisme;cpos:3;pos:1;elm:context_link;itc:0;sec:content-canvas\" class=\"link \">\u00ab\u00a0Couche Avec Les Stars\u00a0\u00bb : Elsa Bois et Florent Manaudou en couple ? Un m\u00e9dia partage une \u00ab\u00a0preuve\u00a0\u00bb et les internautes redoublent de sexisme<\/a><br \/><a data-i13n=\"cpos:4;pos:1\" href=\"https:\/\/www.terrafemina.com\/article\/danse-avec-les-stars-florent-manaudou-et-elsa-bois-continuent-d-attiser-les-rumeurs-de-couple-la-petite-amie-du-nageur-harcelee-sur-les-reseaux-sociaux_a375096\/1\" rel=\"nofollow noopener\" target=\"_blank\" data-ylk=\"slk:Danse avec les Stars : Florent Manaudou et Elsa Bois continuent d&#039;attiser les rumeurs de couple, la petite-amie du nageur harcel\u00e9e sur les r\u00e9seaux sociaux;cpos:4;pos:1;elm:context_link;itc:0;sec:content-canvas\" class=\"link \">Danse avec les Stars : Florent Manaudou et Elsa Bois continuent d&rsquo;attiser les rumeurs de couple, la petite-amie du nageur harcel\u00e9e sur les r\u00e9seaux sociaux<\/a><\/p>\n","protected":false},"excerpt":{"rendered":"La saison 14 de Danse avec les stars s&rsquo;est termin\u00e9e il y a un mois. Ce lundi 26&hellip;\n","protected":false},"author":2,"featured_media":133383,"comment_status":"","ping_status":"","sticky":false,"template":"","format":"standard","meta":{"footnotes":""},"categories":[1359],"tags":[194,58,7744,59,925,1011,27,22116,973,133],"class_list":{"0":"post-133382","1":"post","2":"type-post","3":"status-publish","4":"format-standard","5":"has-post-thumbnail","7":"category-people","8":"tag-danse-avec-les-stars","9":"tag-divertissement","10":"tag-elsa-bois","11":"tag-entertainment","12":"tag-florent-manaudou","13":"tag-fr","14":"tag-france","15":"tag-le-duo","16":"tag-people","17":"tag-video"},"share_on_mastodon":{"url":"https:\/\/pubeurope.com\/@fr\/114583488648235624","error":""},"_links":{"self":[{"href":"https:\/\/www.europesays.com\/fr\/wp-json\/wp\/v2\/posts\/133382","targetHints":{"allow":["GET"]}}],"collection":[{"href":"https:\/\/www.europesays.com\/fr\/wp-json\/wp\/v2\/posts"}],"about":[{"href":"https:\/\/www.europesays.com\/fr\/wp-json\/wp\/v2\/types\/post"}],"author":[{"embeddable":true,"href":"https:\/\/www.europesays.com\/fr\/wp-json\/wp\/v2\/users\/2"}],"replies":[{"embeddable":true,"href":"https:\/\/www.europesays.com\/fr\/wp-json\/wp\/v2\/comments?post=133382"}],"version-history":[{"count":0,"href":"https:\/\/www.europesays.com\/fr\/wp-json\/wp\/v2\/posts\/133382\/revisions"}],"wp:featuredmedia":[{"embeddable":true,"href":"https:\/\/www.europesays.com\/fr\/wp-json\/wp\/v2\/media\/133383"}],"wp:attachment":[{"href":"https:\/\/www.europesays.com\/fr\/wp-json\/wp\/v2\/media?parent=133382"}],"wp:term":[{"taxonomy":"category","embeddable":true,"href":"https:\/\/www.europesays.com\/fr\/wp-json\/wp\/v2\/categories?post=133382"},{"taxonomy":"post_tag","embeddable":true,"href":"https:\/\/www.europesays.com\/fr\/wp-json\/wp\/v2\/tags?post=133382"}],"curies":[{"name":"wp","href":"https:\/\/api.w.org\/{rel}","templated":true}]}}