{"id":133384,"date":"2025-05-28T04:07:14","date_gmt":"2025-05-28T04:07:14","guid":{"rendered":"https:\/\/www.europesays.com\/fr\/133384\/"},"modified":"2025-05-28T04:07:14","modified_gmt":"2025-05-28T04:07:14","slug":"quatre-graveurs-incarnent-la-fete-de-lestampe-a-tiranges-jusqua-dimanche","status":"publish","type":"post","link":"https:\/\/www.europesays.com\/fr\/133384\/","title":{"rendered":"Quatre graveurs incarnent la F\u00eate de l&rsquo;estampe \u00e0 Tiranges jusqu&rsquo;\u00e0 dimanche"},"content":{"rendered":"<p>\t\t\t\t\t\t\t\t\t\t\t\t\t\t\t\t\t\t\t\t\t\t\t\t\t\t\t\t\t\t\t\t\t\t\t\t\t\t\t\t\t\t\t\t\t\t<img decoding=\"async\" src=\"https:\/\/www.europesays.com\/fr\/wp-content\/uploads\/2025\/05\/LA_COMMERE_-_PAVE_-_600X600.jpg\" alt=\"Yssingeaux foire mai-juin 2025\"\/><\/p>\n<p>\t\t\t\t\t\t\t\t\t\t\t\t\t\t\t\t\t\t\t\t\t\t\t\t\t\t\t\t\t\t\t\t\t\t\t\t\t\t\t\t\t\t\t\t\t\t\t\t\t\t\t\t\t\t\t\t\t\t\t\t\t\t\t<a href=\"https:\/\/www.lacommere43.fr\/component\/banners\/click\/1775.html\" target=\"_blank\" title=\"Tence Rural Master mai 2025\" rel=\"nofollow noopener\"><br \/>\n\t\t\t\t\t\t\t<img decoding=\"async\" src=\"https:\/\/www.europesays.com\/fr\/wp-content\/uploads\/2025\/05\/rural2025-3.gif\" alt=\"Tence Rural Master mai 2025\"\/><br \/>\n\t\t\t\t\t\t<\/a><\/p>\n<p><strong>L&rsquo;Atelier du 26, de Mykolas Lukosevicius, \u00e0 Tiranges, accueille jusqu&rsquo;\u00e0 dimanche la F\u00eate de l&rsquo;estampe. L&rsquo;artiste est accompagn\u00e9 par trois autres graveurs.<\/strong><\/p>\n<p>Apr\u00e8s Vienne, La Ricamarie, Bas-en-Basset, la F\u00eate de l&rsquo;estampe s&rsquo;est install\u00e9e \u00e0 Tiranges, l\u00e0 o\u00f9 Mykolas Lukosevicius a pos\u00e9 ses valises, route de Rochebaron \u00e0 Tiranges, \u00e0 la sortie du bourg, sur la route du pont du Diable.<\/p>\n<p>Mykolas Lukosevicius, de Tiranges donc, Elsa Cicchetti de P\u00e9lussin, Thierry Bois-Simon, de Jonzieux, et Marie-Jo\u00eblle Delolme, de Saint-Julien-Molhesabate, associent leurs techniques et leurs regards au sein de l&rsquo;atelier de Mykolas, un espace qui accueille aussi une paisible 2CV qui renforce l&rsquo;attrait du lieu.\u00a0<\/p>\n<p>Mykolas Lukosevicius baigne dans la photo-gravure, il r\u00e9alise des diaporamas de paysages imaginaires. Elsa Cicchetti s&rsquo;adonne \u00e0 la linogravure, Thierry Bois-Simon de Jonzieux rayonne dans la pointe s\u00e8che apr\u00e8s \u00eatre pass\u00e9 par la gravure sur bois (xylographie), la linogravure, et l\u2019eau-forte.<\/p>\n<p>Ouvert le samedi et dimanche de 10 heures \u00e0 18 heures, en semaine sur rendez-vous au 06 89 86 42 44.<\/p>\n","protected":false},"excerpt":{"rendered":"L&rsquo;Atelier du 26, de Mykolas Lukosevicius, \u00e0 Tiranges, accueille jusqu&rsquo;\u00e0 dimanche la F\u00eate de l&rsquo;estampe. L&rsquo;artiste est accompagn\u00e9&hellip;\n","protected":false},"author":2,"featured_media":133385,"comment_status":"","ping_status":"","sticky":false,"template":"","format":"standard","meta":{"footnotes":""},"categories":[1358],"tags":[2281,1348,1384,1385,1386,58,59,2282,1011,27,2280,2284,2285,2283],"class_list":{"0":"post-133384","1":"post","2":"type-post","3":"status-publish","4":"format-standard","5":"has-post-thumbnail","7":"category-arts-et-design","8":"tag-actualite-43","9":"tag-arts","10":"tag-arts-and-design","11":"tag-arts-et-design","12":"tag-design","13":"tag-divertissement","14":"tag-entertainment","15":"tag-faits-divers-auvergne","16":"tag-fr","17":"tag-france","18":"tag-information-haute-loire","19":"tag-infos-43","20":"tag-journal-haute-loire","21":"tag-la-commere-43"},"share_on_mastodon":{"url":"https:\/\/pubeurope.com\/@fr\/114583492687530118","error":""},"_links":{"self":[{"href":"https:\/\/www.europesays.com\/fr\/wp-json\/wp\/v2\/posts\/133384","targetHints":{"allow":["GET"]}}],"collection":[{"href":"https:\/\/www.europesays.com\/fr\/wp-json\/wp\/v2\/posts"}],"about":[{"href":"https:\/\/www.europesays.com\/fr\/wp-json\/wp\/v2\/types\/post"}],"author":[{"embeddable":true,"href":"https:\/\/www.europesays.com\/fr\/wp-json\/wp\/v2\/users\/2"}],"replies":[{"embeddable":true,"href":"https:\/\/www.europesays.com\/fr\/wp-json\/wp\/v2\/comments?post=133384"}],"version-history":[{"count":0,"href":"https:\/\/www.europesays.com\/fr\/wp-json\/wp\/v2\/posts\/133384\/revisions"}],"wp:featuredmedia":[{"embeddable":true,"href":"https:\/\/www.europesays.com\/fr\/wp-json\/wp\/v2\/media\/133385"}],"wp:attachment":[{"href":"https:\/\/www.europesays.com\/fr\/wp-json\/wp\/v2\/media?parent=133384"}],"wp:term":[{"taxonomy":"category","embeddable":true,"href":"https:\/\/www.europesays.com\/fr\/wp-json\/wp\/v2\/categories?post=133384"},{"taxonomy":"post_tag","embeddable":true,"href":"https:\/\/www.europesays.com\/fr\/wp-json\/wp\/v2\/tags?post=133384"}],"curies":[{"name":"wp","href":"https:\/\/api.w.org\/{rel}","templated":true}]}}