{"id":133386,"date":"2025-05-28T04:08:13","date_gmt":"2025-05-28T04:08:13","guid":{"rendered":"https:\/\/www.europesays.com\/fr\/133386\/"},"modified":"2025-05-28T04:08:13","modified_gmt":"2025-05-28T04:08:13","slug":"hombourg-haut-du-livre-a-la-video-avec-le-concours-mosellire","status":"publish","type":"post","link":"https:\/\/www.europesays.com\/fr\/133386\/","title":{"rendered":"Hombourg-Haut : Du livre \u00e0 la vid\u00e9o avec le concours MoseL\u2019Lire"},"content":{"rendered":"<p>\t<img decoding=\"async\" src=\"https:\/\/www.europesays.com\/fr\/wp-content\/uploads\/2025\/05\/20250527123937QohbDjnxkykCYKP1xVsl_w1500.jpg\" alt=\"Du livre \u00e0 la vid\u00e9o avec le concours MoseL\u2019Lire\"\/><\/p>\n<p>\tLe D\u00e9partement de la Moselle organisait cette ann\u00e9e la 18\u00e8me \u00e9dition du concours des jeunes lecteurs MoseL\u2019Lire. 3511 \u00e9l\u00e8ves de 110 \u00e9tablissements scolaires ont particip\u00e9. Pour le secteur Forbach-Saint-Avold, la remise de prix avait lieu ce mardi 27 mai. Nous y avons assist\u00e9.\u00a0&#13;<\/p>\n<p class=\"audioTitle\">Son N\u00b01 &#8211; Du livre \u00e0 la vid\u00e9o avec le concours MoseL\u2019Lire<\/p>\n<p><img decoding=\"async\" src=\"https:\/\/www.europesays.com\/fr\/wp-content\/uploads\/2025\/05\/play-button.svg.svg+xml\" id=\"play1\"\/><img decoding=\"async\" src=\"https:\/\/www.europesays.com\/fr\/wp-content\/uploads\/2025\/05\/pause-button.svg.svg+xml\" id=\"pause1\" style=\"display:none;\"\/><br \/>\n    &#13;<\/p>\n<p>Pour la cat\u00e9gorie CM1, CM2, c\u2019est la classe de l\u2019\u00e9cole Pr\u00e9vert de Henriville qui d\u00e9croche le premier prix. L\u2019enseignante, Marcy Negrin, participe depuis plusieurs ann\u00e9es \u00e0 ce concours qui consiste \u00e0 r\u00e9aliser une \u0153uvre graphique ou vid\u00e9o \u00e0 partir d\u2019un livre. Celui choisit par la classe cette ann\u00e9e, c\u2019est Le Million de Luc Blanvillain.<\/p>\n<p>&#13;<\/p>\n<blockquote><p>&#13;<\/p>\n<p>L\u2019histoire c\u2019est une petite fille de 10 ans qui gagnait \u00e0 la loterie et qui voulait offrir cet argent \u00e0 son amie sans domicile fixe. Nous on a d\u00e9cid\u00e9 de voir le point de vue des enfants puisque dans le livre il y avait des points de vue diff\u00e9rents. Chacun voulant utiliser l\u2019argent d\u2019une fa\u00e7on particuli\u00e8re.<\/p>\n<p>&#13;\n<\/p><\/blockquote>\n<p>&#13;<\/p>\n<p>Perle et Hugo font partie de l\u2019\u00e9quipe d\u2019acteurs.<\/p>\n<p>&#13;<\/p>\n<blockquote><p>&#13;<\/p>\n<p>C\u2019\u00e9tait marrant, on s\u2019est bien amus\u00e9. On s\u2019est entrain\u00e9 et \u00e7a a donn\u00e9 un bon r\u00e9sultat. \u2013 Hugo\u00a0<br \/>\u00c7a m\u2019a plu. Il y avait une bonne ambiance et j\u2019ai beaucoup aim\u00e9 jouer. \u2013 Perle<\/p>\n<p>&#13;\n<\/p><\/blockquote>\n<p>&#13;<\/p>\n<p>Une approche originale du livre par la vid\u00e9o. Pour Christelle Smorowinski, enseignante de CP \u00e0 l\u2019\u00e9cole Jacques Yves Cousteau de Petite-Rosselle, cette m\u00e9thode aide \u00e0 d\u00e9velopper l\u2019imaginaire et la cr\u00e9ativit\u00e9.<\/p>\n<p>&#13;<\/p>\n<blockquote><p>&#13;<\/p>\n<p>De mettre en image, en son, ce qu\u2019on a imagin\u00e9 \u00e7a donne plus de sens encore \u00e0 la lecture qu\u2019on peut faire des livres.<\/p>\n<p>&#13;\n<\/p><\/blockquote>\n<p>&#13;<\/p>\n<p>&#13;<br \/>\nDiaporama d&rsquo;une partie des gagnants&#13;<\/p>\n<p>Du c\u00f4t\u00e9 des plus grands qu\u2019en est-il ? Est-ce qu\u2019ils lisent toujours ? Nous avons pos\u00e9 la question \u00e0 Maria Mariatte-Suty, documentaliste au coll\u00e8ge Louis Pasteur de Faulquemont qui participait au concours cette ann\u00e9e avec des \u00e9l\u00e8ves de quatri\u00e8me.<\/p>\n<p>&#13;<\/p>\n<blockquote><p>&#13;<\/p>\n<p>Les jeunes lisent de moins en moins de romans. Tout ce qui est BD et manga ils lisent quand m\u00eame pas mal mais c\u2019est vrai que les \u00e9crans prennent une part. Apr\u00e8s ils lisent peut-\u00eatre aussi beaucoup de choses sur les \u00e9crans\u2026<\/p>\n<p>&#13;\n<\/p><\/blockquote>\n<p>&#13;<\/p>\n<p>L\u2019ann\u00e9e prochaine MoseL\u2019Lire sera remplac\u00e9 par un nouveau dispositif qui devrait \u00eatre davantage d\u00e9di\u00e9 \u00e0 la cr\u00e9ation, \u00e0 la lecture et \u00e0 l\u2019\u00e9criture.\u00a0<\/p>\n","protected":false},"excerpt":{"rendered":"Le D\u00e9partement de la Moselle organisait cette ann\u00e9e la 18\u00e8me \u00e9dition du concours des jeunes lecteurs MoseL\u2019Lire. 3511&hellip;\n","protected":false},"author":2,"featured_media":133387,"comment_status":"","ping_status":"","sticky":false,"template":"","format":"standard","meta":{"footnotes":""},"categories":[1357],"tags":[25898,1379,903,9968,58,1719,59,10403,1011,27,2046,1380,5599,25896,2141,25897],"class_list":{"0":"post-133386","1":"post","2":"type-post","3":"status-publish","4":"format-standard","5":"has-post-thumbnail","7":"category-livres","8":"tag-28mai2025","9":"tag-books","10":"tag-concours","11":"tag-departement","12":"tag-divertissement","13":"tag-enfants","14":"tag-entertainment","15":"tag-forbach","16":"tag-fr","17":"tag-france","18":"tag-lecture","19":"tag-livres","20":"tag-moselle","21":"tag-mosllire","22":"tag-prix","23":"tag-saintavold"},"share_on_mastodon":{"url":"https:\/\/pubeurope.com\/@fr\/114583496598393441","error":""},"_links":{"self":[{"href":"https:\/\/www.europesays.com\/fr\/wp-json\/wp\/v2\/posts\/133386","targetHints":{"allow":["GET"]}}],"collection":[{"href":"https:\/\/www.europesays.com\/fr\/wp-json\/wp\/v2\/posts"}],"about":[{"href":"https:\/\/www.europesays.com\/fr\/wp-json\/wp\/v2\/types\/post"}],"author":[{"embeddable":true,"href":"https:\/\/www.europesays.com\/fr\/wp-json\/wp\/v2\/users\/2"}],"replies":[{"embeddable":true,"href":"https:\/\/www.europesays.com\/fr\/wp-json\/wp\/v2\/comments?post=133386"}],"version-history":[{"count":0,"href":"https:\/\/www.europesays.com\/fr\/wp-json\/wp\/v2\/posts\/133386\/revisions"}],"wp:featuredmedia":[{"embeddable":true,"href":"https:\/\/www.europesays.com\/fr\/wp-json\/wp\/v2\/media\/133387"}],"wp:attachment":[{"href":"https:\/\/www.europesays.com\/fr\/wp-json\/wp\/v2\/media?parent=133386"}],"wp:term":[{"taxonomy":"category","embeddable":true,"href":"https:\/\/www.europesays.com\/fr\/wp-json\/wp\/v2\/categories?post=133386"},{"taxonomy":"post_tag","embeddable":true,"href":"https:\/\/www.europesays.com\/fr\/wp-json\/wp\/v2\/tags?post=133386"}],"curies":[{"name":"wp","href":"https:\/\/api.w.org\/{rel}","templated":true}]}}