{"id":133388,"date":"2025-05-28T04:09:17","date_gmt":"2025-05-28T04:09:17","guid":{"rendered":"https:\/\/www.europesays.com\/fr\/133388\/"},"modified":"2025-05-28T04:09:17","modified_gmt":"2025-05-28T04:09:17","slug":"date-et-heure-de-diffusion-acteurs-bande-annonce-tout-savoir-sur-tout-pour-la-lumiere-la-nouvelle-serie-quotidienne-de-tf1-et-netflix","status":"publish","type":"post","link":"https:\/\/www.europesays.com\/fr\/133388\/","title":{"rendered":"Date et heure de diffusion, acteurs, bande-annonce\u2026 tout savoir sur \u00ab\u00a0Tout pour la lumi\u00e8re\u00a0\u00bb, la nouvelle s\u00e9rie quotidienne de TF1 et Netflix"},"content":{"rendered":"<p>\n                                                                La s\u00e9rie arrive bient\u00f4t sur vos \u00e9crans. Tout pour la lumi\u00e8re, coproduite par TF1 et Netflix, d\u00e9butera le 16\u00a0juin sur TF1 et le 13 sur Netflix. Cette nouvelle s\u00e9rie quotidienne, sur le th\u00e8me de la danse et de la musique, se d\u00e9roulera au \u00ab\u00a0Studio lumi\u00e8re\u00a0\u00bb et suivra ses jeunes talents.\n                            <\/p>\n<p><a href=\"https:\/\/www.midilibre.fr\/2024\/11\/26\/tout-pour-la-lumiere-apres-ici-tout-commence-et-demain-nous-appartient-ce-que-lon-sait-de-la-nouvelle-serie-qui-va-debarquer-sur-tf1-12347658.php\" target=\"_blank\" rel=\"nofollow noopener\">Elle est la derni\u00e8re cr\u00e9ation sign\u00e9e TF1 et Netflix.<\/a> La quatri\u00e8me s\u00e9rie quotidienne de la Une, Tout pour la lumi\u00e8re, d\u00e9barque ainsi sur nos \u00e9crans \u00e0 partir de d\u00e9but juin. Il s\u2019agit d\u2019une s\u00e9rie bas\u00e9e sur la danse et la musique tourn\u00e9e dans un d\u00e9cor de studio de danse.<\/p>\n<p>R\u00e9alis\u00e9s en partenariat avec le g\u00e9ant am\u00e9ricain Netflix, les trois premiers \u00e9pisodes de la s\u00e9rie\u00a0seront disponibles le 13\u00a0juin, puis ils seront ensuite disponibles un par un chaque jour. La diffusion sur TF1 elle d\u00e9marrera \u00e0 partir du 16\u00a0juin. De fait, la plateforme aura 5 \u00e9pisodes d\u2019avance sur la diffusion de TF1.<\/p>\n<p>\u00ab\u00a0Un test pour Netflix\u00a0\u00bb<\/p>\n<p>\u00ab\u00a0C\u2019est un test pour Netflix, qui se met \u00e0 la diffusion quotidienne, \u00e9pisode par \u00e9pisode plut\u00f4t qu\u2019en int\u00e9gralit\u00e9. Ceci pour respecter la mani\u00e8re dont est construite cette s\u00e9rie. Ce sera \u00e0 9\u00a0h\u00a001 chaque matin\u00a0\u00bb, explique Pauline Dauvin, vice-pr\u00e9sidente en charge des contenus de Netflix France, \u00e0 nos confr\u00e8res de <a href=\"https:\/\/www.ouest-france.fr\/medias\/television\/exclusif-la-serie-tout-pour-la-lumiere-arrive-le-16-juin-sur-tf1-et-des-le-13-sur-netflix-523bdb7a-34fa-11f0-82aa-3134ba899709\" target=\"_blank\" rel=\"nofollow noopener\">Ouest France<\/a>.<\/p>\n<p>La saison 1 de la s\u00e9rie comportera 90 \u00e9pisodes pour une dur\u00e9e d\u2019environ 25 minutes chacun et mettront en sc\u00e8ne les jeunes talents d\u2019une \u00e9cole de danse et de chant, le Studio Lumi\u00e8re. Victoria Vargas, jou\u00e9e par Joy Esther connue pour son r\u00f4le dans Nos chers voisins, retourne au chevet de sa m\u00e8re, directrice du studio. Lannick Gautry, Isabelle Otero ou encore la chanteuse Vitaa font partie du casting de la s\u00e9rie, pendant que la plupart des jeunes talents sont d\u2019anciens candidats de The Voice.<\/p>\n<p>Une diffusion qui ne g\u00eanera pas les autres s\u00e9ries quotidiennes<\/p>\n<p>La grille des programmes de TF1 commence ainsi \u00e0 s\u2019alourdir de s\u00e9ries quotidiennes avec Tout pour la lumi\u00e8re donc mais aussi\u00a0Plus belle la vie, encore plus belle, Demain nous appartient\u00a0et\u00a0Ici tout commence.\u00a0Mais pour autant rien ne devrait \u00eatre bouscul\u00e9.<\/p>\n<p>Plus belle la vie, encore plus belle, reste diffus\u00e9 apr\u00e8s le JT de 13\u00a0h \u00e0 la mi-journ\u00e9e.\u00a0Tout pour la lumi\u00e8re va d\u00e9barquer \u00e0 18\u00a0h du lundi au vendredi.\u00a0Ici tout commence reste positionn\u00e9 \u00e0 18\u00a0h\u00a030 et\u00a0Demain nous appartient \u00e0 19\u00a0h\u00a010 juste avant le JT de TF1. C\u2019est l\u2019\u00e9mission\u00a0Familles nombreuses\u00a0: la vie en XXL qui en fait les frais puisque c\u2019\u00e9tait jusque-l\u00e0 cette t\u00e9l\u00e9r\u00e9alit\u00e9 sur les familles nombreuses qui occupait la case et qui c\u00e8de donc sa place pour deux heures de s\u00e9ries quotidiennes \u00e0 la sauce TF1.<\/p>\n<p>Rendez-vous donc le 13\u00a0juin sur Netflix et le 16\u00a0juin sur TF1\u00a0!<\/p>\n","protected":false},"excerpt":{"rendered":"La s\u00e9rie arrive bient\u00f4t sur vos \u00e9crans. Tout pour la lumi\u00e8re, coproduite par TF1 et Netflix, d\u00e9butera le&hellip;\n","protected":false},"author":2,"featured_media":133389,"comment_status":"","ping_status":"","sticky":false,"template":"","format":"standard","meta":{"footnotes":""},"categories":[1356],"tags":[58,59,1011,27,252,1364],"class_list":{"0":"post-133388","1":"post","2":"type-post","3":"status-publish","4":"format-standard","5":"has-post-thumbnail","7":"category-television","8":"tag-divertissement","9":"tag-entertainment","10":"tag-fr","11":"tag-france","12":"tag-television","13":"tag-tv"},"share_on_mastodon":{"url":"https:\/\/pubeurope.com\/@fr\/114583500869612408","error":""},"_links":{"self":[{"href":"https:\/\/www.europesays.com\/fr\/wp-json\/wp\/v2\/posts\/133388","targetHints":{"allow":["GET"]}}],"collection":[{"href":"https:\/\/www.europesays.com\/fr\/wp-json\/wp\/v2\/posts"}],"about":[{"href":"https:\/\/www.europesays.com\/fr\/wp-json\/wp\/v2\/types\/post"}],"author":[{"embeddable":true,"href":"https:\/\/www.europesays.com\/fr\/wp-json\/wp\/v2\/users\/2"}],"replies":[{"embeddable":true,"href":"https:\/\/www.europesays.com\/fr\/wp-json\/wp\/v2\/comments?post=133388"}],"version-history":[{"count":0,"href":"https:\/\/www.europesays.com\/fr\/wp-json\/wp\/v2\/posts\/133388\/revisions"}],"wp:featuredmedia":[{"embeddable":true,"href":"https:\/\/www.europesays.com\/fr\/wp-json\/wp\/v2\/media\/133389"}],"wp:attachment":[{"href":"https:\/\/www.europesays.com\/fr\/wp-json\/wp\/v2\/media?parent=133388"}],"wp:term":[{"taxonomy":"category","embeddable":true,"href":"https:\/\/www.europesays.com\/fr\/wp-json\/wp\/v2\/categories?post=133388"},{"taxonomy":"post_tag","embeddable":true,"href":"https:\/\/www.europesays.com\/fr\/wp-json\/wp\/v2\/tags?post=133388"}],"curies":[{"name":"wp","href":"https:\/\/api.w.org\/{rel}","templated":true}]}}