{"id":133394,"date":"2025-05-28T04:12:11","date_gmt":"2025-05-28T04:12:11","guid":{"rendered":"https:\/\/www.europesays.com\/fr\/133394\/"},"modified":"2025-05-28T04:12:11","modified_gmt":"2025-05-28T04:12:11","slug":"ces-provencaux-qui-gardent-leurs-animaux-de-compagnie-malgre-leurs-allergies","status":"publish","type":"post","link":"https:\/\/www.europesays.com\/fr\/133394\/","title":{"rendered":"ces Proven\u00e7aux qui gardent leurs animaux de compagnie malgr\u00e9 leurs allergies"},"content":{"rendered":"<p>\u00c9ternuements, yeux qui pleurent, d\u00e9mangeaisons\u2026 puis un coup d\u2019\u0153il vers <a href=\"https:\/\/www.laprovence.com\/article\/region\/63567027061069\/anais-retrouve-victor-son-chat-disparu-il-y-a-9-ans-a-mouries\" target=\"_blank\" rel=\"noopener\">son chat<\/a>. Le coupable est tout trouv\u00e9. En France, plus de la moiti\u00e9 des foyers poss\u00e8dent des animaux de compagnie. Pourtant, entre<strong> 7% et 25% des personnes y sont a<a href=\"https:\/\/www.laprovence.com\/article\/actualites\/6062464258981215\/allergie-aux-chats-debut-dun-essai-clinique-pour-developper-un-vaccin\" target=\"_blank\" rel=\"noopener\">llergiques, les f\u00e9lins en t\u00eate<\/a>.<\/strong><\/p>\n<p>Parfois, les intol\u00e9rances ont toujours \u00e9t\u00e9 l\u00e0, mais elles peuvent aussi se d\u00e9clarer \u00e0 n\u2019importe quel moment de la vie. Et lorsque l\u2019on a d\u00e9j\u00e0 adopt\u00e9 un animal, la cohabitation peut devenir compliqu\u00e9e. Pour beaucoup, l\u2019amour qui les lie \u00e0 leurs compagnons est tel que le choix de le garder est une \u00e9vidence.<\/p>\n<p>Pour la Proven\u00e7ale Sandrine, \u00ab\u00a0hors de question de m\u2019en s\u00e9parer\u00a0\u00bb. M\u00eame son de cloche du c\u00f4t\u00e9 de Jonathan, un Avignonnais\u00a0: \u00ab\u00a0Au pire, <strong>je finirai avec des cicatrices \u00e0 force de me gratter<\/strong>, mais jamais je l\u2019abandonnerai !\u00a0\u00bb. Surtout, \u00ab\u00a0il y a plein de solutions pour vivre avec\u00a0\u00bb, souligne-t-il.<\/p>\n<p>Comme lui, les propri\u00e9taires d\u2019animaux qui y sont allergiques mettent souvent en place des stratag\u00e8mes pour rendre leur quotidien moins urticant.<\/p>\n<p>Mise en place d\u2019un \u00ab\u00a0process allerg\u00e8ne\u00a0\u00bb<\/p>\n<p>Pour la plupart, \u00e7a passe par des traitements. \u00ab\u00a0J\u2019ai toujours \u00e9t\u00e9 un peu allergique aux chats, mais quand j\u2019ai adopt\u00e9 le mien, je me suis rendue compte que je l\u2019\u00e9tais vraiment\u00a0\u00bb, raconte Sandrine, originaire de Venelles. L\u2019aide \u00e0 domicile nous explique\u00a0: \u00ab\u00a0Je suis all\u00e9e voir un allergologue rapidement. Je prends depuis des antihistaminiques et, en g\u00e9n\u00e9ral, \u00e7a passe \u00e0 peu pr\u00e8s\u00a0\u00bb, poursuit-elle. Mais les p\u00e9riodes de mues sont toujours plus compliqu\u00e9es pour la quinquag\u00e9naire\u00a0: \u00ab\u00a0Ces derni\u00e8res semaines, je dois lui interdire l\u2019acc\u00e8s \u00e0 la chambre m\u00eame si \u00e7a me rend triste. Sinon, <strong>m\u00eame avec le traitement, je m\u2019\u00e9touffe et je ne peux pas dormir<\/strong>.\u00a0\u00bb<\/p>\n<p>Des moments compliqu\u00e9s, fatigants, mais remplis d\u2019amour, c\u2019est \u00e9galement ce dont t\u00e9moigne Chana\u00ebl qui a adopt\u00e9 Charlie, son chat, pendant le Covid-19. Rapidement, la rencontre devient embrum\u00e9e\u00a0: \u00ab\u00a0Les petites griffures qui me grattaient jusqu\u2019au sang, en la caressant,<strong> j&rsquo;avais les yeux qui pleurent, \u00e7a me d\u00e9clenchait de l\u2019asthme<\/strong>\u2026\u00a0\u00bb Quand elle comprend son allergie, \u00ab\u00a0la question de l\u2019abandon ne se pose pas\u00a0\u00bb. M\u00eame si un pharmacien lui explique qu\u2019il ne \u00ab\u00a0comprend pas pourquoi je la garde\u00a0\u00bb, cette Aixoise s\u2019adapte et prend des antihistaminiques. \u00ab\u00a0C\u2019est emb\u00eatant, mais c\u2019est supportable\u00a0\u00bb, r\u00e9sume celle qui a depuis pris un deuxi\u00e8me petit f\u00e9lin, Tango.<\/p>\n<p>\u00ab\u00a0\u00c7a me force \u00e0 faire le m\u00e9nage tous les jours\u00a0\u00bb<\/p>\n<p>Les traitements ne sont pas forc\u00e9ment au go\u00fbt de tous, comme pour Jonathan\u00a0: \u00ab\u00a0Pour l\u2019instant, je ne prends rien. \u00c7a reste acceptable\u2026 Souvent\u00a0\u00bb. \u00ab\u00a0Pas toujours\u00a0\u00bb, conc\u00e8de-t-il. Il a cependant mis en place une autre technique, adopt\u00e9e par la plupart des propri\u00e9taires allergiques\u00a0: aspirer, secouer, ranger\u2026 \u00ab\u00a0Je n\u2019arrive\u00a0pas \u00e0 mettre de limites, ils dorment m\u00eame avec moi. Donc c\u2019est toute une organisation\u00a0: je passe l\u2019aspirateur tous les jours, je peux changer mes draps jusqu\u2019\u00e0 2 fois par semaine s\u2019il le faut\u00a0\u00bb, souligne l\u2019Aixoise d\u2019une trentaine d\u2019ann\u00e9es.<\/p>\n<p>Pour l\u2019informaticien \u00e0 Avignon, sa chatte, \u00e2g\u00e9e maintenant de 5\u00a0ans, lui a donn\u00e9 ces r\u00e9flexes\u00a0: \u00ab\u00a0J\u2019aspire quasiment tous les jours, parfois deux fois par jour selon les p\u00e9riodes. J\u2019aspire m\u00eame mon canap\u00e9\u00a0! Je change mes draps, mes serviettes et j\u2019ai d\u00fb apprendre \u00e0 amener r\u00e9guli\u00e8rement mes tapis pour les faire nettoyer \u00e0 fond.\u00a0\u00bb<\/p>\n<p>Les v\u00e9t\u00e9rinaires conseillent aussi souvent des croquettes hypoallerg\u00e9niques et pour tous ces Proven\u00e7aux, ce pourra \u00eatre la prochaine \u00e9tape bien que \u00e7a soit \u00ab\u00a0un sacr\u00e9 budget\u00a0\u00bb. En tout cas, \u00ab\u00a0hors de question pour moi de m\u2019en s\u00e9parer. J\u2019accepte de souffrir pour lui\u00a0\u00bb, r\u00e9sume Sandrine.<\/p>\n","protected":false},"excerpt":{"rendered":"\u00c9ternuements, yeux qui pleurent, d\u00e9mangeaisons\u2026 puis un coup d\u2019\u0153il vers son chat. Le coupable est tout trouv\u00e9. En&hellip;\n","protected":false},"author":2,"featured_media":133395,"comment_status":"","ping_status":"","sticky":false,"template":"","format":"standard","meta":{"footnotes":""},"categories":[10],"tags":[17,9122,1011,27,25901,72,25899,3591,13441,3583,71,104,25900],"class_list":{"0":"post-133394","1":"post","2":"type-post","3":"status-publish","4":"format-standard","5":"has-post-thumbnail","7":"category-sante","8":"tag-17","9":"tag-ces","10":"tag-fr","11":"tag-france","12":"tag-gardent","13":"tag-health","14":"tag-jaccepte","15":"tag-leurs","16":"tag-provencaux","17":"tag-qui","18":"tag-sante","19":"tag-societe","20":"tag-souffrir"},"share_on_mastodon":{"url":"https:\/\/pubeurope.com\/@fr\/114583512256336454","error":""},"_links":{"self":[{"href":"https:\/\/www.europesays.com\/fr\/wp-json\/wp\/v2\/posts\/133394","targetHints":{"allow":["GET"]}}],"collection":[{"href":"https:\/\/www.europesays.com\/fr\/wp-json\/wp\/v2\/posts"}],"about":[{"href":"https:\/\/www.europesays.com\/fr\/wp-json\/wp\/v2\/types\/post"}],"author":[{"embeddable":true,"href":"https:\/\/www.europesays.com\/fr\/wp-json\/wp\/v2\/users\/2"}],"replies":[{"embeddable":true,"href":"https:\/\/www.europesays.com\/fr\/wp-json\/wp\/v2\/comments?post=133394"}],"version-history":[{"count":0,"href":"https:\/\/www.europesays.com\/fr\/wp-json\/wp\/v2\/posts\/133394\/revisions"}],"wp:featuredmedia":[{"embeddable":true,"href":"https:\/\/www.europesays.com\/fr\/wp-json\/wp\/v2\/media\/133395"}],"wp:attachment":[{"href":"https:\/\/www.europesays.com\/fr\/wp-json\/wp\/v2\/media?parent=133394"}],"wp:term":[{"taxonomy":"category","embeddable":true,"href":"https:\/\/www.europesays.com\/fr\/wp-json\/wp\/v2\/categories?post=133394"},{"taxonomy":"post_tag","embeddable":true,"href":"https:\/\/www.europesays.com\/fr\/wp-json\/wp\/v2\/tags?post=133394"}],"curies":[{"name":"wp","href":"https:\/\/api.w.org\/{rel}","templated":true}]}}