{"id":133402,"date":"2025-05-28T04:17:09","date_gmt":"2025-05-28T04:17:09","guid":{"rendered":"https:\/\/www.europesays.com\/fr\/133402\/"},"modified":"2025-05-28T04:17:09","modified_gmt":"2025-05-28T04:17:09","slug":"emmanuel-macron-mise-sur-le-non-alignement-de-lindonesie-de-plus-en-plus-attiree-par-la-chine","status":"publish","type":"post","link":"https:\/\/www.europesays.com\/fr\/133402\/","title":{"rendered":"Emmanuel Macron mise sur le non-alignement de l\u2019Indon\u00e9sie, de plus en plus attir\u00e9e par la Chine"},"content":{"rendered":"<p><strong>D\u00c9CRYPTAGE <\/strong>&#8211; Le pr\u00e9sident fran\u00e7ais est arriv\u00e9 \u00e0 Jakarta pour \u00e9largir un partenariat ancr\u00e9 dans la d\u00e9fense avec le g\u00e9ant \u00e9mergent d\u2019Asie du Sud-Est.<\/p>\n<p class=\"fig-paragraph\">Aux abords de la cath\u00e9drale du vieux Hano\u00ef rong\u00e9e par la moiteur,\u00a0<a href=\"http:\/\/www.lefigaro.fr\/flash-actu\/guerre-commerciale-emmanuel-macron-expose-sa-troisieme-voie-devant-les-etudiants-vietnamiens-20250527\" data-fig-type=\"NewsFlash\" data-gtm-custom-categorie=\"navigation\" data-gtm-custom-action=\"crossclick\" data-gtm-custom-label=\"Contextuel\" data-gtm-event=\"customEventSPE\" data-fig-domain=\"LEFIGARO\" rel=\"nofollow noopener\" target=\"_blank\">Emmanuel Macron<\/a>\u00a0s\u2019est offert une promenade nocturne lundi sous les flashs de la presse vietnamienne, en compagnie de son \u00e9pouse, Brigitte, comme pour tenter de clore\u00a0<a href=\"http:\/\/www.lefigaro.fr\/politique\/video-du-couple-macron-dans-l-avion-le-president-dement-toute-scene-de-menage-avec-son-epouse-20250526\" data-fig-type=\"NewsFlash\" data-gtm-custom-categorie=\"navigation\" data-gtm-custom-action=\"crossclick\" data-gtm-custom-label=\"Contextuel\" data-gtm-event=\"customEventSPE\" data-fig-domain=\"LEFIGARO\" rel=\"nofollow noopener\" target=\"_blank\">la controverse de la \u00ab\u00a0gifle\u00a0\u00bb\u00a0<\/a>qui a plomb\u00e9 la premi\u00e8re journ\u00e9e de sa tourn\u00e9e en Asie du Sud-Est. Certains ont \u00ab\u00a0le caramel qui leur monte \u00e0 la t\u00eate\u00a0\u00bb avait d\u00e9nonc\u00e9 quelques heures plus t\u00f4t le pr\u00e9sident, niant toute \u00ab\u00a0sc\u00e8ne de m\u00e9nage\u00a0\u00bb, en r\u00e9action aux images d\u2019une \u00ab\u00a0chamaillerie\u00a0\u00bb tournant en boucle sur les r\u00e9seaux sociaux, \u00e0 leur atterrissage.<\/p>\n<p class=\"fig-paragraph\">Avec gravit\u00e9, Emmanuel Macron a aussit\u00f4t replong\u00e9 sur le terrain de la g\u00e9opolitique mardi, ciblant la\u00a0<a href=\"http:\/\/www.lefigaro.fr\/conjoncture\/taxation-chinoise-sur-le-cognac-macron-veut-trouver-une-issue-avec-xi-barnier-se-rendra-en-chine-debut-2025-20241119\" data-fig-type=\"NewsFlash\" data-gtm-custom-categorie=\"navigation\" data-gtm-custom-action=\"crossclick\" data-gtm-custom-label=\"Contextuel\" data-gtm-event=\"customEventSPE\" data-fig-domain=\"LEFIGARO\" rel=\"nofollow noopener\" target=\"_blank\">Chine\u00a0<\/a>et les \u00c9tats-Unis, \u00ab\u00a0superpuissances d\u00e9sinhib\u00e9es\u00a0\u00bb, accus\u00e9es de \u00ab\u00a0ne plus vouloir la paix\u00a0\u00bb et de faire peser le risque d\u2019un \u00ab\u00a0conflit beaucoup plus large\u00a0\u00bb en Asie-Pacifique, lors d\u2019un discours face aux \u00e9tudiants de l\u2019Universit\u00e9 des techniques et technologies de Hano\u00ef. Et d\u2019exhorter\u2026<\/p>\n<p class=\"fig-premium-paywall__infos\">\n        Cet article est r\u00e9serv\u00e9 aux abonn\u00e9s.        Il vous reste 85% \u00e0 d\u00e9couvrir.\n    <\/p>\n<p>                <img  data- alt=\"Le Figaro\" class=\"fig-img--complete fig-img\"\/><\/p>\n<p class=\"fig-premium-paywall__title\">Vente Flash<\/p>\n<p class=\"fig-premium-paywall__subtitle\">4,99\u20ac par mois pendant 12 mois. Sans engagement.<\/p>\n<p class=\"fig-premium-paywall__connect\">\n                D\u00e9j\u00e0 abonn\u00e9\u00a0?                <a class=\"fig-premium-paywall__connect-link\" href=\"https:\/\/connect.lefigaro.fr\/login?client=horizon_web&amp;type=main&amp;redirect_uri=https%3A%2F%2Fwww.lefigaro.fr%2Finternational%2Femmanuel-macron-mise-sur-le-non-alignement-de-l-indonesie-de-plus-en-plus-attiree-par-la-chine-20250527\" data-js-gtm=\"{&quot;customCategorie&quot;: &quot;conversion&quot;, &quot;customAction&quot;: &quot;before_Landing_Connexion_paywall_auto&quot;, &quot;customLabel&quot;: &quot;bGVmaWdhcm8uZnJfXzFmMDNiMGMxLTZmZGItNmFmYy04ZTZlLTY3ZTU2MjgzZjBlMl9fQXJ0aWNsZQ==_Emmanuel Macron mise sur le non-alignement de l\u2019Indon\u00e9sie, de plus en plus attir\u00e9e par la Chine_401&quot;, &quot;customIDSPE&quot;: &quot;bGVmaWdhcm8uZnJfXzFmMDNiMGMxLTZmZGItNmFmYy04ZTZlLTY3ZTU2MjgzZjBlMl9fQXJ0aWNsZQ==&quot;, &quot;event&quot;: &quot;customEventSPE&quot;}\" rel=\"nofollow noopener\" target=\"_blank\"><br \/>\n                    Connectez-vous<br \/>\n                <\/a>\n            <\/p>\n","protected":false},"excerpt":{"rendered":"D\u00c9CRYPTAGE &#8211; Le pr\u00e9sident fran\u00e7ais est arriv\u00e9 \u00e0 Jakarta pour \u00e9largir un partenariat ancr\u00e9 dans la d\u00e9fense avec&hellip;\n","protected":false},"author":2,"featured_media":133403,"comment_status":"","ping_status":"","sticky":false,"template":"","format":"standard","meta":{"footnotes":""},"categories":[5],"tags":[259,11,260,6060,309,75,1011,27,25902,14,261,12,262,951,28],"class_list":{"0":"post-133402","1":"post","2":"type-post","3":"status-publish","4":"format-standard","5":"has-post-thumbnail","7":"category-international","8":"tag-actualite-internationale","9":"tag-actualites","10":"tag-affaires-etrangeres","11":"tag-asie","12":"tag-chine","13":"tag-donald-trump","14":"tag-fr","15":"tag-france","16":"tag-indonesie","17":"tag-international","18":"tag-ministere-des-affaires-etrangeres","19":"tag-news","20":"tag-politique-etrangere","21":"tag-vietnam","22":"tag-world"},"share_on_mastodon":{"url":"https:\/\/pubeurope.com\/@fr\/114583531934996046","error":""},"_links":{"self":[{"href":"https:\/\/www.europesays.com\/fr\/wp-json\/wp\/v2\/posts\/133402","targetHints":{"allow":["GET"]}}],"collection":[{"href":"https:\/\/www.europesays.com\/fr\/wp-json\/wp\/v2\/posts"}],"about":[{"href":"https:\/\/www.europesays.com\/fr\/wp-json\/wp\/v2\/types\/post"}],"author":[{"embeddable":true,"href":"https:\/\/www.europesays.com\/fr\/wp-json\/wp\/v2\/users\/2"}],"replies":[{"embeddable":true,"href":"https:\/\/www.europesays.com\/fr\/wp-json\/wp\/v2\/comments?post=133402"}],"version-history":[{"count":0,"href":"https:\/\/www.europesays.com\/fr\/wp-json\/wp\/v2\/posts\/133402\/revisions"}],"wp:featuredmedia":[{"embeddable":true,"href":"https:\/\/www.europesays.com\/fr\/wp-json\/wp\/v2\/media\/133403"}],"wp:attachment":[{"href":"https:\/\/www.europesays.com\/fr\/wp-json\/wp\/v2\/media?parent=133402"}],"wp:term":[{"taxonomy":"category","embeddable":true,"href":"https:\/\/www.europesays.com\/fr\/wp-json\/wp\/v2\/categories?post=133402"},{"taxonomy":"post_tag","embeddable":true,"href":"https:\/\/www.europesays.com\/fr\/wp-json\/wp\/v2\/tags?post=133402"}],"curies":[{"name":"wp","href":"https:\/\/api.w.org\/{rel}","templated":true}]}}