{"id":133406,"date":"2025-05-28T04:19:12","date_gmt":"2025-05-28T04:19:12","guid":{"rendered":"https:\/\/www.europesays.com\/fr\/133406\/"},"modified":"2025-05-28T04:19:12","modified_gmt":"2025-05-28T04:19:12","slug":"dans-le-var-une-chauffeuse-de-taxi-poursuivie-pour-escroquerie-et-blanchiment-liberation","status":"publish","type":"post","link":"https:\/\/www.europesays.com\/fr\/133406\/","title":{"rendered":"dans le Var, une chauffeuse de taxi poursuivie pour escroquerie et blanchiment \u2013 Lib\u00e9ration"},"content":{"rendered":"<p class=\"sc-ksZaOG ehjQrN text-element\">Un patient en radioth\u00e9rapie attendait son transport sanitaire. Il faudra trouver un autre taxi pour rejoindre le centre de soin ce jour d\u2019ao\u00fbt\u00a02024. Sa chauffeuse doit stopper ses courses. V\u00e9ronique B., qui \u00abpasse tout [son] temps sur la route\u00bb, est en garde \u00e0 vue. La justice lui reproche deux infractions\u00a0: escroquerie et blanchiment. Entre\u00a02019 et\u00a02024, elle aurait produit de faux bons de transport et fait de fausses d\u00e9clarations pour obtenir le paiement de prestations non effectu\u00e9es. Des \u00abman\u0153uvres\u00bb \u00e0 l\u2019origine du d\u00e9tournement de 2,3\u00a0millions d\u2019euros aupr\u00e8s de six organismes de protection sociale. Ces sommes auraient fini sur un compte \u00e0 l\u2019\u00e9tranger, dans l\u2019achat d\u2019un v\u00e9hicule \u00e0 une amie, d\u2019un appartement \u00e0 sa fille et dans une salle de sport. \u00abJe n\u2019ai pas voulu escroquer quoi que ce soit\u00bb, se d\u00e9fend V\u00e9ronique B. ce mardi 27\u00a0mai apr\u00e8s-midi, devant le tribunal correctionnel de Draguignan (Var). La procureur requiert trois\u00a0ans d\u2019emprisonnement avec mandat de d\u00e9p\u00f4t et une interdiction d\u00e9finitive de transport sanitaire.<\/p>\n<p class=\"sc-ksZaOG ehjQrN text-element\">V\u00e9ronique B. passe une vie au volant dans le Var. Apr\u00e8s dix-sept\u00a0ans de carri\u00e8re en ambulance, elle se met \u00e0 son compte. La quinquag\u00e9naire se retrouve \u00e0 la t\u00eate d\u2019une entreprise de six employ\u00e9s et cinq licences qui g\u00e9n\u00e8rent entre 150 et 200 courses par semaine. Parfois, le transport est sanitaire \u2013 qui fait d\u2019ailleurs, hasard du calendrier, <a href=\"https:\/\/www.liberation.fr\/politique\/face-aux-chauffeur&lt;\/p&gt;&lt;\/div&gt;&lt;\/article&gt;&lt;\/div&gt;&lt;div data-fusion-lazy-id=\" f0f8vgvlad832fw=\"\" target=\"_blank\" rel=\"noopener\"><\/p>\n","protected":false},"excerpt":{"rendered":"Un patient en radioth\u00e9rapie attendait son transport sanitaire. Il faudra trouver un autre taxi pour rejoindre le centre&hellip;\n","protected":false},"author":2,"featured_media":133407,"comment_status":"","ping_status":"","sticky":false,"template":"","format":"standard","meta":{"footnotes":""},"categories":[2],"tags":[11,732,1011,27,12],"class_list":{"0":"post-133406","1":"post","2":"type-post","3":"status-publish","4":"format-standard","5":"has-post-thumbnail","7":"category-actualites","8":"tag-actualites","9":"tag-assurance-maladie","10":"tag-fr","11":"tag-france","12":"tag-news"},"share_on_mastodon":{"url":"https:\/\/pubeurope.com\/@fr\/114583539762248446","error":""},"_links":{"self":[{"href":"https:\/\/www.europesays.com\/fr\/wp-json\/wp\/v2\/posts\/133406","targetHints":{"allow":["GET"]}}],"collection":[{"href":"https:\/\/www.europesays.com\/fr\/wp-json\/wp\/v2\/posts"}],"about":[{"href":"https:\/\/www.europesays.com\/fr\/wp-json\/wp\/v2\/types\/post"}],"author":[{"embeddable":true,"href":"https:\/\/www.europesays.com\/fr\/wp-json\/wp\/v2\/users\/2"}],"replies":[{"embeddable":true,"href":"https:\/\/www.europesays.com\/fr\/wp-json\/wp\/v2\/comments?post=133406"}],"version-history":[{"count":0,"href":"https:\/\/www.europesays.com\/fr\/wp-json\/wp\/v2\/posts\/133406\/revisions"}],"wp:featuredmedia":[{"embeddable":true,"href":"https:\/\/www.europesays.com\/fr\/wp-json\/wp\/v2\/media\/133407"}],"wp:attachment":[{"href":"https:\/\/www.europesays.com\/fr\/wp-json\/wp\/v2\/media?parent=133406"}],"wp:term":[{"taxonomy":"category","embeddable":true,"href":"https:\/\/www.europesays.com\/fr\/wp-json\/wp\/v2\/categories?post=133406"},{"taxonomy":"post_tag","embeddable":true,"href":"https:\/\/www.europesays.com\/fr\/wp-json\/wp\/v2\/tags?post=133406"}],"curies":[{"name":"wp","href":"https:\/\/api.w.org\/{rel}","templated":true}]}}