{"id":133408,"date":"2025-05-28T04:20:10","date_gmt":"2025-05-28T04:20:10","guid":{"rendered":"https:\/\/www.europesays.com\/fr\/133408\/"},"modified":"2025-05-28T04:20:10","modified_gmt":"2025-05-28T04:20:10","slug":"loire-cette-association-dexpatries-stephanois-veut-en-finir-avec-les-cliches-sur-la-ville","status":"publish","type":"post","link":"https:\/\/www.europesays.com\/fr\/133408\/","title":{"rendered":"Loire. Cette association d\u2019expatri\u00e9s st\u00e9phanois veut en finir avec les clich\u00e9s sur la ville"},"content":{"rendered":"<p>\u00ab\u00a0Quand je dis que je viens de Saint-\u00c9tienne, j\u2019ai rarement entendu \u201cAh, c\u2019est g\u00e9nial\u201d\u00a0\u00bb, reconna\u00eet Marie Duverne Hanachowicz. Cette avocate bas\u00e9e aujourd\u2019hui \u00e0 Paris est n\u00e9e \u00e0 Saint-\u00c9tienne, y a pass\u00e9 son enfance, ses premi\u00e8res ann\u00e9es d\u2019\u00e9tudes sup\u00e9rieures, avant de partir \u00e0 Lyon, puis Paris.<\/p>\n<p>Aujourd\u2019hui, depuis la capitale, elle continue de garder un lien avec sa ville natale et travaille surtout \u00e0 casser l\u2019image n\u00e9gative dont elle souffre. \u00ab\u00a0Une ville de mineur, un accent horrible\u2026 c\u2019est la caricature que j\u2019ai entendue toute ma vie et \u00e7a me gonfle\u00a0!\u00a0\u00bb<\/p>\n<p>Avec d\u2019autres compatriotes lig\u00e9riens, elle a donc cr\u00e9\u00e9, au mois d\u2019avril, l\u2019association des Ambassadeurs st\u00e9phanois, dont elle assure la copr\u00e9sidence avec Camille Brodhag. Mais l\u2019histoire a commenc\u00e9 il y a plus longtemps que \u00e7a.<\/p>\n<p>Du positif, rien que du positif sur la ville<\/p>\n<p>\u00ab\u00a0Quand je suis arriv\u00e9e \u00e0 Paris il y a moins de deux ans, je me suis rapproch\u00e9e de l\u2019association St\u00e9phanois de Paris. Avec Camille&#8230;<\/p>\n","protected":false},"excerpt":{"rendered":"\u00ab\u00a0Quand je dis que je viens de Saint-\u00c9tienne, j\u2019ai rarement entendu \u201cAh, c\u2019est g\u00e9nial\u201d\u00a0\u00bb, reconna\u00eet Marie Duverne Hanachowicz.&hellip;\n","protected":false},"author":2,"featured_media":133409,"comment_status":"","ping_status":"","sticky":false,"template":"","format":"standard","meta":{"footnotes":""},"categories":[9653],"tags":[1111,11,2430,7539,1777,674,1011,27,3367,12,25,4001,7538,104,1631],"class_list":{"0":"post-133408","1":"post","2":"type-post","3":"status-publish","4":"format-standard","5":"has-post-thumbnail","7":"category-saint-etienne","8":"tag-actu","9":"tag-actualites","10":"tag-auvergne-rhone-alpes","11":"tag-edition-loire-sud","12":"tag-eu","13":"tag-europe","14":"tag-fr","15":"tag-france","16":"tag-loire","17":"tag-news","18":"tag-republique-francaise","19":"tag-saint-etienne","20":"tag-saint-etienne-ville","21":"tag-societe","22":"tag-vie-associative"},"share_on_mastodon":{"url":"https:\/\/pubeurope.com\/@fr\/114583543699285991","error":""},"_links":{"self":[{"href":"https:\/\/www.europesays.com\/fr\/wp-json\/wp\/v2\/posts\/133408","targetHints":{"allow":["GET"]}}],"collection":[{"href":"https:\/\/www.europesays.com\/fr\/wp-json\/wp\/v2\/posts"}],"about":[{"href":"https:\/\/www.europesays.com\/fr\/wp-json\/wp\/v2\/types\/post"}],"author":[{"embeddable":true,"href":"https:\/\/www.europesays.com\/fr\/wp-json\/wp\/v2\/users\/2"}],"replies":[{"embeddable":true,"href":"https:\/\/www.europesays.com\/fr\/wp-json\/wp\/v2\/comments?post=133408"}],"version-history":[{"count":0,"href":"https:\/\/www.europesays.com\/fr\/wp-json\/wp\/v2\/posts\/133408\/revisions"}],"wp:featuredmedia":[{"embeddable":true,"href":"https:\/\/www.europesays.com\/fr\/wp-json\/wp\/v2\/media\/133409"}],"wp:attachment":[{"href":"https:\/\/www.europesays.com\/fr\/wp-json\/wp\/v2\/media?parent=133408"}],"wp:term":[{"taxonomy":"category","embeddable":true,"href":"https:\/\/www.europesays.com\/fr\/wp-json\/wp\/v2\/categories?post=133408"},{"taxonomy":"post_tag","embeddable":true,"href":"https:\/\/www.europesays.com\/fr\/wp-json\/wp\/v2\/tags?post=133408"}],"curies":[{"name":"wp","href":"https:\/\/api.w.org\/{rel}","templated":true}]}}