{"id":133410,"date":"2025-05-28T04:21:09","date_gmt":"2025-05-28T04:21:09","guid":{"rendered":"https:\/\/www.europesays.com\/fr\/133410\/"},"modified":"2025-05-28T04:21:09","modified_gmt":"2025-05-28T04:21:09","slug":"saint-etienne-elle-denonce-des-violences-policieres-et-se-retrouve-poursuivie-pour-denonciation-mensongere","status":"publish","type":"post","link":"https:\/\/www.europesays.com\/fr\/133410\/","title":{"rendered":"Saint-\u00c9tienne. Elle d\u00e9nonce des violences polici\u00e8res et se retrouve poursuivie pour d\u00e9nonciation mensong\u00e8re"},"content":{"rendered":"<p>Elle a port\u00e9 cette d\u00e9nonciation de violences polici\u00e8res jusque devant l\u2019IGPN (Inspection g\u00e9n\u00e9rale de la police nationale). Et elle les maintient, en partie, devant le tribunal correctionnel.<\/p>\n<p>Sauf qu\u2019entre-temps, le parquet n\u2019a pas retenu les violences polici\u00e8res et que, de victime, la sexag\u00e9naire est devenue pr\u00e9venue pour r\u00e9pondre de faits de d\u00e9nonciation mensong\u00e8re et calomnieuse.<\/p>\n<p>Le pr\u00e9sident d\u2019audience rappelle\u00a0: \u00ab\u00a0On est \u00e0 la fin d\u2019une manifestation. Un individu prend \u00e0 partie les policiers et leur jette cinq \u00e0 six bouteilles de bi\u00e8re, des projectiles de verre qui atteignent leur cible. Le lieu est&#8230;<\/p>\n","protected":false},"excerpt":{"rendered":"Elle a port\u00e9 cette d\u00e9nonciation de violences polici\u00e8res jusque devant l\u2019IGPN (Inspection g\u00e9n\u00e9rale de la police nationale). Et&hellip;\n","protected":false},"author":2,"featured_media":133411,"comment_status":"","ping_status":"","sticky":false,"template":"","format":"standard","meta":{"footnotes":""},"categories":[9653],"tags":[1111,11,2430,271,272,7539,1777,674,274,1011,27,3367,12,25,4001,7538],"class_list":{"0":"post-133410","1":"post","2":"type-post","3":"status-publish","4":"format-standard","5":"has-post-thumbnail","7":"category-saint-etienne","8":"tag-actu","9":"tag-actualites","10":"tag-auvergne-rhone-alpes","11":"tag-crime","12":"tag-delit-et-contravention","13":"tag-edition-loire-sud","14":"tag-eu","15":"tag-europe","16":"tag-faits-divers-justice","17":"tag-fr","18":"tag-france","19":"tag-loire","20":"tag-news","21":"tag-republique-francaise","22":"tag-saint-etienne","23":"tag-saint-etienne-ville"},"share_on_mastodon":{"url":"https:\/\/pubeurope.com\/@fr\/114583548086913166","error":""},"_links":{"self":[{"href":"https:\/\/www.europesays.com\/fr\/wp-json\/wp\/v2\/posts\/133410","targetHints":{"allow":["GET"]}}],"collection":[{"href":"https:\/\/www.europesays.com\/fr\/wp-json\/wp\/v2\/posts"}],"about":[{"href":"https:\/\/www.europesays.com\/fr\/wp-json\/wp\/v2\/types\/post"}],"author":[{"embeddable":true,"href":"https:\/\/www.europesays.com\/fr\/wp-json\/wp\/v2\/users\/2"}],"replies":[{"embeddable":true,"href":"https:\/\/www.europesays.com\/fr\/wp-json\/wp\/v2\/comments?post=133410"}],"version-history":[{"count":0,"href":"https:\/\/www.europesays.com\/fr\/wp-json\/wp\/v2\/posts\/133410\/revisions"}],"wp:featuredmedia":[{"embeddable":true,"href":"https:\/\/www.europesays.com\/fr\/wp-json\/wp\/v2\/media\/133411"}],"wp:attachment":[{"href":"https:\/\/www.europesays.com\/fr\/wp-json\/wp\/v2\/media?parent=133410"}],"wp:term":[{"taxonomy":"category","embeddable":true,"href":"https:\/\/www.europesays.com\/fr\/wp-json\/wp\/v2\/categories?post=133410"},{"taxonomy":"post_tag","embeddable":true,"href":"https:\/\/www.europesays.com\/fr\/wp-json\/wp\/v2\/tags?post=133410"}],"curies":[{"name":"wp","href":"https:\/\/api.w.org\/{rel}","templated":true}]}}