{"id":133412,"date":"2025-05-28T04:22:14","date_gmt":"2025-05-28T04:22:14","guid":{"rendered":"https:\/\/www.europesays.com\/fr\/133412\/"},"modified":"2025-05-28T04:22:14","modified_gmt":"2025-05-28T04:22:14","slug":"tout-ce-quil-faut-savoir-sur-les-concerts-les-horaires-les-parkings-la-restauration","status":"publish","type":"post","link":"https:\/\/www.europesays.com\/fr\/133412\/","title":{"rendered":"tout ce qu\u2019il faut savoir sur les concerts, les horaires, les parkings, la restauration"},"content":{"rendered":"<p>  Quand auront lieu les concerts Open Air de 2025\u00a0?<\/p>\n<p><strong> \u25b6 \u2002Vendredi\u00a06, samedi\u00a07 et dimanche 8\u00a0juin \u00e0 17\u00a0h\u00a0:<\/strong> C\u2019est le Heavy week-end.<\/p>\n<p><strong> \u25b6 \u2002Samedi 14\u00a0juin \u00e0 19\u00a0h\u00a0: <\/strong><a href=\"https:\/\/www.estrepublicain.fr\/culture-loisirs\/2024\/12\/05\/nancy-open-air-jean-louis-aubert-et-veronique-sanson-en-plein-air-en-juin-2025\" target=\"_blank\" rel=\"noopener\">Jean-Louis Aubert<\/a> et <a href=\"https:\/\/www.estrepublicain.fr\/culture-loisirs\/2025\/05\/03\/veronique-sanson-j-adore-nancy-je-m-y-sens-tres-bien\" target=\"_blank\" rel=\"noopener\">V\u00e9ronique Sanson<\/a><\/p>\n<p>Entour\u00e9e de ses fid\u00e8les musiciens, <a href=\"https:\/\/www.estrepublicain.fr\/p\/veronique-sanson\" target=\"_blank\" rel=\"noopener\">V\u00e9ronique Sanson<\/a> pr\u00e9sentera son nouveau show, pour vous faire revivre ses plus grands classiques.<\/p>\n<p>Apr\u00e8s une tourn\u00e9e en solo, <a href=\"https:\/\/www.estrepublicain.fr\/p\/jean-louis-aubert\" target=\"_blank\" rel=\"noopener\">Jean-Louis Aubert<\/a> fait son grand retour avec son groupe pour une aventure musicale in\u00e9dite Pafinitour, depuis ses titres iconiques, qui ont marqu\u00e9 plusieurs g\u00e9n\u00e9rations, jusqu\u2019aux tr\u00e9sors plus m\u00e9connus.<\/p>\n<ul class=\"galerieContent carousel-wrapper__slides\" id=\"4d87d7b1-1a61-4f58-99e7-d6ceec0ffc1c\">        &#13;<\/p>\n<li class=\"carousel-wrapper__slides--slide item\" id=\"slide-1\">&#13;<br \/>\n                                    &#13;<br \/>\n                        <a class=\"chocolat-image GA-tracking\" data-ga_type=\"click\" data-ga_category=\"D\u00e9tail\" data-ga_action=\"zoomer\" data-ga_label=\"aggrandir image\" href=\"https:\/\/cdn-s-www.estrepublicain.fr\/images\/1f5e871f-383f-4ffb-a2d3-423f0f718367\/NW_raw\/jean-louis-aubert-photo-karim-siari-1748363618.jpg\" title=\"Jean-Louis Aubert. Photo Karim Siari\" target=\"_blank\" rel=\"noopener\">&#13;<br \/>\n                            <img decoding=\"async\" src=\"https:\/\/www.europesays.com\/fr\/wp-content\/uploads\/2025\/05\/jean-louis-aubert-photo-karim-siari-1748363618.jpg\"   alt=\"Jean-Louis Aubert. Photo Karim Siari\" fetchpriority=\"high\" data-mobile=\"NW_listA_M|1748363618\" data-base=\"NW_listA|1748363618\"\/>&#13;<br \/>\n                        <\/a>&#13;<\/p>\n<p> Jean-Louis Aubert. Photo Karim Siari <\/p>\n<p>                        &#13;<br \/>\n                                           &#13;\n                <\/li>\n<p>&#13;<br \/>\n            &#13;<\/p>\n<li class=\"carousel-wrapper__slides--slide item slideWithPub\" id=\"slide-2\">&#13;<br \/>\n                        &#13;<br \/>\n                            <a class=\"chocolat-image\" title=\"Publicit\u00e9\" href=\"data:image\/gif;base64,R0lGODlhAQABAAD\/ACwAAAAAAQABAAACADs=\">&#13;<br \/>\n                                <img decoding=\"async\" src=\"data:image\/gif;base64,R0lGODlhAQABAAD\/ACwAAAAAAQABAAACADs=\" alt=\"Publicit\u00e9\" loading=\"lazy\" fetchpriority=\"low\"\/>&#13;<br \/>\n                            <\/a>&#13;<br \/>\n                        &#13;\n                    <\/li>\n<p>&#13;<\/p>\n<li class=\"carousel-wrapper__slides--slide item\" id=\"slide-3\">&#13;<br \/>\n                                    &#13;<br \/>\n                        <a class=\"chocolat-image GA-tracking\" data-ga_type=\"click\" data-ga_category=\"D\u00e9tail\" data-ga_action=\"zoomer\" data-ga_label=\"aggrandir image\" href=\"https:\/\/cdn-s-www.estrepublicain.fr\/images\/24dee787-1036-4414-a403-a4912f180cdd\/NW_raw\/veronique-sanson-photo-carpentier-agency-1748363618.jpg\" title=\"V\u00e9ronique Sanson. \u00a0 Photo Carpentier Agency\" target=\"_blank\" rel=\"noopener\">&#13;<br \/>\n                            <img decoding=\"async\" src=\"https:\/\/www.europesays.com\/fr\/wp-content\/uploads\/2025\/05\/veronique-sanson-photo-carpentier-agency-1748363618.jpg\"   alt=\"V\u00e9ronique Sanson. \u00a0 Photo Carpentier Agency\" loading=\"lazy\" fetchpriority=\"low\" data-mobile=\"NW_listA_M|1748363618\" data-base=\"NW_listA|1748363618\"\/>&#13;<br \/>\n                        <\/a>&#13;<\/p>\n<p> V\u00e9ronique Sanson. \u00a0 Photo Carpentier Agency <\/p>\n<p>                        &#13;<br \/>\n                                           &#13;\n                <\/li>\n<p>&#13;<br \/>\n            &#13;\n                <\/ul>\n<p><strong> \u25b6 \u2002Samedi 28\u00a0juin \u00e0 20\u00a0h\u00a0: <\/strong> <a href=\"https:\/\/www.estrepublicain.fr\/p\/artus\" target=\"_blank\" rel=\"noopener\">Artus<\/a><\/p>\n<p>Apr\u00e8s le triomphe du <a href=\"https:\/\/www.estrepublicain.fr\/culture-loisirs\/2025\/01\/06\/apres-le-carton-du-film-un-p-tit-truc-en-plus-artus-lance-sa-tournee-a-l-axone\" target=\"_blank\" rel=\"noopener\">film Un p\u2019tit truc en plus,<\/a> Artus revient pour un one man show avec des invit\u00e9s.<\/p>\n<p><strong> \u25b6 \u2002Samedi 5\u00a0juillet \u00e0 19\u00a0h\u00a0:<\/strong> <a href=\"https:\/\/www.estrepublicain.fr\/p\/soprano\" target=\"_blank\" rel=\"noopener\">Soprano<\/a> et <a href=\"https:\/\/www.estrepublicain.fr\/p\/kendji-girac\" target=\"_blank\" rel=\"noopener\">Kendji Girac<\/a><\/p>\n<p>Kendji Girac, l\u2019artiste aux plus de 6\u00a0millions d\u2019albums vendus et plus de 2\u00a0millions de spectateurs, partagera ses souvenirs m\u00e9morables et de nouveaux instants magiques.<\/p>\n<p>Apr\u00e8s sa tourn\u00e9e Chasseur d\u2019\u00e9toiles , Soprano revient avec le Freedom tour.<\/p>\n<ul class=\"galerieContent carousel-wrapper__slides\" id=\"dbce561d-3974-4b99-9452-881c8b037632\">        &#13;<\/p>\n<li class=\"carousel-wrapper__slides--slide item\" id=\"slide-1\">&#13;<br \/>\n                                    &#13;<br \/>\n                        <a class=\"chocolat-image GA-tracking\" data-ga_type=\"click\" data-ga_category=\"D\u00e9tail\" data-ga_action=\"zoomer\" data-ga_label=\"aggrandir image\" href=\"https:\/\/cdn-s-www.estrepublicain.fr\/images\/95ca8332-8073-47f5-9b13-fb6433082f64\/NW_raw\/l-acteur-et-humoriste-artus-photo-jerome-humbrecht-1748363618.jpg\" title=\"L\u2019acteur et humoriste Artus. \u00a0 Photo Jerome Humbrecht\" target=\"_blank\" rel=\"noopener\">&#13;<br \/>\n                            <img decoding=\"async\" src=\"https:\/\/www.europesays.com\/fr\/wp-content\/uploads\/2025\/05\/l-acteur-et-humoriste-artus-photo-jerome-humbrecht-1748363618.jpg\"   alt=\"L\u2019acteur et humoriste Artus. \u00a0 Photo Jerome Humbrecht\" fetchpriority=\"high\" data-mobile=\"NW_listA_M|1748363618\" data-base=\"NW_listA|1748363618\"\/>&#13;<br \/>\n                        <\/a>&#13;<\/p>\n<p> L\u2019acteur et humoriste Artus. \u00a0 Photo Jerome Humbrecht <\/p>\n<p>                        &#13;<br \/>\n                                           &#13;\n                <\/li>\n<p>&#13;<br \/>\n            &#13;<\/p>\n<li class=\"carousel-wrapper__slides--slide item slideWithPub\" id=\"slide-2\">&#13;<br \/>\n                        &#13;<br \/>\n                            <a class=\"chocolat-image\" title=\"Publicit\u00e9\" href=\"data:image\/gif;base64,R0lGODlhAQABAAD\/ACwAAAAAAQABAAACADs=\">&#13;<br \/>\n                                <img decoding=\"async\" src=\"data:image\/gif;base64,R0lGODlhAQABAAD\/ACwAAAAAAQABAAACADs=\" alt=\"Publicit\u00e9\" loading=\"lazy\" fetchpriority=\"low\"\/>&#13;<br \/>\n                            <\/a>&#13;<br \/>\n                        &#13;\n                    <\/li>\n<p>&#13;<\/p>\n<li class=\"carousel-wrapper__slides--slide item\" id=\"slide-3\">&#13;<br \/>\n                                    &#13;<br \/>\n                        <a class=\"chocolat-image GA-tracking\" data-ga_type=\"click\" data-ga_category=\"D\u00e9tail\" data-ga_action=\"zoomer\" data-ga_label=\"aggrandir image\" href=\"https:\/\/cdn-s-www.estrepublicain.fr\/images\/3690ae1c-6407-4ab6-b2cc-3df8e4f3c0f0\/NW_raw\/le-chanteur-et-guitariste-francais-kenji-girac-(de-son-vrai-nom-kendji-maille)-photo-alexandre-marchi-1748363618.jpg\" title=\"Le chanteur et guitariste fran\u00e7ais Kenji Girac (de son vrai nom Kendji Maill\u00e9). \u00a0 Photo Alexandre Marchi\" target=\"_blank\" rel=\"noopener\">&#13;<br \/>\n                            <img decoding=\"async\" src=\"https:\/\/www.europesays.com\/fr\/wp-content\/uploads\/2025\/05\/le-chanteur-et-guitariste-francais-kenji-girac-(de-son-vrai-nom-kendji-maille)-photo-alexandre-march.jpeg\"   alt=\"Le chanteur et guitariste fran\u00e7ais Kenji Girac (de son vrai nom Kendji Maill\u00e9). \u00a0 Photo Alexandre Marchi\" loading=\"lazy\" fetchpriority=\"low\" data-mobile=\"NW_listA_M|1748363618\" data-base=\"NW_listA|1748363618\"\/>&#13;<br \/>\n                        <\/a>&#13;<\/p>\n<p> Le chanteur et guitariste fran\u00e7ais Kenji Girac (de son vrai nom Kendji Maill\u00e9). \u00a0 Photo Alexandre Marchi <\/p>\n<p>                        &#13;<br \/>\n                                           &#13;\n                <\/li>\n<p>&#13;<br \/>\n            &#13;<\/p>\n<li class=\"carousel-wrapper__slides--slide item\" id=\"slide-4\">&#13;<br \/>\n                                    &#13;<br \/>\n                        <a class=\"chocolat-image GA-tracking\" data-ga_type=\"click\" data-ga_category=\"D\u00e9tail\" data-ga_action=\"zoomer\" data-ga_label=\"aggrandir image\" href=\"https:\/\/cdn-s-www.estrepublicain.fr\/images\/9e0c4c2f-f919-4644-ae95-d727bd6507cb\/NW_raw\/le-rappeur-chanteur-et-compositeur-francais-soprano-de-son-vrai-nom-said-m-roumbaba-photo-alexandre-marchi-1748363618.jpg\" title=\"Le rappeur, chanteur et compositeur fran\u00e7ais Soprano, de son vrai nom Sa\u00efd M\u2019Roumbaba. \u00a0 Photo Alexandre Marchi\" target=\"_blank\" rel=\"noopener\">&#13;<br \/>\n                            <img decoding=\"async\" src=\"https:\/\/www.europesays.com\/fr\/wp-content\/uploads\/2025\/05\/le-rappeur-chanteur-et-compositeur-francais-soprano-de-son-vrai-nom-said-m-roumbaba-photo-alexandre-.jpeg\"   alt=\"Le rappeur, chanteur et compositeur fran\u00e7ais Soprano, de son vrai nom Sa\u00efd M\u2019Roumbaba. \u00a0 Photo Alexandre Marchi\" loading=\"lazy\" fetchpriority=\"low\" data-mobile=\"NW_listA_M|1748363618\" data-base=\"NW_listA|1748363618\"\/>&#13;<br \/>\n                        <\/a>&#13;<\/p>\n<p> Le rappeur, chanteur et compositeur fran\u00e7ais Soprano, de son vrai nom Sa\u00efd M\u2019Roumbaba. \u00a0 Photo Alexandre Marchi <\/p>\n<p>                        &#13;<br \/>\n                                           &#13;\n                <\/li>\n<p>&#13;<br \/>\n            &#13;\n                <\/ul>\n<p>  Quel est le programme du Heavy week-end\u00a0? <\/p>\n<p><strong>L\u2019ouverture des portes aura lieu chaque jour \u00e0 16\u00a0h.<\/strong><\/p>\n<p><strong> \u25b6 \u2002Vendredi 6\u00a0juin\u00a0:<\/strong><\/p>\n<p><strong>17\u00a0h\u00a030\u00a0: <\/strong><strong> Vandenberg <\/strong><\/p>\n<p><strong>18\u00a0h\u00a030\u00a0:<\/strong> Battle Beast<\/p>\n<p><strong>20\u00a0h\u00a0:<\/strong> Saxon<\/p>\n<p><strong>22\u00a0h\u00a0: <\/strong> Powerwolf<\/p>\n<p> \u25b6 \u2002Samedi 7 \u00a0 juin \u00a0 : <\/p>\n<p><strong>17\u00a0h\u00a030\u00a0:<\/strong> Wing of Steel<\/p>\n<p><strong>18\u00a0h\u00a030\u00a0:<\/strong> Vanden Plas<\/p>\n<p><strong>20\u00a0h\u00a0:<\/strong> Europe<\/p>\n<p><strong>22\u00a0h\u00a0:<\/strong><a href=\"https:\/\/www.estrepublicain.fr\/culture-loisirs\/2025\/01\/14\/mike-portnoy-de-dream-theater-aller-voir-nos-fans-partout-dans-le-monde\" target=\"_blank\" rel=\"noopener\">Dream Theater<\/a><\/p>\n<p><strong> \u25b6 \u2002Dimanche 8\u00a0juin\u00a0:<\/strong><\/p>\n<p>17\u00a0h\u00a030\u00a0: Nothing More<\/p>\n<p>18\u00a0h\u00a030\u00a0: <a href=\"https:\/\/www.estrepublicain.fr\/culture-loisirs\/2024\/04\/30\/un-petit-avant-gout-du-hellfest-a-l-axone-de-montbeliard\" target=\"_blank\" rel=\"noopener\">Rise of the Northstar<\/a><\/p>\n<p>20\u00a0h\u00a0: <a href=\"https:\/\/www.estrepublicain.fr\/culture-loisirs\/2025\/05\/07\/yann-heurtaux-de-mass-hysteria-nancy-c-est-toujours-un-super-accueil\" target=\"_blank\" rel=\"noopener\">Mass Hysteria<\/a><\/p>\n<p>22\u00a0h\u00a0: <a href=\"https:\/\/www.estrepublicain.fr\/culture-loisirs\/2024\/11\/04\/slipknot-premier-nom-annonce-pour-le-heavy-week-end-en-2025-au-zenith\" target=\"_blank\" rel=\"noopener\">Slipknot<\/a><\/p>\n<p>Le Z\u00e9nith de Nancy-Max\u00e9ville compte 2\u00a0500 places gratuites de parking aux abords du site. Pas tr\u00e8s loin, le parking du palais des sports Jean-Weille de Gentilly poss\u00e8de 800 places environ.<\/p>\n<p>Les bords de route ou les terre-pleins situ\u00e9s autour du site du Z\u00e9nith sont souvent occup\u00e9s par les automobilistes spectateurs les soirs de concerts alors prudence pour acc\u00e9der au site car la circulation n\u2019est pas coup\u00e9e.<\/p>\n<p>  Comment venir en bus\u00a0?<\/p>\n<p> \u25b6 \u2002Le r\u00e9seau Stan, avec la direction du Z\u00e9nith, met en place, avant et apr\u00e8s chaque concert ou spectacle, des navettes sp\u00e9ciales. Elles partent du centre-ville, arr\u00eat Joffre-Gare.\u00a0Un cheminement pi\u00e9ton permet de rejoindre le Z\u00e9nith en 8 minutes depuis la zone de d\u00e9pose. Le retour se fait depuis le m\u00eame endroit.<\/p>\n<p> \u25b6 \u2002Deux lignes r\u00e9guli\u00e8res du r\u00e9seau Stan circulent aussi \u00e0 proximit\u00e9 du Z\u00e9nith\u00a0:<\/p>\n<p>Tempo 2, en direction de \u00ab\u00a0Laxou Sapini\u00e8re\u00a0\u00bb, descendre \u00e0 l\u2019arr\u00eat \u00ab\u00a0Tilleul Argent\u00e9\u00a0\u00bb et marcher environ 20 minutes.<\/p>\n<p>Ligne 13, en direction de Max\u00e9ville Ecoparc, descendre \u00e0 l\u2019arr\u00eat \u00ab\u00a0Z\u00e9nith\u00a0\u00bb et marcher 5 minutes.<\/p>\n<p>  Comment venir venir \u00e0 pied\u00a0? \u00c0 v\u00e9lo\u00a0?<\/p>\n<p>Pour arriver sur le site \u00e0 pied, deux moyens\u00a0: l\u2019entr\u00e9e principale et un nouvel acc\u00e8s pi\u00e9ton, ouvert depuis 2023 pr\u00e8s du pont de l\u2019<a href=\"https:\/\/www.estrepublicain.fr\/p\/autoroute-a31\" target=\"_blank\" rel=\"noopener\">A31<\/a>, en face du croisement de la rue de la R\u00e9publique et la rue Blaise-Pascal \u00e0 Max\u00e9ville, en contrebas des concessionnaires autos Saint-Christophe. \u00ab\u00a0C\u2019est un nouveau chemin pi\u00e9tonnier, \u00e9clair\u00e9 et s\u00e9curis\u00e9, qui permet de se rendre confortablement sur le site des concerts en 5 minutes\u00a0\u00bb, rassure la direction du Z\u00e9nith.<\/p>\n<p>\u00c0 v\u00e9lo, il est possible de stationner son v\u00e9lo pr\u00e8s de l\u2019entr\u00e9e. Pour ceux qui ne veulent pas monter, il est possible parfois de mettre son v\u00e9lo dans les lignes de bus r\u00e9guli\u00e8res.<\/p>\n<p>  Quelles sont les possibilit\u00e9s pour les personnes en situation de handicap\u00a0?<\/p>\n<p>Handistan, un service de transport destin\u00e9 aux personnes en fauteuil roulant, invalides ou non voyantes, est accessible avec tous les titres de transport Stan. R\u00e9servations\/renseignements\u00a0: 03\u00a083\u00a051\u00a005\u00a043 de 7\u00a0h \u00e0 17\u00a0h\u00a045 du lundi au vendredi.<\/p>\n<p>  Est-il possible de se restaurer sur place\u00a0?<\/p>\n<p>Sur le site du Nancy Open Air, pass\u00e9 les fouilles et les contr\u00f4les billet, de nombreux bars et food trucks sont \u00e0 disposition.<\/p>\n<p>\u00ab\u00a0Restauration diversifi\u00e9e sur site disponible mais \u00e9galement en journ\u00e9e aux abords du site. Nos bars serviront en journ\u00e9e pour hydrater le public, ils sont accessibles d\u00e8s 18\u00a0h. Plusieurs offres disponibles dont un bar \u00e0 cocktail\u00a0\u00bb, pr\u00e9cise la direction du Z\u00e9nith.<\/p>\n<p>  Quelques conseils pour bien profiter de votre concert<\/p>\n<p>Prenez un chapeau ou une casquette.<\/p>\n<p>Faire preuve de patience \u00e0 la fin du concert et \u00e0 la sortie du Z\u00e9nith.<\/p>\n<p>\u00c9quipez-vous de bonnes chaussures.<\/p>\n","protected":false},"excerpt":{"rendered":"Quand auront lieu les concerts Open Air de 2025\u00a0? \u25b6 \u2002Vendredi\u00a06, samedi\u00a07 et dimanche 8\u00a0juin \u00e0 17\u00a0h\u00a0: C\u2019est&hellip;\n","protected":false},"author":2,"featured_media":133413,"comment_status":"","ping_status":"","sticky":false,"template":"","format":"standard","meta":{"footnotes":""},"categories":[9635],"tags":[1111,11,1687,3602,1707,1704,1706,1705,10174,1777,674,1011,27,775,873,1702,1703,12,25],"class_list":{"0":"post-133412","1":"post","2":"type-post","3":"status-publish","4":"format-standard","5":"has-post-thumbnail","7":"category-nancy","8":"tag-actu","9":"tag-actualites","10":"tag-culture-loisirs","11":"tag-edition-bar-le-duc","12":"tag-edition-luneville","13":"tag-edition-nancy-et-agglomeration","14":"tag-edition-pont-a-mousson","15":"tag-edition-toul","16":"tag-edition-verdun","17":"tag-eu","18":"tag-europe","19":"tag-fr","20":"tag-france","21":"tag-grand-est","22":"tag-musique","23":"tag-nancy","24":"tag-nancy-ville-54b","25":"tag-news","26":"tag-republique-francaise"},"share_on_mastodon":{"url":"https:\/\/pubeurope.com\/@fr\/114583551830320605","error":""},"_links":{"self":[{"href":"https:\/\/www.europesays.com\/fr\/wp-json\/wp\/v2\/posts\/133412","targetHints":{"allow":["GET"]}}],"collection":[{"href":"https:\/\/www.europesays.com\/fr\/wp-json\/wp\/v2\/posts"}],"about":[{"href":"https:\/\/www.europesays.com\/fr\/wp-json\/wp\/v2\/types\/post"}],"author":[{"embeddable":true,"href":"https:\/\/www.europesays.com\/fr\/wp-json\/wp\/v2\/users\/2"}],"replies":[{"embeddable":true,"href":"https:\/\/www.europesays.com\/fr\/wp-json\/wp\/v2\/comments?post=133412"}],"version-history":[{"count":0,"href":"https:\/\/www.europesays.com\/fr\/wp-json\/wp\/v2\/posts\/133412\/revisions"}],"wp:featuredmedia":[{"embeddable":true,"href":"https:\/\/www.europesays.com\/fr\/wp-json\/wp\/v2\/media\/133413"}],"wp:attachment":[{"href":"https:\/\/www.europesays.com\/fr\/wp-json\/wp\/v2\/media?parent=133412"}],"wp:term":[{"taxonomy":"category","embeddable":true,"href":"https:\/\/www.europesays.com\/fr\/wp-json\/wp\/v2\/categories?post=133412"},{"taxonomy":"post_tag","embeddable":true,"href":"https:\/\/www.europesays.com\/fr\/wp-json\/wp\/v2\/tags?post=133412"}],"curies":[{"name":"wp","href":"https:\/\/api.w.org\/{rel}","templated":true}]}}