{"id":133414,"date":"2025-05-28T04:23:10","date_gmt":"2025-05-28T04:23:10","guid":{"rendered":"https:\/\/www.europesays.com\/fr\/133414\/"},"modified":"2025-05-28T04:23:10","modified_gmt":"2025-05-28T04:23:10","slug":"trente-ans-de-prison-pour-lassassinat-dun-octogenaire-qui-occupait-son-appartement-en-viager","status":"publish","type":"post","link":"https:\/\/www.europesays.com\/fr\/133414\/","title":{"rendered":"Trente ans de prison pour l\u2019assassinat d\u2019un octog\u00e9naire qui occupait son appartement en viager"},"content":{"rendered":"<p>La cour d\u2019appel de <a href=\"https:\/\/www.20minutes.fr\/dossier\/nancy\" target=\"_blank\" class=\"color-ultramarine c-link\" rel=\"noopener\">Nancy<\/a> aura choisi la m\u00eame peine qu\u2019en premi\u00e8re instance. Un Lorrain de 48 ans, jug\u00e9 pour avoir <a href=\"https:\/\/www.20minutes.fr\/dossier\/assassinat\" target=\"_blank\" class=\"color-ultramarine c-link\" rel=\"noopener\">assassin\u00e9<\/a> en\u00a02020 un octog\u00e9naire \u00e0 qui il avait achet\u00e9 un appartement en viager, a \u00e9t\u00e9 condamn\u00e9 mardi \u00e0 30 ans de r\u00e9clusion criminelle.<\/p>\n<p>La peine prononc\u00e9e par la cour d\u2019assises de <a href=\"https:\/\/www.20minutes.fr\/dossier\/meurthe-et-moselle\" target=\"_blank\" class=\"color-ultramarine c-link\" rel=\"noopener\">Meurthe-et-Moselle<\/a> est conforme aux r\u00e9quisitions de l\u2019avocat g\u00e9n\u00e9ral, Hadrien Baron, qui avait \u00e9galement demand\u00e9 aux jur\u00e9s de porter, par d\u00e9cision sp\u00e9ciale, la peine de s\u00fbret\u00e9 \u00e0 20 ans, ce qui a \u00e9galement \u00e9t\u00e9 prononc\u00e9.<\/p>\n<p>Sa compagne \u00e9galement condamn\u00e9e<\/p>\n<p>Abderrahim Ghelouci \u00e9tait jug\u00e9 depuis le 22\u00a0mai en appel, apr\u00e8s avoir \u00e9t\u00e9 condamn\u00e9 en septembre\u00a02023 par la cour d\u2019assises de la <a href=\"https:\/\/www.20minutes.fr\/dossier\/moselle\" target=\"_blank\" class=\"color-ultramarine c-link\" rel=\"noopener\">Moselle<\/a> \u00e0 la m\u00eame peine pour l\u2019assassinat de Michel Voltz, 82 ans, ancien greffier au tribunal judiciaire de Metz. Sa compagne Meriem Bouasla avait \u00e9cop\u00e9 de 15 ans de r\u00e9clusion criminelle. Elle n\u2019a pas interjet\u00e9 appel de sa condamnation.<\/p>\n<\/p>\n<p>Alors qu\u2019il avait soutenu qu\u2019il n\u2019avait \u00ab\u00a0rien \u00e0 voir dans cette histoire\u00a0\u00bb lors de son premier proc\u00e8s, Abderrahim Ghelouci a cette fois livr\u00e9 une nouvelle version, celle d\u2019une altercation avec la victime. Au cours de cette dispute, qui aurait eu lieu le 15\u00a0juillet 2020, il lui aurait donn\u00e9 un violent coup de coude dans le thorax, avant de quitter le domicile de l\u2019octog\u00e9naire. Le lendemain matin, il aurait d\u00e9couvert le d\u00e9c\u00e8s du vieil homme et aurait alors d\u00e9cid\u00e9 de faire dispara\u00eetre le corps.<\/p>\n<p>\u00ab\u00a0Mon client est soulag\u00e9 d\u2019avoir pu reconna\u00eetre sa responsabilit\u00e9 dans la mort de Michel Voltz. Pour lui c\u2019est le d\u00e9but maintenant d\u2019un travail qu\u2019il va pouvoir effectuer sur lui-m\u00eame par rapport \u00e0 ce qu\u2019il s\u2019est pass\u00e9\u00a0\u00bb, a d\u00e9clar\u00e9 Samira Boudiba, avocate de l\u2019accus\u00e9 apr\u00e8s l\u2019\u00e9nonc\u00e9 du verdict.<\/p>\n<p>Le corps enterr\u00e9 et en partie carbonis\u00e9<\/p>\n<p>Plus t\u00f4t dans la journ\u00e9e, apr\u00e8s avoir dress\u00e9 un portrait peu flatteur de l\u2019accus\u00e9, d\u00e9crit comme \u00ab\u00a0manipulateur et toujours enferm\u00e9 dans sa bulle de mensonges\u00a0\u00bb malgr\u00e9 ses promesses de dire cette fois \u00ab\u00a0la pure v\u00e9rit\u00e9\u00a0\u00bb, l\u2019avocat g\u00e9n\u00e9ral avait \u00e9cart\u00e9 sa version des faits. \u00ab\u00a0Pourquoi pr\u00e9f\u00e8re-t-il reconna\u00eetre aujourd\u2019hui un coup mortel\u00a0?\u00a0\u00bb, s\u2019est-il demand\u00e9. \u00ab\u00a0Parce que la peine encourue est moindre\u00a0\u00bb, soit 20 ans, voire 15 ans si la cour ne retenait pas la vuln\u00e9rabilit\u00e9 de la victime comme une circonstance aggravante, a observ\u00e9 le magistrat. Sa compagne avait pourtant avou\u00e9 qu&rsquo;\u00ab\u00a0ils avaient commis un assassinat ensemble\u00a0\u00bb.<\/p>\n<p><a href=\"https:\/\/www.20minutes.fr\/justice\/\" target=\"_blank\" class=\"c-link c-btn c-btn--primary\" rel=\"noopener\">Notre dossier Justice<\/a><\/p>\n<p>Abderrahim et Meriem Ghelouci avaient achet\u00e9 en\u00a02016 l\u2019appartement en viager du greffier retrait\u00e9, situ\u00e9 dans la commune de L\u2019H\u00f4pital, en Moselle. Le vieil homme, qui vivait seul, isol\u00e9 et sans famille, n\u2019avait plus donn\u00e9 de nouvelles \u00e0 partir du 16\u00a0juillet 2020. Son corps avait \u00e9t\u00e9 d\u00e9couvert quatre mois plus tard, enterr\u00e9 \u00e0 2,60\u00a0m de profondeur, en \u00e9tat de putr\u00e9faction avanc\u00e9e et en partie carbonis\u00e9, sur un terrain qu\u2019Abderrahim Ghelouci avait acquis un mois auparavant.<\/p>\n","protected":false},"excerpt":{"rendered":"La cour d\u2019appel de Nancy aura choisi la m\u00eame peine qu\u2019en premi\u00e8re instance. Un Lorrain de 48 ans,&hellip;\n","protected":false},"author":2,"featured_media":133415,"comment_status":"","ping_status":"","sticky":false,"template":"","format":"standard","meta":{"footnotes":""},"categories":[9635],"tags":[1111,47,11,6744,1777,674,118,1011,27,775,303,776,3457,777,5599,1702,12,25,133],"class_list":{"0":"post-133414","1":"post","2":"type-post","3":"status-publish","4":"format-standard","5":"has-post-thumbnail","7":"category-nancy","8":"tag-actu","9":"tag-actualite","10":"tag-actualites","11":"tag-assassinat","12":"tag-eu","13":"tag-europe","14":"tag-faits-divers","15":"tag-fr","16":"tag-france","17":"tag-grand-est","18":"tag-justice","19":"tag-lorraine","20":"tag-meurthe-et-moselle","21":"tag-meurtre","22":"tag-moselle","23":"tag-nancy","24":"tag-news","25":"tag-republique-francaise","26":"tag-video"},"share_on_mastodon":{"url":"https:\/\/pubeurope.com\/@fr\/114583555566435318","error":""},"_links":{"self":[{"href":"https:\/\/www.europesays.com\/fr\/wp-json\/wp\/v2\/posts\/133414","targetHints":{"allow":["GET"]}}],"collection":[{"href":"https:\/\/www.europesays.com\/fr\/wp-json\/wp\/v2\/posts"}],"about":[{"href":"https:\/\/www.europesays.com\/fr\/wp-json\/wp\/v2\/types\/post"}],"author":[{"embeddable":true,"href":"https:\/\/www.europesays.com\/fr\/wp-json\/wp\/v2\/users\/2"}],"replies":[{"embeddable":true,"href":"https:\/\/www.europesays.com\/fr\/wp-json\/wp\/v2\/comments?post=133414"}],"version-history":[{"count":0,"href":"https:\/\/www.europesays.com\/fr\/wp-json\/wp\/v2\/posts\/133414\/revisions"}],"wp:featuredmedia":[{"embeddable":true,"href":"https:\/\/www.europesays.com\/fr\/wp-json\/wp\/v2\/media\/133415"}],"wp:attachment":[{"href":"https:\/\/www.europesays.com\/fr\/wp-json\/wp\/v2\/media?parent=133414"}],"wp:term":[{"taxonomy":"category","embeddable":true,"href":"https:\/\/www.europesays.com\/fr\/wp-json\/wp\/v2\/categories?post=133414"},{"taxonomy":"post_tag","embeddable":true,"href":"https:\/\/www.europesays.com\/fr\/wp-json\/wp\/v2\/tags?post=133414"}],"curies":[{"name":"wp","href":"https:\/\/api.w.org\/{rel}","templated":true}]}}