{"id":133432,"date":"2025-05-28T04:35:09","date_gmt":"2025-05-28T04:35:09","guid":{"rendered":"https:\/\/www.europesays.com\/fr\/133432\/"},"modified":"2025-05-28T04:35:09","modified_gmt":"2025-05-28T04:35:09","slug":"3-pros-analysent-leurs-chances-dans-le-quinte-de-ce-mercredi-28-mai-a-strasbourg","status":"publish","type":"post","link":"https:\/\/www.europesays.com\/fr\/133432\/","title":{"rendered":"3 pros analysent leurs chances dans le Quint\u00e9+ de ce mercredi 28 mai \u00e0 Strasbourg"},"content":{"rendered":"<p><strong>Waldemar Hickst, entraineur de <a href=\"https:\/\/www.equidia.fr\/chevaux\/namouria\" target=\"_blank\" rel=\"noopener\">Namouria (4)<\/a><\/strong><\/p>\n<p style=\"text-align: justify;\">\u00ab\u00a0Namouria (4) a \u00e9t\u00e9 suppl\u00e9ment\u00e9e parce qu&rsquo;elle travaille tr\u00e8s bien le matin. C&rsquo;est une bonne jument, et la distance va parfaitement lui convenir. Je la pense capable de terminer dans les trois premiers.\u00a0\u00bb<\/p>\n<p><strong>Mario Baratti, entraineur de <a href=\"https:\/\/www.equidia.fr\/chevaux\/spinello\" target=\"_blank\" rel=\"noopener\">Spinello (8)<\/a> <\/strong><\/p>\n<p style=\"text-align: justify;\">\u00ab\u00a0Spinello (8) est un cheval tr\u00e8s r\u00e9gulier. Nous aurions pr\u00e9f\u00e9r\u00e9 que la piste soit un peu plus souple, mais il ne devrait pas trop pleuvoir. Le trac\u00e9 de Strasbourg devrait lui convenir. Il a besoin d&rsquo;un parcours sur mesure, mais je le pense encore comp\u00e9titif pour figurer \u00e0 l&rsquo;arriv\u00e9e du Quint\u00e9+.\u00a0\u00bb<\/p>\n<p><strong>Conny Whitfield, entraineur de <a href=\"https:\/\/www.equidia.fr\/chevaux\/baden-rocks\" target=\"_blank\" rel=\"noopener\">Baden Rocks (13)<\/a><\/strong><\/p>\n<p style=\"text-align: justify;\">\u00ab\u00a0Baden Rocks (13) vient de s&rsquo;imposer sur ce parcours, \u00e0 l&rsquo;issue d&rsquo;une tr\u00e8s belle fin de course. L&rsquo;opposition est plus relev\u00e9e cette fois, mais il est rest\u00e9 en pleine forme. Les ordres vont \u00eatre les m\u00eames : attendre le plus possible et venir finir sur les autres. Je le crois capable de r\u00e9p\u00e9ter.\u00a0\u00bb<\/p>\n","protected":false},"excerpt":{"rendered":"Waldemar Hickst, entraineur de Namouria (4) \u00ab\u00a0Namouria (4) a \u00e9t\u00e9 suppl\u00e9ment\u00e9e parce qu&rsquo;elle travaille tr\u00e8s bien le matin.&hellip;\n","protected":false},"author":2,"featured_media":133433,"comment_status":"","ping_status":"","sticky":false,"template":"","format":"standard","meta":{"footnotes":""},"categories":[2820],"tags":[1111,11,1777,674,1011,27,775,12,3016,7638,2623,25,640],"class_list":{"0":"post-133432","1":"post","2":"type-post","3":"status-publish","4":"format-standard","5":"has-post-thumbnail","7":"category-strasbourg","8":"tag-actu","9":"tag-actualites","10":"tag-eu","11":"tag-europe","12":"tag-fr","13":"tag-france","14":"tag-grand-est","15":"tag-news","16":"tag-plat","17":"tag-pour-preparer-vos-paris","18":"tag-quinte","19":"tag-republique-francaise","20":"tag-strasbourg"},"share_on_mastodon":{"url":"https:\/\/pubeurope.com\/@fr\/114583602756790217","error":""},"_links":{"self":[{"href":"https:\/\/www.europesays.com\/fr\/wp-json\/wp\/v2\/posts\/133432","targetHints":{"allow":["GET"]}}],"collection":[{"href":"https:\/\/www.europesays.com\/fr\/wp-json\/wp\/v2\/posts"}],"about":[{"href":"https:\/\/www.europesays.com\/fr\/wp-json\/wp\/v2\/types\/post"}],"author":[{"embeddable":true,"href":"https:\/\/www.europesays.com\/fr\/wp-json\/wp\/v2\/users\/2"}],"replies":[{"embeddable":true,"href":"https:\/\/www.europesays.com\/fr\/wp-json\/wp\/v2\/comments?post=133432"}],"version-history":[{"count":0,"href":"https:\/\/www.europesays.com\/fr\/wp-json\/wp\/v2\/posts\/133432\/revisions"}],"wp:featuredmedia":[{"embeddable":true,"href":"https:\/\/www.europesays.com\/fr\/wp-json\/wp\/v2\/media\/133433"}],"wp:attachment":[{"href":"https:\/\/www.europesays.com\/fr\/wp-json\/wp\/v2\/media?parent=133432"}],"wp:term":[{"taxonomy":"category","embeddable":true,"href":"https:\/\/www.europesays.com\/fr\/wp-json\/wp\/v2\/categories?post=133432"},{"taxonomy":"post_tag","embeddable":true,"href":"https:\/\/www.europesays.com\/fr\/wp-json\/wp\/v2\/tags?post=133432"}],"curies":[{"name":"wp","href":"https:\/\/api.w.org\/{rel}","templated":true}]}}