{"id":133438,"date":"2025-05-28T04:38:13","date_gmt":"2025-05-28T04:38:13","guid":{"rendered":"https:\/\/www.europesays.com\/fr\/133438\/"},"modified":"2025-05-28T04:38:13","modified_gmt":"2025-05-28T04:38:13","slug":"incendie-dans-une-decheterie-a-coueron-les-fumees-analysees-aucun-element-toxique","status":"publish","type":"post","link":"https:\/\/www.europesays.com\/fr\/133438\/","title":{"rendered":"Incendie dans une d\u00e9ch\u00e8terie \u00e0 Cou\u00ebron\u00a0: les fum\u00e9es analys\u00e9es, aucun \u00e9l\u00e9ment toxique"},"content":{"rendered":"<p>La fum\u00e9e blanche, \u00e9paisse et impressionnante, recouvre la d\u00e9partementale 107 ce mardi soir et file en direction de Saint-Herblain, Indre, Cou\u00ebron\u2026<\/p>\n<p>Ce gros nuage blanc proviendrait d\u2019un stock de palettes de bois de 100\u00a0m\u00b3 qui a pris feu, vers 18\u00a0h\u00a030, dans l\u2019usine de traitement des d\u00e9chets Arc-en-ciel, situ\u00e9e \u00e0 l\u2019entr\u00e9e de Cou\u00ebron. Un site g\u00e9r\u00e9 par V\u00e9olia.<\/p>\n<p>\t<img decoding=\"async\" src=\"https:\/\/www.europesays.com\/fr\/wp-content\/uploads\/2025\/05\/P35255174D6827764G_px_640_.jpg\" alt=\"photo une \u00e9paisse fum\u00e9e blanche se d\u00e9gage de l\u2019usine de traitement des d\u00e9chets arc-en-ciel, g\u00e9r\u00e9e par v\u00e9olia, \u00e0 l\u2019entr\u00e9e de cou\u00ebron, pr\u00e8s de nantes, ce mardi 27\u00a0mai.  \u00a9  ouest-france\" width=\"640\" title=\" Une \u00e9paisse fum\u00e9e blanche se d\u00e9gage de l\u2019usine de traitement des d\u00e9chets Arc-en-ciel, g\u00e9r\u00e9e par V\u00e9olia, \u00e0 l\u2019entr\u00e9e de Cou\u00ebron, pr\u00e8s de Nantes, ce mardi 27\u00a0mai.   Ouest-France \"\/><\/p>\n<p class=\"elmt-legende\"> Une \u00e9paisse fum\u00e9e blanche se d\u00e9gage de l\u2019usine de traitement des d\u00e9chets Arc-en-ciel, g\u00e9r\u00e9e par V\u00e9olia, \u00e0 l\u2019entr\u00e9e de Cou\u00ebron, pr\u00e8s de Nantes, ce mardi 27\u00a0mai.   Ouest-France <\/p>\n<p>\t<img decoding=\"async\" src=\"https:\/\/www.europesays.com\/fr\/wp-content\/uploads\/2025\/05\/P35255175D6827764G_px_640_.jpg\" alt=\"photo la fum\u00e9e est impressionnante, ce mardi soir.  \u00a9  ouest-france\" width=\"640\" title=\" La fum\u00e9e est impressionnante, ce mardi soir.   Ouest-France \"\/><\/p>\n<p class=\"elmt-legende\"> La fum\u00e9e est impressionnante, ce mardi soir.   Ouest-France <\/p>\n<p>\t<img decoding=\"async\" src=\"https:\/\/www.europesays.com\/fr\/wp-content\/uploads\/2025\/05\/P35255176D6827764G_px_640_.jpg\" alt=\"photo la fum\u00e9e recouvre la d\u00e9partementale 107.  \u00a9  ouest-france\" width=\"640\" title=\" La fum\u00e9e recouvre la d\u00e9partementale 107.   Ouest-France \"\/><\/p>\n<p class=\"elmt-legende\"> La fum\u00e9e recouvre la d\u00e9partementale 107.   Ouest-France <\/p>\n<p>Un gros dispositif a \u00e9t\u00e9 d\u00e9ploy\u00e9\u00a0: plus d\u2019une cinquantaine de pompiers sont sur place, ainsi que 26\u00a0engins. Sur la d\u00e9partementale 107, des patrouilleurs surveillent la route.<\/p>\n<p>Des fum\u00e9es toxiques\u00a0?<\/p>\n<p>Par ailleurs, une forte odeur se d\u00e9gage. Aucune information sur la toxicit\u00e9 des fum\u00e9es n\u2019a \u00e9t\u00e9 communiqu\u00e9e ce soir. Des analyses sont effectu\u00e9es. Les services de l\u2019\u00c9tat et Nantes M\u00e9tropole sont mobilis\u00e9s. Sur Facebook, la Ville de Cou\u00ebron recommande aux habitants du secteur de rester chez eux\u00a0:<\/p>\n<\/p>\n<p><strong>\u00ab\u00a0L\u2019incendie s\u2019est d\u00e9clar\u00e9 dans des espaces de stockage ext\u00e9rieurs, servant au broyage de palettes de bois,<\/strong> indique en soir\u00e9e la municipalit\u00e9 de Cou\u00ebron.<strong> Ce sont des mat\u00e9riaux qui produisent beaucoup de fum\u00e9e, mais a priori pas dangereux. Des tests sont r\u00e9alis\u00e9s sur les sites des communes d\u2019Indre et de Saint-Herblain, ainsi que du quartier de La Chabossi\u00e8re, \u00e0 Cou\u00ebron. Dans le doute, la Ville a recommand\u00e9 aux habitants de se calfeutrer mais sans \u00e9l\u00e9ment inqui\u00e9tant. Il faudra plusieurs heures pour \u00e9teindre cet incendie.\u00a0\u00bb<\/strong><\/p>\n<p>Vers 22\u00a0h\u00a030, la commune a re\u00e7u les retours des tests. <strong>\u00ab\u00a0Les r\u00e9sultats des analyses des fum\u00e9es r\u00e9v\u00e8lent que celles-ci sont sans danger, <\/strong>indique la municipalit\u00e9. <strong>Aucun \u00e9l\u00e9ment toxique n\u2019a \u00e9t\u00e9 relev\u00e9 sur les pr\u00e9l\u00e8vements r\u00e9alis\u00e9s sur le site de l\u2019incendie et dans les communes limitrophes.\u00a0\u00bb <\/strong>Toujours selon l\u2019entourage de la maire socialiste Carole Grelaud, on indique que <strong>\u00ab\u00a0l\u2019incendie est en passe d\u2019\u00eatre \u00e9teint par les pompiers\u00a0\u00bb.<\/strong><\/p>\n<p>En 2017, un important incendie avait d\u00e9j\u00e0 eu lieu dans l\u2019usine Arc-en-Ciel de Cou\u00ebron. 80\u00a0pompiers \u00e9taient intervenus.<\/p>\n<p>\u00a0<\/p>\n","protected":false},"excerpt":{"rendered":"La fum\u00e9e blanche, \u00e9paisse et impressionnante, recouvre la d\u00e9partementale 107 ce mardi soir et file en direction de&hellip;\n","protected":false},"author":2,"featured_media":133439,"comment_status":"","ping_status":"","sticky":false,"template":"","format":"standard","meta":{"footnotes":""},"categories":[2818],"tags":[1111,11,25906,22217,25904,19486,1777,674,1011,27,25905,1310,766,12,2636,14558,25,12698],"class_list":{"0":"post-133438","1":"post","2":"type-post","3":"status-publish","4":"format-standard","5":"has-post-thumbnail","7":"category-nantes","8":"tag-actu","9":"tag-actualites","10":"tag-analysees","11":"tag-coueron","12":"tag-decheterie","13":"tag-element","14":"tag-eu","15":"tag-europe","16":"tag-fr","17":"tag-france","18":"tag-fumees","19":"tag-incendie","20":"tag-nantes","21":"tag-news","22":"tag-pays-de-la-loire","23":"tag-releve","24":"tag-republique-francaise","25":"tag-toxique"},"share_on_mastodon":{"url":"https:\/\/pubeurope.com\/@fr\/114583614611993026","error":""},"_links":{"self":[{"href":"https:\/\/www.europesays.com\/fr\/wp-json\/wp\/v2\/posts\/133438","targetHints":{"allow":["GET"]}}],"collection":[{"href":"https:\/\/www.europesays.com\/fr\/wp-json\/wp\/v2\/posts"}],"about":[{"href":"https:\/\/www.europesays.com\/fr\/wp-json\/wp\/v2\/types\/post"}],"author":[{"embeddable":true,"href":"https:\/\/www.europesays.com\/fr\/wp-json\/wp\/v2\/users\/2"}],"replies":[{"embeddable":true,"href":"https:\/\/www.europesays.com\/fr\/wp-json\/wp\/v2\/comments?post=133438"}],"version-history":[{"count":0,"href":"https:\/\/www.europesays.com\/fr\/wp-json\/wp\/v2\/posts\/133438\/revisions"}],"wp:featuredmedia":[{"embeddable":true,"href":"https:\/\/www.europesays.com\/fr\/wp-json\/wp\/v2\/media\/133439"}],"wp:attachment":[{"href":"https:\/\/www.europesays.com\/fr\/wp-json\/wp\/v2\/media?parent=133438"}],"wp:term":[{"taxonomy":"category","embeddable":true,"href":"https:\/\/www.europesays.com\/fr\/wp-json\/wp\/v2\/categories?post=133438"},{"taxonomy":"post_tag","embeddable":true,"href":"https:\/\/www.europesays.com\/fr\/wp-json\/wp\/v2\/tags?post=133438"}],"curies":[{"name":"wp","href":"https:\/\/api.w.org\/{rel}","templated":true}]}}