{"id":133440,"date":"2025-05-28T04:39:13","date_gmt":"2025-05-28T04:39:13","guid":{"rendered":"https:\/\/www.europesays.com\/fr\/133440\/"},"modified":"2025-05-28T04:39:13","modified_gmt":"2025-05-28T04:39:13","slug":"les-policiers-municipaux-veulent-etre-armes","status":"publish","type":"post","link":"https:\/\/www.europesays.com\/fr\/133440\/","title":{"rendered":"les policiers municipaux veulent \u00eatre arm\u00e9s"},"content":{"rendered":"<p style=\"text-align: justify;\">A Nantes <a href=\"https:\/\/www.breizh-info.com\/2025\/05\/15\/247053\/nantes-la-police-municipale-reclame-a-nouveau-des-armes-a-feu-un-preavis-de-greve-depose\/\" target=\"_blank\" rel=\"noopener\">se pose \u00e9galement le probl\u00e8me de l\u2019armement de la police municipale.<\/a> Coups de feu fr\u00e9quents et trafics de drogue dans certains quartiers provoquent crainte et d\u00e9sarroi chez les policiers municipaux ; ils r\u00e9clament donc des armes l\u00e9tales. La municipalit\u00e9 r\u00e9pond : \u00ab\u00a0Nous avons dot\u00e9 la police municipale de moyens de protection suppl\u00e9mentaires\u00a0: gilets pare-balles, b\u00e2tons de d\u00e9fense plus adapt\u00e9s, boucliers de protection contre les jets de projectiles et de nouvelles cam\u00e9ras pi\u00e9tons de meilleure qualit\u00e9 qu\u2019auparavant.\u00a0\u00bb\u00a0; elle est consciente que les policiers \u00ab\u00a0proc\u00e8dent \u00e0 de nombreuses interpellations\u00a0\u00bb et qu\u2019ils sont \u00ab\u00a0expos\u00e9s \u00e0 des risques d\u2019agression\u00a0\u00bb. Pour faire face \u00e0 cette r\u00e9alit\u00e9, \u00ab\u00a0ils sont arm\u00e9s de pistolets \u00e0 impulsion \u00e9lectrique\u00a0\u00bb, tandis qu\u2019une \u00ab\u00a0politique de recrutement \u00a0sans pr\u00e9c\u00e9dent\u00a0\u00bb est engag\u00e9e depuis des mois (Presse Oc\u00e9an, jeudi 14 novembre 2024)<\/p>\n<p style=\"text-align: justify;\">Faute d\u2019\u00eatre entendu par la maire Johanna Rolland (PS), le syndicat Force ouvri\u00e8re de la police municipale\u00a0 nantaise avait donc d\u00e9cid\u00e9 d\u2019une gr\u00e8ve le mercredi 14 mai. But : demander l\u2019armement de la police municipale et de l\u2019unit\u00e9 m\u00e9tropolitaine des transports en commun (UMTC) apr\u00e8s les \u00ab\u00a0deux \u00e9v\u00e9nements exceptionnels et particuliers qui se sont d\u00e9roul\u00e9s fin avril \u00e0 Nantes\u00a0\u00bb. Les policiers municipaux ont \u00e0 dire que,\u00a0 souvent, ils sont les premiers intervenants sur les lieux des drames \u2013 avant les nationaux. Dans une lettre adress\u00e9e \u00e0 Johanna Rolland, le syndicat FO rappelle la gravit\u00e9 de la situation\u00a0: \u00ab\u00a0A Nantes, la police municipale fait face \u00e0 une nouvelle d\u00e9linquance, toujours plus violente et impr\u00e9visibles.\u00a0\u00bb \u00a0L\u2019augmentation du nombre des interpellations inqui\u00e8te \u00e9galement les policiers municipaux. \u00ab\u00a0On en a r\u00e9alis\u00e9 600 en 2023. En 2024, on est \u00e0 800 interpellations. La responsabilit\u00e9 de la maire, c\u2019est aussi la s\u00e9curit\u00e9 de ses agents, il faut nous donner les moyens de nous d\u00e9fendre et de pouvoir faire face. C\u2019est dur pour les agents \u00e0 entendre, que leur s\u00e9curit\u00e9 d\u00e9pend du choix politique d\u2019une \u00e9lue\u00a0\u00bb, constate C\u00e9line Peremarty,\u00a0 la d\u00e9l\u00e9gu\u00e9e FO (Presse Oc\u00e9an, mercredi 14 mai 2025).<\/p>\n<p><strong>Une \u00ab\u00a0escalade de la violence\u00a0\u00bb<\/strong><\/p>\n<p style=\"text-align: justify;\">Peu bavarde sur le sujet, Johanna Rolland laisse son premier adjoint Bassem Asseh, en charge de la s\u00e9curit\u00e9, r\u00e9pondre. Ce dernier souligne que les 190 agents de la Ville en poste \u00e0 ce jour sont \u00ab\u00a0d\u00e9j\u00e0 arm\u00e9s\u00a0\u00bb de b\u00e2tons de d\u00e9fense et de pistolets \u00e0 impulsion \u00e9lectrique. \u00ab\u00a0M\u00eame si ce ne sont pas des armes l\u00e9tales, ce n\u2019est pas rien. Ce sont de vraies armes, soumises \u00e0 autorisation et une formation ad hoc.\u00a0\u00bb En outre, les policiers municipaux \u00ab\u00a0dont les effectifs seront multipli\u00e9s par deux par rapport \u00e0 2014 d\u2019ici la fin du mandat\u00a0\u00bb sont aussi \u00e9quip\u00e9s de gilets pare-balles, de boucliers de protection et de cam\u00e9ras pi\u00e9tons. A ses yeux, la police municipale est donc suffisamment \u00ab\u00a0outill\u00e9e\u00a0\u00bb pour remplir sa mission premi\u00e8re. A savoir \u00ab\u00a0assurer une pr\u00e9sence sur le terrain, au contact des habitants\u00a0\u00bb.<\/p>\n<p style=\"text-align: justify;\">Pour autant, le bras droit de Johanna Rolland, qui souligne au passage que \u00ab\u00a0le m\u00e9tier a d\u00e9j\u00e0 beaucoup \u00e9volu\u00e9 depuis ces trente derni\u00e8res ann\u00e9es\u00a0\u00bb, n\u2019est pas oppos\u00e9 \u00e0 un \u00e9largissement de ses missions. \u00ab\u00a0Au contraire, on pousse \u00e0 fond sur ce sujet. Mais cela ne doit pas se faire n\u2019importe comment. Et tout r\u00e9sumer \u00e0 la question de l\u2019armement l\u00e9tal est une erreur.\u00a0\u00bb (Presse Oc\u00e9an, jeudi 15 mai 2025). On voit que c\u2019est une question qui reviendra bient\u00f4t sur le tapis. Un grand sujet pour la prochaine campagne \u00e9lectorale\u2026 A la v\u00e9rit\u00e9 la situation est inconfortable pour Johanna Rolland \u00e0 l\u2019approche des \u00e9lections municipales. D\u2019un c\u00f4t\u00e9 elle ne peut pas faire l\u2019impasse sur les revendications des policiers municipaux \u2013 soutenus par la majorit\u00e9 des Nantais-, de l\u2019autre le discours des Insoumis l\u2019oblige \u00e0 raisonner \u201cpolitique\u201c\u00a0\u2013 elle aura peut-\u00eatre besoin de leurs voix au second tour\u2026 Ainsi la suppl\u00e9ante d\u2019Andy Kerbrat (LFI, d\u00e9put\u00e9 de Nantes centre)) Marina Ferrera estime que l\u2019armement des policiers municipaux ne r\u00e9soudra rien\u00a0: \u00ab\u00a0Cela ne r\u00e9pond pas aux vraies causes de la souffrance des agents, \u00e0 savoir le manque de formation sur la gestion des conflits, les troubles psychologiques ou les comportements addictifs.\u00a0\u00bb Or, face \u00e0 ce type de situation, le fait d\u2019\u00eatre arm\u00e9 risque \u00ab\u00a0d\u2019entra\u00eener une escalade de la violence\u00a0\u00bb (Presse Oc\u00e9an, jeudi 15 mai 2025). Voil\u00e0 une fa\u00e7on \u201cintellectuelle\u201c de dire qu\u2019on est contre\u2026<\/p>\n<p style=\"text-align: justify;\">Bernard Morvan<\/p>\n<p style=\"text-align: justify;\">Cr\u00e9dit photo : Pablo Tupin-Noriega\/Wikimedia (cc)<br \/>[cc] Breizh-info.com, 2025, d\u00e9p\u00eaches libres de copie et de diffusion sous r\u00e9serve de mention et de lien vers la source d\u2019origine<\/p>\n","protected":false},"excerpt":{"rendered":"A Nantes se pose \u00e9galement le probl\u00e8me de l\u2019armement de la police municipale. Coups de feu fr\u00e9quents et&hellip;\n","protected":false},"author":2,"featured_media":133441,"comment_status":"","ping_status":"","sticky":false,"template":"","format":"standard","meta":{"footnotes":""},"categories":[2818],"tags":[1111,11,25907,25908,1777,674,1011,27,6945,766,12,2636,2872,25],"class_list":{"0":"post-133440","1":"post","2":"type-post","3":"status-publish","4":"format-standard","5":"has-post-thumbnail","7":"category-nantes","8":"tag-actu","9":"tag-actualites","10":"tag-bassem-asseh","11":"tag-bernard-morvan","12":"tag-eu","13":"tag-europe","14":"tag-fr","15":"tag-france","16":"tag-johanna-rolland","17":"tag-nantes","18":"tag-news","19":"tag-pays-de-la-loire","20":"tag-police-municipale","21":"tag-republique-francaise"},"share_on_mastodon":{"url":"https:\/\/pubeurope.com\/@fr\/114583618426916661","error":""},"_links":{"self":[{"href":"https:\/\/www.europesays.com\/fr\/wp-json\/wp\/v2\/posts\/133440","targetHints":{"allow":["GET"]}}],"collection":[{"href":"https:\/\/www.europesays.com\/fr\/wp-json\/wp\/v2\/posts"}],"about":[{"href":"https:\/\/www.europesays.com\/fr\/wp-json\/wp\/v2\/types\/post"}],"author":[{"embeddable":true,"href":"https:\/\/www.europesays.com\/fr\/wp-json\/wp\/v2\/users\/2"}],"replies":[{"embeddable":true,"href":"https:\/\/www.europesays.com\/fr\/wp-json\/wp\/v2\/comments?post=133440"}],"version-history":[{"count":0,"href":"https:\/\/www.europesays.com\/fr\/wp-json\/wp\/v2\/posts\/133440\/revisions"}],"wp:featuredmedia":[{"embeddable":true,"href":"https:\/\/www.europesays.com\/fr\/wp-json\/wp\/v2\/media\/133441"}],"wp:attachment":[{"href":"https:\/\/www.europesays.com\/fr\/wp-json\/wp\/v2\/media?parent=133440"}],"wp:term":[{"taxonomy":"category","embeddable":true,"href":"https:\/\/www.europesays.com\/fr\/wp-json\/wp\/v2\/categories?post=133440"},{"taxonomy":"post_tag","embeddable":true,"href":"https:\/\/www.europesays.com\/fr\/wp-json\/wp\/v2\/tags?post=133440"}],"curies":[{"name":"wp","href":"https:\/\/api.w.org\/{rel}","templated":true}]}}