{"id":133442,"date":"2025-05-28T04:40:08","date_gmt":"2025-05-28T04:40:08","guid":{"rendered":"https:\/\/www.europesays.com\/fr\/133442\/"},"modified":"2025-05-28T04:40:08","modified_gmt":"2025-05-28T04:40:08","slug":"quels-centres-commerciaux-et-hypermarches-sont-ouverts-en-gironde","status":"publish","type":"post","link":"https:\/\/www.europesays.com\/fr\/133442\/","title":{"rendered":"quels centres commerciaux et hypermarch\u00e9s sont ouverts en Gironde\u00a0?"},"content":{"rendered":"<p>            Par<br \/>\n        <strong><br \/>\n            <a href=\"https:\/\/actu.fr\/auteur\/sports33\" title=\"Consulter tous les articles de Nicolas Gosselin\" rel=\"nofollow noopener\" target=\"_blank\">Nicolas Gosselin<\/a><br \/>\n        <\/strong><\/p>\n<p>        Publi\u00e9 le<\/p>\n<p>            28 mai 2025 \u00e0 6h22        <\/p>\n<p>En ce jeudi 29 mai 2025, jour f\u00e9ri\u00e9 oblige, de <a href=\"https:\/\/actu.fr\/tag\/commerce\" rel=\"nofollow noopener\" target=\"_blank\">nombreux commerces<\/a> sont ferm\u00e9s. Pourtant, des <strong>centres commerciaux<\/strong> et<strong> hypermarch\u00e9s<\/strong> de <a href=\"https:\/\/actu.fr\/tag\/bordeaux-metropole\" rel=\"nofollow noopener\" target=\"_blank\">l\u2019agglom\u00e9ration bordelaise<\/a> sont ouverts. On fait le point sur les <strong>ouvertures exceptionnelles<\/strong>.<\/p>\n<p class=\" wall-content\"><strong>Voici les centres commerciaux ouverts dans l\u2019agglom\u00e9ration de Bordeaux :<\/strong><\/p>\n<ul class=\" wall-content\">\n<li>Centre commercial 4 Pavillons \u00e0 Lormont : l\u2019hypermarch\u00e9 Carrefour est ouvert de 9h \u00e0 20h et la galerie commerciale de 10h \u00e0 18h.<\/li>\n<li>Centre commercial des Rives d\u2019Arcins \u00e0 B\u00e8gles : l\u2019hypermarch\u00e9 Carrefour est ouvert de 8h30 \u00e0 20h et la galerie commerciale de 10h \u00e0 19h.<\/li>\n<li>Centre commercial M\u00e9rignac Soleil : l\u2019hypermarch\u00e9 Carrefour est ouvert de 8h30 \u00e0 20h et la galerie commerciale de 10h \u00e0 19h.<\/li>\n<li>Centre commercial Auchan \u00e0 Bordeaux Lac : l\u2019hypermarch\u00e9 est ouvert de 8h30 \u00e0 20h et la galerie commerciale de 9h30 \u00e0 19h.<\/li>\n<li>Centre commercial M\u00e9riadeck \u00e0 Bordeaux : l\u2019hypermarch\u00e9 est ouvert de 9h \u00e0 20h et la galerie commerciale de 11h \u00e0 19h.<\/li>\n<\/ul>\n<p class=\" wall-content\">En outre, seront aussi ouverts les hypermarch\u00e9s Carrefour de Libourne (8h30 \u00e0 19h) et de Lesparre-M\u00e9doc (8h \u00e0 19h) ou les hypermarch\u00e9s Leclerc d\u2019Ar\u00e8s (9h \u00e0 19h), de Saint-M\u00e9dard-en-Jalles (8h30 \u00e0 20h), de Sainte-Eulalie (8h30 \u00e0 20h) et de Langon (9h \u00e0 19h et 10h \u00e0 18h30 pour la galerie commerciale).<\/p>\n<p class=\" wall-content\">Suivez toute l\u2019actualit\u00e9 de vos villes et m\u00e9dias favoris en vous inscrivant \u00e0 <a href=\"https:\/\/moncompte.actu.fr\" title=\"D\u00e9couvez Mon Actu\" rel=\"nofollow noopener\" data-trk=\"{&quot;cta&quot;:{&quot;action&quot;:&quot;https:\\\/\\\/moncompte.actu.fr&quot;,&quot;category&quot;:&quot;mon compte&quot;,&quot;from&quot;:&quot;article footer&quot;,&quot;name&quot;:&quot;Mon actu&quot;,&quot;type&quot;:&quot;cta&quot;}}\" target=\"_blank\">Mon Actu<\/a>.<\/p>\n","protected":false},"excerpt":{"rendered":"Par Nicolas Gosselin Publi\u00e9 le 28 mai 2025 \u00e0 6h22 En ce jeudi 29 mai 2025, jour f\u00e9ri\u00e9&hellip;\n","protected":false},"author":2,"featured_media":133443,"comment_status":"","ping_status":"","sticky":false,"template":"","format":"standard","meta":{"footnotes":""},"categories":[2817],"tags":[1111,11,1997,215,1777,674,1011,27,12,2219,25,104],"class_list":{"0":"post-133442","1":"post","2":"type-post","3":"status-publish","4":"format-standard","5":"has-post-thumbnail","7":"category-bordeaux","8":"tag-actu","9":"tag-actualites","10":"tag-bordeaux","11":"tag-commerce","12":"tag-eu","13":"tag-europe","14":"tag-fr","15":"tag-france","16":"tag-news","17":"tag-nouvelle-aquitaine","18":"tag-republique-francaise","19":"tag-societe"},"share_on_mastodon":{"url":"https:\/\/pubeurope.com\/@fr\/114583622368820780","error":""},"_links":{"self":[{"href":"https:\/\/www.europesays.com\/fr\/wp-json\/wp\/v2\/posts\/133442","targetHints":{"allow":["GET"]}}],"collection":[{"href":"https:\/\/www.europesays.com\/fr\/wp-json\/wp\/v2\/posts"}],"about":[{"href":"https:\/\/www.europesays.com\/fr\/wp-json\/wp\/v2\/types\/post"}],"author":[{"embeddable":true,"href":"https:\/\/www.europesays.com\/fr\/wp-json\/wp\/v2\/users\/2"}],"replies":[{"embeddable":true,"href":"https:\/\/www.europesays.com\/fr\/wp-json\/wp\/v2\/comments?post=133442"}],"version-history":[{"count":0,"href":"https:\/\/www.europesays.com\/fr\/wp-json\/wp\/v2\/posts\/133442\/revisions"}],"wp:featuredmedia":[{"embeddable":true,"href":"https:\/\/www.europesays.com\/fr\/wp-json\/wp\/v2\/media\/133443"}],"wp:attachment":[{"href":"https:\/\/www.europesays.com\/fr\/wp-json\/wp\/v2\/media?parent=133442"}],"wp:term":[{"taxonomy":"category","embeddable":true,"href":"https:\/\/www.europesays.com\/fr\/wp-json\/wp\/v2\/categories?post=133442"},{"taxonomy":"post_tag","embeddable":true,"href":"https:\/\/www.europesays.com\/fr\/wp-json\/wp\/v2\/tags?post=133442"}],"curies":[{"name":"wp","href":"https:\/\/api.w.org\/{rel}","templated":true}]}}