{"id":133450,"date":"2025-05-28T04:44:09","date_gmt":"2025-05-28T04:44:09","guid":{"rendered":"https:\/\/www.europesays.com\/fr\/133450\/"},"modified":"2025-05-28T04:44:09","modified_gmt":"2025-05-28T04:44:09","slug":"la-maison-paix-dieu-rouvre-ses-portes-dans-le-vieux-lille-en-mode-garden-party","status":"publish","type":"post","link":"https:\/\/www.europesays.com\/fr\/133450\/","title":{"rendered":"La Maison Paix Dieu rouvre ses portes dans le Vieux-Lille en mode garden party"},"content":{"rendered":"<p>            Par<br \/>\n        <strong><br \/>\n            <a href=\"https:\/\/actu.fr\/auteur\/hervine-mahaud\" title=\"Consulter tous les articles de Hervine Mahaud\" target=\"_blank\" rel=\"noopener\">Hervine Mahaud<\/a><br \/>\n        <\/strong><\/p>\n<p>        Publi\u00e9 le<\/p>\n<p>            28 mai 2025 \u00e0 6h10        <\/p>\n<p><a href=\"https:\/\/actu.fr\/hauts-de-france\/lille_59350\/en-images-la-maison-paix-dieu-vient-douvrir-ses-portes-dans-le-vieux-lille-decouvrez-ce-quon-y-trouve_61904981.html\" target=\"_blank\" rel=\"noopener\">Apr\u00e8s le succ\u00e8s de son pop-up hivernal<\/a>, la <b>Brasserie Caulier<\/b> est de retour avec une <b>nouvelle exp\u00e9rience \u00e9ph\u00e9m\u00e8re<\/b>. Du 28 mai au 29 juin 2025, les amateurs de <b>bi\u00e8re<\/b> sont invit\u00e9s \u00e0 d\u00e9couvrir la <b>Maison Paix Dieu<\/b>, en plein c\u0153ur du <b>Vieux-Lille<\/b>. Cette installation estivale met \u00e0 l\u2019honneur la derni\u00e8re-n\u00e9e de la brasserie belge : la <b>Paix Dieu Nova<\/b>, une <b>bi\u00e8re plus l\u00e9g\u00e8re et fra\u00eeche<\/b> que sa grande s\u0153ur, la c\u00e9l\u00e8bre triple \u00e0 10 %.<\/p>\n<p>Un \u00e9crin estival pour une bi\u00e8re de caract\u00e8re<\/p>\n<p class=\" wall-content\">Si vous n\u2019avez pas eu l\u2019occasion de d\u00e9couvrir la Paix Dieu Nova, c\u2019est l\u2019occasion id\u00e9ale. Lanc\u00e9e \u00e0 l\u2019automne 2024, cette <a href=\"https:\/\/actu.fr\/tag\/biere\" target=\"_blank\" rel=\"noopener\">bi\u00e8re<\/a> \u00e0 6 % se distingue par une structure plus l\u00e9g\u00e8re. \u00ab\u00a0Son nez floral et d\u00e9licatement \u00e9pic\u00e9 pr\u00e9c\u00e8de une bouche soyeuse, o\u00f9 l\u2019avoine apporte douceur et rondeur\u00a0\u00bb, d\u00e9taille la Brasserie Caulier, qui a organis\u00e9 un \u00e9v\u00e9nement ax\u00e9 sur la d\u00e9couverte de cette bi\u00e8re.<\/p>\n<p class=\" wall-content\">Imagin\u00e9e comme une \u00ab\u00a0<b>garden party permanente<\/b>\u00ab\u00a0, la Maison Paix Dieu propose une ambiance \u00e0 la fois haut de gamme et d\u00e9contract\u00e9e, dans un superbe <b>h\u00f4tel particulier situ\u00e9 au 105 rue Royale, dans le Vieux-Lille<\/b>.\u00a0\u00ab\u00a0Sous une guirlande d\u2019ampoules suspendues, les visiteurs pourront prendre place dans un mobilier confortable aux tonalit\u00e9s naturelles, tout en profitant d\u2019un bar install\u00e9 dans une camionnette vintage habill\u00e9e aux couleurs de la Paix Dieu Nova\u00a0\u00bb, d\u00e9taille la Brasserie Caulier.<\/p>\n<p class=\" wall-content\">\u00c0 l\u2019arri\u00e8re, un jardin avec bassin d\u00e9coratif, transats et v\u00e9g\u00e9tation compose un cadre apaisant, fa\u00e7on garden party. Chaque samedi, des <b>concerts<\/b> et <b>DJ sets<\/b> rythmeront les fins d\u2019apr\u00e8s-midi, et un <b>camion glacier<\/b> proposera des parfums in\u00e9dits inspir\u00e9s des ar\u00f4mes de la bi\u00e8re. C\u00f4t\u00e9 cuisine, le <b>chef Martin Derreumaux<\/b> (Ripaille, Social Club) signe une <b>carte estivale<\/b> : focaccias, tapas, tartines premium\u2026 de quoi sublimer les d\u00e9gustations.<\/p>\n<p>Une immersion brassicole compl\u00e8te<\/p>\n<p class=\" wall-content\">\u00c0 l\u2019int\u00e9rieur, la maison invite \u00e0 explorer l\u2019univers de la marque \u00e0 travers des <b>dispositifs immersifs et sensoriels<\/b>. \u00ab\u00a0Ambiance ciel \u00e9toil\u00e9 pour plonger les visiteurs dans un court-m\u00e9trage d\u00e9di\u00e9 \u00e0 l\u2019histoire et \u00e0 la philosophie de Paix Dieu Nova. Plus loin, un <b>cabinet de curiosit\u00e9s brassicole<\/b> met en sc\u00e8ne les \u00e9tapes de la d\u00e9gustation\u00a0\u00bb, annonce la brasserie belge.<\/p>\n<p>Vid\u00e9os : en ce moment sur Actu<\/p>\n<p class=\" wall-content\">Un stand \u00ab\u00a0growler\u00a0\u00bb, anim\u00e9 par les \u00e9quipes de la brasserie, propose l<b>\u2019embouteillage en direct de la Nova au format 75cl<\/b>, avec \u00e9tiquette personnalis\u00e9e. Un photobooth et une <b>boutique \u00e9ph\u00e9m\u00e8re<\/b> compl\u00e8tent l\u2019exp\u00e9rience. Les visiteurs pourront y retrouver des produits exclusifs : verres en \u00e9dition limit\u00e9e, coffrets sp\u00e9ciaux pour la F\u00eate des P\u00e8res, textiles et objets de d\u00e9gustation.<\/p>\n<p>    <img   decoding=\"async\" loading=\"lazy\" class=\"size-large\" src=\"https:\/\/www.europesays.com\/fr\/wp-content\/uploads\/2025\/05\/c8fc26a5363862dfc26a53638010d2v-960x640.jpg\" alt=\"Sur place, les aficionados retrouveront une boutique \u00e9ph\u00e9m\u00e8re d\u00e9di\u00e9e \u00e0 la Paix Dieu.\" width=\"960\" height=\"640\"\/><br \/>\n    Sur place, les aficionados retrouveront une boutique \u00e9ph\u00e9m\u00e8re d\u00e9di\u00e9e \u00e0 la Paix Dieu. \u00a9Hervine MahaudD\u2019autres rendez-vous pr\u00e9vus cet \u00e9t\u00e9<\/p>\n<p class=\" wall-content\">La Maison Paix Dieu version garden party s\u2019annonce incontournable pour les fans de la marque. Mais si vous n\u2019avez pas le temps de vous y rendre, <b>d\u2019autres \u00e9v\u00e9nements sont pr\u00e9vus tout au long de l\u2019\u00e9t\u00e9<\/b>, toujours autour de la Nova. Parmi eux : <b>La Tour des Chefs \u00e0 Ath<\/b>, en Belgique, v\u00e9ritable rencontre entre gastronomie et terroir (repas sous les \u00e9toiles, au sommet de la Tour Burbant concoct\u00e9s par des chefs \u00e9toil\u00e9s), les <b>Nocturnales<\/b> dans le cadre majestueux du ch\u00e2teau de Beloeil\u00a0du 18 juillet au 17 ao\u00fbt avec un bar Paix Dieu Nova propos\u00e9 dans les jardins. Fin ao\u00fbt, <b>Les Tables Houblonn\u00e9es<\/b>, des d\u00eeners gastronomiques et immersifs organis\u00e9s au c\u0153ur des houblonni\u00e8res, seront de retour pour une 3\u00e8me \u00e9dition. Pour ne rien louper, suivez les actualit\u00e9s de Paix Dieu sur <a href=\"https:\/\/www.instagram.com\/paixdieu\/?hl=fr\" target=\"_blank\" rel=\"noopener\">Instagram<\/a> et <a href=\"https:\/\/www.facebook.com\/bierepaixdieu\" target=\"_blank\" rel=\"noopener\">Facebook<\/a>.<\/p>\n<p>Infos pratiques : Maison Paix Dieu Nova, ouverte du 28 mai au 29 juin 2025, du mercredi au dimanche, de 12h \u00e0 21h. Au 105 rue Royale \u00e0 Lille. Plus d\u2019infos <a href=\"https:\/\/www.paixdieubeer.be\/maison-paix-dieu-2\/\" target=\"_blank\" rel=\"noopener\">en cliquant ici<\/a>.<\/p>\n<p class=\" wall-content\">Suivez toute l\u2019actualit\u00e9 de vos villes et m\u00e9dias favoris en vous inscrivant \u00e0 <a href=\"https:\/\/moncompte.actu.fr\" title=\"D\u00e9couvez Mon Actu\" rel=\"nofollow noopener\" data-trk=\"{&quot;cta&quot;:{&quot;action&quot;:&quot;https:\\\/\\\/moncompte.actu.fr&quot;,&quot;category&quot;:&quot;mon compte&quot;,&quot;from&quot;:&quot;article footer&quot;,&quot;name&quot;:&quot;Mon actu&quot;,&quot;type&quot;:&quot;cta&quot;}}\" target=\"_blank\">Mon Actu<\/a>.<\/p>\n<p>                    <script async src=\"\/\/www.instagram.com\/embed.js\"><\/script><\/p>\n","protected":false},"excerpt":{"rendered":"Par Hervine Mahaud Publi\u00e9 le 28 mai 2025 \u00e0 6h10 Apr\u00e8s le succ\u00e8s de son pop-up hivernal, la&hellip;\n","protected":false},"author":2,"featured_media":133451,"comment_status":"","ping_status":"","sticky":false,"template":"","format":"standard","meta":{"footnotes":""},"categories":[2815],"tags":[1111,11,7722,215,1777,674,1011,27,811,1307,1652,12,25],"class_list":{"0":"post-133450","1":"post","2":"type-post","3":"status-publish","4":"format-standard","5":"has-post-thumbnail","7":"category-lille","8":"tag-actu","9":"tag-actualites","10":"tag-biere","11":"tag-commerce","12":"tag-eu","13":"tag-europe","14":"tag-fr","15":"tag-france","16":"tag-hauts-de-france","17":"tag-lille","18":"tag-loisirs-culture","19":"tag-news","20":"tag-republique-francaise"},"share_on_mastodon":{"url":"https:\/\/pubeurope.com\/@fr\/114583638151441522","error":""},"_links":{"self":[{"href":"https:\/\/www.europesays.com\/fr\/wp-json\/wp\/v2\/posts\/133450","targetHints":{"allow":["GET"]}}],"collection":[{"href":"https:\/\/www.europesays.com\/fr\/wp-json\/wp\/v2\/posts"}],"about":[{"href":"https:\/\/www.europesays.com\/fr\/wp-json\/wp\/v2\/types\/post"}],"author":[{"embeddable":true,"href":"https:\/\/www.europesays.com\/fr\/wp-json\/wp\/v2\/users\/2"}],"replies":[{"embeddable":true,"href":"https:\/\/www.europesays.com\/fr\/wp-json\/wp\/v2\/comments?post=133450"}],"version-history":[{"count":0,"href":"https:\/\/www.europesays.com\/fr\/wp-json\/wp\/v2\/posts\/133450\/revisions"}],"wp:featuredmedia":[{"embeddable":true,"href":"https:\/\/www.europesays.com\/fr\/wp-json\/wp\/v2\/media\/133451"}],"wp:attachment":[{"href":"https:\/\/www.europesays.com\/fr\/wp-json\/wp\/v2\/media?parent=133450"}],"wp:term":[{"taxonomy":"category","embeddable":true,"href":"https:\/\/www.europesays.com\/fr\/wp-json\/wp\/v2\/categories?post=133450"},{"taxonomy":"post_tag","embeddable":true,"href":"https:\/\/www.europesays.com\/fr\/wp-json\/wp\/v2\/tags?post=133450"}],"curies":[{"name":"wp","href":"https:\/\/api.w.org\/{rel}","templated":true}]}}