{"id":133457,"date":"2025-05-28T04:48:07","date_gmt":"2025-05-28T04:48:07","guid":{"rendered":"https:\/\/www.europesays.com\/fr\/133457\/"},"modified":"2025-05-28T04:48:07","modified_gmt":"2025-05-28T04:48:07","slug":"lidl-gagne-son-bras-de-fer-et-pourra-bien-ouvrir-un-magasin-dans-ce-quartier","status":"publish","type":"post","link":"https:\/\/www.europesays.com\/fr\/133457\/","title":{"rendered":"Lidl gagne son bras de fer et pourra bien ouvrir un magasin dans ce quartier"},"content":{"rendered":"<p>            Par<br \/>\n        <strong><br \/>\n            <a href=\"https:\/\/actu.fr\/auteur\/nicolas-zaugra\" title=\"Consulter tous les articles de Nicolas Zaugra\" target=\"_blank\" rel=\"noopener\">Nicolas Zaugra<\/a><br \/>\n        <\/strong><\/p>\n<p>        Publi\u00e9 le<\/p>\n<p>            28 mai 2025 \u00e0 6h04        <\/p>\n<p><strong>INFO ACTU LYON<\/strong>. L\u2019app\u00e9tit de l\u2019enseigne allemande <strong>Lidl<\/strong> ne pla\u00eet pas \u00e0 tous ses concurrents. Malgr\u00e9 un <a href=\"https:\/\/actu.fr\/auvergne-rhone-alpes\/lyon_69123\/lyon-lidl-va-ouvrir-un-magasin-dans-ce-quartier-tres-dynamique-l-adresse-confirmee_62237013.html\" target=\"_blank\" rel=\"noopener\">avis favorable de la commission d\u00e9partementale d\u2019am\u00e9nagement commercial<\/a> obtenu \u00e0 la fin de l\u2019ann\u00e9e 2024 pour son projet d\u2019ouvrir un nouveau magasin \u00e0 <a href=\"https:\/\/actu.fr\/lyon\/\" target=\"_blank\" rel=\"noopener\">Lyon<\/a>, des recours ont \u00e9t\u00e9 d\u00e9pos\u00e9s par des concurrents situ\u00e9s \u00e0 proximit\u00e9. Cette fois, la commission nationale a aussi donn\u00e9 son feu vert \u00e0 l\u2019ouverture du supermarch\u00e9 et a d\u00e9savou\u00e9 deux concurrents.<\/p>\n<p>Auchan et Super U d\u00e9posent un recours<\/p>\n<p class=\" wall-content\">Selon nos informations, le Super U du boulevard Yves-Farge et le magasin Auchan de la rue des Girondins ont d\u00e9pos\u00e9 un recours contre l\u2019installation d\u2019un Lidl dans le quartier de <strong>Gerland<\/strong>. Lidl compte s\u2019installer au rez-de-chauss\u00e9e d\u2019un immeuble au 34 rue Pr\u00e9-Gaudry dans le tout nouveau quartier en plein d\u00e9veloppement des Girondins.<\/p>\n<p class=\" wall-content\">Une ouverture pr\u00e9vue au courant de l\u2019ann\u00e9e 2025. Le chantier \u00e9tait annonc\u00e9 pour le mois de juin. Le magasin s\u2019\u00e9tendra sur 2 025.83 m\u00b2 \u00e0 la place d\u2019une entreprise de salle de bains.\u00a0<\/p>\n<p>Lidl obtient gain de cause\u00a0<\/p>\n<p class=\" wall-content\">L\u2019avis favorable de la commission nationale donne raison \u00e0 Lidl avec plusieurs arguments : le magasin remplace une \u00ab\u00a0friche commerciale depuis mars 2023\u00a0\u00bb sans construction nouvelle, que le public sera \u00ab\u00a0principalement\u00a0\u00bb cycliste ou pi\u00e9ton et que le site est largement desservi par les transports en commun.\u00a0<\/p>\n<p class=\" wall-content\">La commission salue la suppression de places de parking, la plantation d\u2019espaces verts et l\u2019utilisation de leds dans le magasin. Elle estime aussi que le projet apportera la cr\u00e9ation de 40 emplois en CDI. Lidl pourra donc bien ouvrir son nouveau magasin des Girondins en plus de son maillage existant. L\u2019enseigne de grande distribution pr\u00e9voit aussi l\u2019ouverture en 2026 de son grand point de vente dans <a href=\"https:\/\/actu.fr\/auvergne-rhone-alpes\/lyon_69123\/lyon-lidl-va-ouvrir-un-immense-magasin-dans-le-celebre-garage-citroen_60277359.html\" target=\"_blank\" rel=\"noopener\">l\u2019ancien garage Citro\u00ebn<\/a> \u00e0 la Guilloti\u00e8re.<\/p>\n<p class=\" wall-content\">Suivez toute l\u2019actualit\u00e9 de vos villes et m\u00e9dias favoris en vous inscrivant \u00e0 <a href=\"https:\/\/moncompte.actu.fr\" title=\"D\u00e9couvez Mon Actu\" rel=\"nofollow noopener\" data-trk=\"{&quot;cta&quot;:{&quot;action&quot;:&quot;https:\\\/\\\/moncompte.actu.fr&quot;,&quot;category&quot;:&quot;mon compte&quot;,&quot;from&quot;:&quot;article footer&quot;,&quot;name&quot;:&quot;Mon actu&quot;,&quot;type&quot;:&quot;cta&quot;}}\" target=\"_blank\">Mon Actu<\/a>.<\/p>\n","protected":false},"excerpt":{"rendered":"Par Nicolas Zaugra Publi\u00e9 le 28 mai 2025 \u00e0 6h04 INFO ACTU LYON. L\u2019app\u00e9tit de l\u2019enseigne allemande Lidl&hellip;\n","protected":false},"author":2,"featured_media":133458,"comment_status":"","ping_status":"","sticky":false,"template":"","format":"standard","meta":{"footnotes":""},"categories":[1889],"tags":[1111,11,2430,33,1777,674,1011,27,5303,18542,2428,12,25],"class_list":{"0":"post-133457","1":"post","2":"type-post","3":"status-publish","4":"format-standard","5":"has-post-thumbnail","7":"category-lyon","8":"tag-actu","9":"tag-actualites","10":"tag-auvergne-rhone-alpes","11":"tag-economie","12":"tag-eu","13":"tag-europe","14":"tag-fr","15":"tag-france","16":"tag-gerland","17":"tag-lidl","18":"tag-lyon","19":"tag-news","20":"tag-republique-francaise"},"share_on_mastodon":{"url":"https:\/\/pubeurope.com\/@fr\/114583653805365821","error":""},"_links":{"self":[{"href":"https:\/\/www.europesays.com\/fr\/wp-json\/wp\/v2\/posts\/133457","targetHints":{"allow":["GET"]}}],"collection":[{"href":"https:\/\/www.europesays.com\/fr\/wp-json\/wp\/v2\/posts"}],"about":[{"href":"https:\/\/www.europesays.com\/fr\/wp-json\/wp\/v2\/types\/post"}],"author":[{"embeddable":true,"href":"https:\/\/www.europesays.com\/fr\/wp-json\/wp\/v2\/users\/2"}],"replies":[{"embeddable":true,"href":"https:\/\/www.europesays.com\/fr\/wp-json\/wp\/v2\/comments?post=133457"}],"version-history":[{"count":0,"href":"https:\/\/www.europesays.com\/fr\/wp-json\/wp\/v2\/posts\/133457\/revisions"}],"wp:featuredmedia":[{"embeddable":true,"href":"https:\/\/www.europesays.com\/fr\/wp-json\/wp\/v2\/media\/133458"}],"wp:attachment":[{"href":"https:\/\/www.europesays.com\/fr\/wp-json\/wp\/v2\/media?parent=133457"}],"wp:term":[{"taxonomy":"category","embeddable":true,"href":"https:\/\/www.europesays.com\/fr\/wp-json\/wp\/v2\/categories?post=133457"},{"taxonomy":"post_tag","embeddable":true,"href":"https:\/\/www.europesays.com\/fr\/wp-json\/wp\/v2\/tags?post=133457"}],"curies":[{"name":"wp","href":"https:\/\/api.w.org\/{rel}","templated":true}]}}