{"id":133467,"date":"2025-05-28T04:54:16","date_gmt":"2025-05-28T04:54:16","guid":{"rendered":"https:\/\/www.europesays.com\/fr\/133467\/"},"modified":"2025-05-28T04:54:16","modified_gmt":"2025-05-28T04:54:16","slug":"proprete-insecurite-surtourisme-de-marx-dormoy-a-montmartre-les-mecontents-du-xviiie-sunissent","status":"publish","type":"post","link":"https:\/\/www.europesays.com\/fr\/133467\/","title":{"rendered":"Propret\u00e9, ins\u00e9curit\u00e9, surtourisme\u2026 De Marx-Dormoy \u00e0 Montmartre, les m\u00e9contents du XVIIIe s\u2019unissent"},"content":{"rendered":"<p class=\"paragraph text_align_left\">Banderoles d\u00e9ploy\u00e9es, sifflets, percussions\u2026 Pr\u00e8s de 200 personnes r\u00e9unies devant la mairie du <a href=\"https:\/\/www.leparisien.fr\/paris-75\/paris-75018\/\" target=\"_blank\" rel=\"noreferrer nofollow noopener\">XVIIIe<\/a> ont clam\u00e9 leur col\u00e8re lundi soir contre la politique municipale. Originaires de la Chapelle, de Montmartre, de la Porte de Clignancourt et d\u2019autres quartiers de l\u2018arrondissement de <a href=\"https:\/\/www.leparisien.fr\/paris-75\/\" target=\"_blank\" rel=\"noreferrer nofollow noopener\">Paris<\/a>, ces habitants sont venus faire entendre leur voix alors que le conseil d\u2019arrondissement si\u00e9geait en ce d\u00e9but de soir\u00e9e.<\/p>\n<p class=\"paragraph text_align_left\">Au total, une dizaine d\u2019associations du XVIIIe ont r\u00e9pondu \u00e0 l\u2018appel lanc\u00e9 par <a href=\"https:\/\/www.leparisien.fr\/paris-75\/paris-le-clap-club-de-petanque-de-montmartre-en-cours-dexpulsion-de-son-terrain-historique-21-10-2024-YAV47OXZBJDRRI54NAKPIK4HH4.php\" target=\"_self\" rel=\"nofollow noopener\">le Clap<\/a>, ce club de p\u00e9tanque expuls\u00e9 de son terrain historique de l\u2018avenue Junot \u00e0 la demande de la Ville, en octobre 2024. Toutes se revendiquent \u00ab apolitiques \u00bb, \u00ab derri\u00e8re aucun parti ni affili\u00e9 au mouvement Saccage Paris \u00bb.<\/p>\n","protected":false},"excerpt":{"rendered":"Banderoles d\u00e9ploy\u00e9es, sifflets, percussions\u2026 Pr\u00e8s de 200 personnes r\u00e9unies devant la mairie du XVIIIe ont clam\u00e9 leur col\u00e8re&hellip;\n","protected":false},"author":2,"featured_media":133468,"comment_status":"","ping_status":"","sticky":false,"template":"","format":"standard","meta":{"footnotes":""},"categories":[1888],"tags":[11,1777,674,1011,27,1944,12,626,25],"class_list":{"0":"post-133467","1":"post","2":"type-post","3":"status-publish","4":"format-standard","5":"has-post-thumbnail","7":"category-paris","8":"tag-actualites","9":"tag-eu","10":"tag-europe","11":"tag-fr","12":"tag-france","13":"tag-ma-ville","14":"tag-news","15":"tag-paris","16":"tag-republique-francaise"},"share_on_mastodon":{"url":"https:\/\/pubeurope.com\/@fr\/114583677421767244","error":""},"_links":{"self":[{"href":"https:\/\/www.europesays.com\/fr\/wp-json\/wp\/v2\/posts\/133467","targetHints":{"allow":["GET"]}}],"collection":[{"href":"https:\/\/www.europesays.com\/fr\/wp-json\/wp\/v2\/posts"}],"about":[{"href":"https:\/\/www.europesays.com\/fr\/wp-json\/wp\/v2\/types\/post"}],"author":[{"embeddable":true,"href":"https:\/\/www.europesays.com\/fr\/wp-json\/wp\/v2\/users\/2"}],"replies":[{"embeddable":true,"href":"https:\/\/www.europesays.com\/fr\/wp-json\/wp\/v2\/comments?post=133467"}],"version-history":[{"count":0,"href":"https:\/\/www.europesays.com\/fr\/wp-json\/wp\/v2\/posts\/133467\/revisions"}],"wp:featuredmedia":[{"embeddable":true,"href":"https:\/\/www.europesays.com\/fr\/wp-json\/wp\/v2\/media\/133468"}],"wp:attachment":[{"href":"https:\/\/www.europesays.com\/fr\/wp-json\/wp\/v2\/media?parent=133467"}],"wp:term":[{"taxonomy":"category","embeddable":true,"href":"https:\/\/www.europesays.com\/fr\/wp-json\/wp\/v2\/categories?post=133467"},{"taxonomy":"post_tag","embeddable":true,"href":"https:\/\/www.europesays.com\/fr\/wp-json\/wp\/v2\/tags?post=133467"}],"curies":[{"name":"wp","href":"https:\/\/api.w.org\/{rel}","templated":true}]}}