{"id":133493,"date":"2025-05-28T05:11:09","date_gmt":"2025-05-28T05:11:09","guid":{"rendered":"https:\/\/www.europesays.com\/fr\/133493\/"},"modified":"2025-05-28T05:11:09","modified_gmt":"2025-05-28T05:11:09","slug":"aleix-espargaro-soutient-linterdiction-des-dispositifs-de-hauteur-de-conduite-je-lai-dit-il-y-a-trois-ans","status":"publish","type":"post","link":"https:\/\/www.europesays.com\/fr\/133493\/","title":{"rendered":"Aleix Espargar\u00f3 soutient l&rsquo;interdiction des dispositifs de hauteur de conduite : &lsquo;Je l&rsquo;ai dit il y a trois ans&rsquo;"},"content":{"rendered":"<p>Aleix Espargar\u00f3 a accueilli la nouvelle que MotoGP interdira les dispositifs de hauteur de conduite avant et arri\u00e8re \u00e0 partir de 2027, insistant sur le fait qu\u2019il n\u2019a jamais compris pourquoi ils avaient \u00e9t\u00e9 introduits en premier lieu.<\/p>\n<p>\u2018Ouais. Mais, j\u2019ai dit cela il y a trois ans. Je ne comprends pas \u00e7a. Ce n\u2019est pas le dispositif de hauteur arri\u00e8re et avant, ce n\u2019est pas, vous ne verrez jamais \u00e7a sur une moto de route. Je ne comprends pas pourquoi nous avions ces dispositifs.\u2019<\/p>\n<p>Cependant, il a reconnu qu\u2019au sein des r\u00e8gles, quelqu\u2019un avait simplement \u00e9t\u00e9 malin. \u2018J\u2019ai dit d\u00e8s le d\u00e9but, mais vous devez \u00eatre juste parce qu\u2019il n\u2019y avait rien dans le r\u00e8glement, donc quelqu\u2019un de tr\u00e8s intelligent et astucieux a d\u00e9cid\u00e9 de l\u2019ajouter sur la moto. Donc ce n\u2019est pas de sa faute.\u2019<\/p>\n<p>Malgr\u00e9 l\u2019ing\u00e9niosit\u00e9, il pense que le concept \u00e9tait d\u00e9fectueux. \u2018Donc je veux dire, c\u2019est vraiment controvers\u00e9, mais c\u2019est dangereux \u00e0 certains endroits, et ce n\u2019est pas non plus amusant pour le spectacle.\u2019<\/p>\n<p>Mais finalement, il a conclu : \u2018Mais il a \u00e9t\u00e9 intelligent, donc maintenant nous devons le respecter.\u2019<\/p>\n","protected":false},"excerpt":{"rendered":"Aleix Espargar\u00f3 a accueilli la nouvelle que MotoGP interdira les dispositifs de hauteur de conduite avant et arri\u00e8re&hellip;\n","protected":false},"author":2,"featured_media":133494,"comment_status":"","ping_status":"","sticky":false,"template":"","format":"standard","meta":{"footnotes":""},"categories":[1413],"tags":[10860,1011,27,1457,1456,1458,60],"class_list":{"0":"post-133493","1":"post","2":"type-post","3":"status-publish","4":"format-standard","5":"has-post-thumbnail","7":"category-moto","8":"tag-aleix-espargaro","9":"tag-fr","10":"tag-france","11":"tag-moto","12":"tag-motocycle","13":"tag-motogp","14":"tag-sports"},"share_on_mastodon":{"url":"","error":""},"_links":{"self":[{"href":"https:\/\/www.europesays.com\/fr\/wp-json\/wp\/v2\/posts\/133493","targetHints":{"allow":["GET"]}}],"collection":[{"href":"https:\/\/www.europesays.com\/fr\/wp-json\/wp\/v2\/posts"}],"about":[{"href":"https:\/\/www.europesays.com\/fr\/wp-json\/wp\/v2\/types\/post"}],"author":[{"embeddable":true,"href":"https:\/\/www.europesays.com\/fr\/wp-json\/wp\/v2\/users\/2"}],"replies":[{"embeddable":true,"href":"https:\/\/www.europesays.com\/fr\/wp-json\/wp\/v2\/comments?post=133493"}],"version-history":[{"count":0,"href":"https:\/\/www.europesays.com\/fr\/wp-json\/wp\/v2\/posts\/133493\/revisions"}],"wp:featuredmedia":[{"embeddable":true,"href":"https:\/\/www.europesays.com\/fr\/wp-json\/wp\/v2\/media\/133494"}],"wp:attachment":[{"href":"https:\/\/www.europesays.com\/fr\/wp-json\/wp\/v2\/media?parent=133493"}],"wp:term":[{"taxonomy":"category","embeddable":true,"href":"https:\/\/www.europesays.com\/fr\/wp-json\/wp\/v2\/categories?post=133493"},{"taxonomy":"post_tag","embeddable":true,"href":"https:\/\/www.europesays.com\/fr\/wp-json\/wp\/v2\/tags?post=133493"}],"curies":[{"name":"wp","href":"https:\/\/api.w.org\/{rel}","templated":true}]}}